{"id":588503,"date":"2023-04-04T08:25:09","date_gmt":"2023-04-04T06:25:09","guid":{"rendered":"https:\/\/www.hashtag.al\/?p=588503"},"modified":"2023-04-04T08:25:09","modified_gmt":"2023-04-04T06:25:09","slug":"finlanda-anetaresohet-sot-ne-nato-stoltenberg","status":"publish","type":"post","link":"https:\/\/www.hashtag.al\/index.php\/2023\/04\/04\/finlanda-anetaresohet-sot-ne-nato-stoltenberg\/","title":{"rendered":"Finlanda an\u00ebtar\u00ebsohet sot n\u00eb NATO \u2013 Stoltenberg","gt_translate_keys":[{"key":"rendered","format":"text"}]},"content":{"rendered":"<p><img loading=\"lazy\" decoding=\"async\" class=\"aligncenter size-full wp-image-573536\" src=\"https:\/\/www.hashtag.al\/wp-content\/uploads\/2023\/01\/stoltenberg.jpg\" alt=\"\" width=\"768\" height=\"432\" srcset=\"https:\/\/www.hashtag.al\/wp-content\/uploads\/2023\/01\/stoltenberg.jpg 768w, https:\/\/www.hashtag.al\/wp-content\/uploads\/2023\/01\/stoltenberg-300x169.jpg 300w\" sizes=\"auto, (max-width: 768px) 100vw, 768px\" \/><\/p>\n<p><span style=\"color: #000000;\">Finlanda do b\u00ebhet zyrtarisht an\u00ebtari i 31-t\u00eb i NATO-s t\u00eb mart\u00ebn, njoftoi Sekretari i P\u00ebrgjithsh\u00ebm Jens Stoltenberg n\u00eb nj\u00eb deklarat\u00eb t\u00eb h\u00ebn\u00ebn.<\/span><\/p>\n<p><span style=\"color: #000000;\"><em>\u201cKjo \u00ebsht\u00eb nj\u00eb jav\u00eb historike\u201d<\/em>, u tha Stoltenberg gazetar\u00ebve n\u00eb prag t\u00eb nj\u00eb takimi t\u00eb ministrave t\u00eb Jasht\u00ebm t\u00eb NATO-s.<\/span><\/p>\n<p><span style=\"color: #000000;\"><em>\u201cNga nes\u00ebr, Finlanda do t\u00eb jet\u00eb nj\u00eb an\u00ebtare e plot\u00eb e aleanc\u00ebs\u201d<\/em>, tha ai, duke shtuar se \u2018do t\u00eb jet\u00eb nj\u00eb dit\u00eb e mir\u00eb p\u00ebr sigurin\u00eb e Finland\u00ebs, p\u00ebr sigurin\u00eb nordike dhe p\u00ebr NATO-n n\u00eb t\u00ebr\u00ebsi\u2019.<\/span><\/p>\n<p><span style=\"color: #000000;\">Presidenti finlandez Sauli Niinisto dhe ministri i Mbrojtjes Antti Kaikkonen pritet t\u00eb marrin pjes\u00eb n\u00eb ceremonin\u00eb e pranimit n\u00eb Bruksel s\u00eb bashku me ministrin e Jasht\u00ebm Pekka Haavisto, i cili u zotua t\u00eb theksoj\u00eb mb\u00ebshtetjen e NATO-s p\u00ebr Ukrain\u00ebn gjat\u00eb takimit.<\/span><\/p>\n<p><span style=\"color: #000000;\">Masa vjen vet\u00ebm tre dit\u00eb pasi presidenti turk Rexhep Tajip Erdogan konfirmoi ratifikimin e hyrjes s\u00eb vendit nordik n\u00eb organizat\u00eb. Kjo i jep fund nj\u00eb procesi t\u00eb zgjatur pranimi q\u00eb filloi ver\u00ebn e kaluar kur Finlanda dhe Suedia braktis\u00ebn pozicionin e tyre tradicional t\u00eb asnjan\u00ebsis\u00eb dhe aplikuan p\u00ebr t&#8217;u bashkuar me NATO-n, duke p\u00ebrmendur shqet\u00ebsimet p\u00ebr agresion t\u00eb mundsh\u00ebm rus.<\/span><\/p>\n<p><span style=\"color: #000000;\">Turqia kishte kund\u00ebrshtuar kandidaturat e Helsinkit dhe Stokholmit duke p\u00ebrmendur mb\u00ebshtetjen e tyre t\u00eb supozuar t\u00eb \u2018grupeve terroriste\u2019. Megjithat\u00eb, muajin e kaluar, Erdogan vler\u00ebsoi \u2018hapat autentik\u00eb dhe konkret\u00eb\u2019 t\u00eb Finland\u00ebs p\u00ebr t\u00eb adresuar shqet\u00ebsimet e siguris\u00eb turke. Ai ende nuk ka dh\u00ebn\u00eb nj\u00eb tregues t\u00eb qart\u00eb se kur Ankaraja do ratifikoj\u00eb k\u00ebrkes\u00ebn e Suedis\u00eb p\u00ebr t&#8217;u bashkuar me bllokun.<\/span><\/p>\n<p><span style=\"color: #000000;\">Moska, nd\u00ebrkoh\u00eb, ka reaguar ndaj pranimit t\u00eb Finland\u00ebs n\u00eb NATO duke deklaruar se Rusia nuk do ket\u00eb zgjidhje tjet\u00ebr ve\u00e7se t\u00eb p\u00ebrforcoj\u00eb potencialin e saj ushtarak n\u00eb kufijt\u00eb per\u00ebndimor dhe veriper\u00ebndimor si p\u00ebrgjigje.<\/span><\/p>\n<p><span style=\"color: #000000;\"><em>\u201cN\u00eb rast se forcat dhe asetet e an\u00ebtar\u00ebve t\u00eb tjer\u00eb t\u00eb NATO-s vendosen n\u00eb Finland\u00eb, ne do nd\u00ebrmarrim hapa shtes\u00eb p\u00ebr t\u00eb garantuar n\u00eb m\u00ebnyr\u00eb t\u00eb besueshme sigurin\u00eb ushtarake t\u00eb Rusis\u00eb\u201d<\/em>, tha z\u00ebvend\u00ebsministri i Jasht\u00ebm rus Alexander Grushko t\u00eb h\u00ebn\u00ebn.<\/span><\/p>\n","protected":false,"gt_translate_keys":[{"key":"rendered","format":"html"}]},"excerpt":{"rendered":"<p>Finlanda do b\u00ebhet zyrtarisht an\u00ebtari i 31-t\u00eb i NATO-s t\u00eb mart\u00ebn, njoftoi Sekretari i P\u00ebrgjithsh\u00ebm Jens Stoltenberg n\u00eb nj\u00eb deklarat\u00eb t\u00eb h\u00ebn\u00ebn. \u201cKjo \u00ebsht\u00eb nj\u00eb jav\u00eb historike\u201d, u tha Stoltenberg gazetar\u00ebve n\u00eb prag t\u00eb nj\u00eb takimi t\u00eb ministrave t\u00eb Jasht\u00ebm t\u00eb NATO-s. \u201cNga nes\u00ebr, Finlanda do t\u00eb jet\u00eb nj\u00eb an\u00ebtare e plot\u00eb e aleanc\u00ebs\u201d, tha [&hellip;]<\/p>\n","protected":false,"gt_translate_keys":[{"key":"rendered","format":"html"}]},"author":51,"featured_media":573536,"comment_status":"closed","ping_status":"closed","sticky":false,"template":"","format":"standard","meta":{"footnotes":""},"categories":[53],"tags":[],"class_list":["post-588503","post","type-post","status-publish","format-standard","has-post-thumbnail","hentry","category-fast-foodi"],"gt_translate_keys":[{"key":"link","format":"url"}],"_links":{"self":[{"href":"https:\/\/www.hashtag.al\/index.php\/wp-json\/wp\/v2\/posts\/588503","targetHints":{"allow":["GET"]}}],"collection":[{"href":"https:\/\/www.hashtag.al\/index.php\/wp-json\/wp\/v2\/posts"}],"about":[{"href":"https:\/\/www.hashtag.al\/index.php\/wp-json\/wp\/v2\/types\/post"}],"author":[{"embeddable":true,"href":"https:\/\/www.hashtag.al\/index.php\/wp-json\/wp\/v2\/users\/51"}],"replies":[{"embeddable":true,"href":"https:\/\/www.hashtag.al\/index.php\/wp-json\/wp\/v2\/comments?post=588503"}],"version-history":[{"count":0,"href":"https:\/\/www.hashtag.al\/index.php\/wp-json\/wp\/v2\/posts\/588503\/revisions"}],"wp:featuredmedia":[{"embeddable":true,"href":"https:\/\/www.hashtag.al\/index.php\/wp-json\/wp\/v2\/media\/573536"}],"wp:attachment":[{"href":"https:\/\/www.hashtag.al\/index.php\/wp-json\/wp\/v2\/media?parent=588503"}],"wp:term":[{"taxonomy":"category","embeddable":true,"href":"https:\/\/www.hashtag.al\/index.php\/wp-json\/wp\/v2\/categories?post=588503"},{"taxonomy":"post_tag","embeddable":true,"href":"https:\/\/www.hashtag.al\/index.php\/wp-json\/wp\/v2\/tags?post=588503"}],"curies":[{"name":"wp","href":"https:\/\/api.w.org\/{rel}","templated":true}]}}