{"id":588477,"date":"2023-04-03T22:24:18","date_gmt":"2023-04-03T20:24:18","guid":{"rendered":"https:\/\/www.hashtag.al\/?p=588477"},"modified":"2023-04-03T22:24:18","modified_gmt":"2023-04-03T20:24:18","slug":"psg-pritet-te-largoje-galtier-ne-fund-te-sezonit-ne-kerkim-te-trajnerit-te-ri","status":"publish","type":"post","link":"https:\/\/www.hashtag.al\/index.php\/2023\/04\/03\/psg-pritet-te-largoje-galtier-ne-fund-te-sezonit-ne-kerkim-te-trajnerit-te-ri\/","title":{"rendered":"PSG pritet t\u00eb largoj\u00eb Galtier n\u00eb fund t\u00eb sezonit, n\u00eb k\u00ebrkim t\u00eb trajnerit t\u00eb ri","gt_translate_keys":[{"key":"rendered","format":"text"}]},"content":{"rendered":"<p><span style=\"color: #000000;\"><a style=\"color: #000000;\" href=\"https:\/\/www.hashtag.al\/wp-content\/uploads\/2023\/04\/Christophe-Galtier.jpg\"><img loading=\"lazy\" decoding=\"async\" class=\"aligncenter size-full wp-image-588478\" src=\"https:\/\/www.hashtag.al\/wp-content\/uploads\/2023\/04\/Christophe-Galtier.jpg\" alt=\"\" width=\"1320\" height=\"743\" srcset=\"https:\/\/www.hashtag.al\/wp-content\/uploads\/2023\/04\/Christophe-Galtier.jpg 1320w, https:\/\/www.hashtag.al\/wp-content\/uploads\/2023\/04\/Christophe-Galtier-300x169.jpg 300w, https:\/\/www.hashtag.al\/wp-content\/uploads\/2023\/04\/Christophe-Galtier-1024x576.jpg 1024w, https:\/\/www.hashtag.al\/wp-content\/uploads\/2023\/04\/Christophe-Galtier-768x432.jpg 768w\" sizes=\"auto, (max-width: 1320px) 100vw, 1320px\" \/><\/a><\/span><\/p>\n<p><span style=\"color: #000000;\">Paris Saint-Germaini raportohet se do t\u00eb marr\u00eb nj\u00eb vendim p\u00ebrfundimtar n\u00eb dit\u00ebt n\u00eb vijim p\u00ebr t\u00eb ardhmen e Christophe Galtier.<\/span><\/p>\n<p><span style=\"color: #000000;\">Vendimi pritet q\u00eb t\u00eb jet\u00eb p\u00ebr nd\u00ebrprerjen e bashk\u00ebpunimit me t\u00eb, pas p\u00ebrfundimit t\u00eb sezonit aktual.<\/span><\/p>\n<p><span style=\"color: #000000;\">Sipas \u201cLe Parisien\u201d, nuk ka gjasa q\u00eb Galtier t\u00eb q\u00ebndroj\u00eb n\u00eb \u201cParc des Princes\u201d edhe sezonin e ardhsh\u00ebm.<\/span><\/p>\n<p><span style=\"color: #000000;\">Tutje, mediumi francez ka shkruar se krer\u00ebt e klubit parisien kan\u00eb nisur k\u00ebrkimet p\u00ebr z\u00ebvend\u00ebsuesin e 52-vje\u00e7arit.<\/span><\/p>\n<p><span style=\"color: #000000;\">PSG-ja regjistroi nj\u00eb tjet\u00ebr d\u00ebshtim n\u00eb garat evropiane, pasi u eliminua her\u00ebt nga Liga e Kampion\u00ebve.<\/span><\/p>\n<p><span style=\"color: #000000;\">Klubi nga kryeqyteti francez u eliminua edhe nga Kupa e Franc\u00ebs, teksa \u00ebsht\u00eb vet\u00ebm n\u00eb gar\u00eb p\u00ebr t\u00eb mbrojtur titullin n\u00eb Ligue 1.<\/span><\/p>\n<p><span style=\"color: #000000;\">Vlen t\u00eb theksohet se Galtier ka kontrat\u00eb t\u00eb vlefshme me PSG-n\u00eb deri n\u00eb ver\u00ebn e vitit t\u00eb ardhsh\u00ebm.<\/span><\/p>\n","protected":false,"gt_translate_keys":[{"key":"rendered","format":"html"}]},"excerpt":{"rendered":"<p>Paris Saint-Germaini raportohet se do t\u00eb marr\u00eb nj\u00eb vendim p\u00ebrfundimtar n\u00eb dit\u00ebt n\u00eb vijim p\u00ebr t\u00eb ardhmen e Christophe Galtier. Vendimi pritet q\u00eb t\u00eb jet\u00eb p\u00ebr nd\u00ebrprerjen e bashk\u00ebpunimit me t\u00eb, pas p\u00ebrfundimit t\u00eb sezonit aktual. Sipas \u201cLe Parisien\u201d, nuk ka gjasa q\u00eb Galtier t\u00eb q\u00ebndroj\u00eb n\u00eb \u201cParc des Princes\u201d edhe sezonin e ardhsh\u00ebm. Tutje, [&hellip;]<\/p>\n","protected":false,"gt_translate_keys":[{"key":"rendered","format":"html"}]},"author":32,"featured_media":588478,"comment_status":"closed","ping_status":"closed","sticky":false,"template":"","format":"standard","meta":{"footnotes":""},"categories":[134,13],"tags":[],"class_list":["post-588477","post","type-post","status-publish","format-standard","has-post-thumbnail","hentry","category-sport","category-te-fundit"],"gt_translate_keys":[{"key":"link","format":"url"}],"_links":{"self":[{"href":"https:\/\/www.hashtag.al\/index.php\/wp-json\/wp\/v2\/posts\/588477","targetHints":{"allow":["GET"]}}],"collection":[{"href":"https:\/\/www.hashtag.al\/index.php\/wp-json\/wp\/v2\/posts"}],"about":[{"href":"https:\/\/www.hashtag.al\/index.php\/wp-json\/wp\/v2\/types\/post"}],"author":[{"embeddable":true,"href":"https:\/\/www.hashtag.al\/index.php\/wp-json\/wp\/v2\/users\/32"}],"replies":[{"embeddable":true,"href":"https:\/\/www.hashtag.al\/index.php\/wp-json\/wp\/v2\/comments?post=588477"}],"version-history":[{"count":0,"href":"https:\/\/www.hashtag.al\/index.php\/wp-json\/wp\/v2\/posts\/588477\/revisions"}],"wp:featuredmedia":[{"embeddable":true,"href":"https:\/\/www.hashtag.al\/index.php\/wp-json\/wp\/v2\/media\/588478"}],"wp:attachment":[{"href":"https:\/\/www.hashtag.al\/index.php\/wp-json\/wp\/v2\/media?parent=588477"}],"wp:term":[{"taxonomy":"category","embeddable":true,"href":"https:\/\/www.hashtag.al\/index.php\/wp-json\/wp\/v2\/categories?post=588477"},{"taxonomy":"post_tag","embeddable":true,"href":"https:\/\/www.hashtag.al\/index.php\/wp-json\/wp\/v2\/tags?post=588477"}],"curies":[{"name":"wp","href":"https:\/\/api.w.org\/{rel}","templated":true}]}}