{"id":588466,"date":"2023-04-03T19:55:52","date_gmt":"2023-04-03T17:55:52","guid":{"rendered":"https:\/\/www.hashtag.al\/?p=588466"},"modified":"2023-04-03T19:55:52","modified_gmt":"2023-04-03T17:55:52","slug":"meta-nga-durresi-me-14-maj-do-i-jepet-fund-modelit-te-betonizimit","status":"publish","type":"post","link":"https:\/\/www.hashtag.al\/index.php\/2023\/04\/03\/meta-nga-durresi-me-14-maj-do-i-jepet-fund-modelit-te-betonizimit\/","title":{"rendered":"Meta nga Durr\u00ebsi: M\u00eb 14 maj do i jepet fund modelit t\u00eb betonizimit","gt_translate_keys":[{"key":"rendered","format":"text"}]},"content":{"rendered":"<p><span style=\"color: #000000;\"><a style=\"color: #000000;\" href=\"https:\/\/www.hashtag.al\/wp-content\/uploads\/2023\/04\/ilir-meta2.jpg\"><img loading=\"lazy\" decoding=\"async\" class=\"aligncenter size-full wp-image-588467\" src=\"https:\/\/www.hashtag.al\/wp-content\/uploads\/2023\/04\/ilir-meta2.jpg\" alt=\"\" width=\"913\" height=\"571\" srcset=\"https:\/\/www.hashtag.al\/wp-content\/uploads\/2023\/04\/ilir-meta2.jpg 913w, https:\/\/www.hashtag.al\/wp-content\/uploads\/2023\/04\/ilir-meta2-300x188.jpg 300w, https:\/\/www.hashtag.al\/wp-content\/uploads\/2023\/04\/ilir-meta2-768x480.jpg 768w\" sizes=\"auto, (max-width: 913px) 100vw, 913px\" \/><\/a><\/span><\/p>\n<p><span style=\"color: #000000;\">Kryetari i Partis\u00eb s\u00eb Liris\u00eb, Ilir Meta deklaroi n\u00eb nj\u00eb bashk\u00ebbisedim me gazetar\u00ebt s\u00eb bashku me kandidat\u00ebt p\u00ebr k\u00ebshilltar\u00eb n\u00eb Bashkin\u00eb e Durr\u00ebsit m\u00eb 14 maj do i jepet fund modelit t\u00eb betonizimit.<\/span><\/p>\n<p><span style=\"color: #000000;\">Meta tha se modeli i ndjekur nga kjo qeveri ka betonizuar Durr\u00ebsin.<\/span><\/p>\n<p><span style=\"color: #000000;\">Kreu i PL-s\u00eb theksoi se betoni kriminal ka guxuar t\u00eb vras\u00eb trash\u00ebgimin\u00eb historike.<\/span><\/p>\n<p><span style=\"color: #000000;\">\u201c<em>Do t\u2019i japim fund modelit t\u00eb bashkis\u00eb si beton kriminal q\u00eb nisi n\u00eb Tiran\u00ebn e para 20 vitesh me Edi Ram\u00ebs, ku u konsolidua jo vet\u00ebm n\u00eb Tiran\u00eb por edhe n\u00eb Durr\u00ebs. \u00cbsht\u00eb beton kriminal pasi ka guxuar t\u00eb vras\u00eb trash\u00ebgimin\u00eb historike. N\u00eb Berat isha dje dhe u shokova nga nj\u00eb most\u00ebr betoni. Qyteti mbrohet nga UNESCO, por jo nga shteti. Besoj se vet\u00ebm ne do i japim fund modelit t\u00eb betonit q\u00eb vret interesin publik, asgj\u00ebson fushat sportive, objektet social kulturor p\u00ebr q\u00ebllim korrupsion. Un\u00eb jam besimplot\u00eb p\u00ebr fitoren e kandidatit ton\u00eb, Igli Cara.<\/em><\/span><\/p>\n<p><span style=\"color: #000000;\"><em>Nj\u00ebkoh\u00ebsisht jam besimplot\u00eb se fitorja bind\u00ebse e list\u00ebs son\u00eb \u201cBashk\u00eb Fitojm\u00eb\u201d m\u00eb 14 maj do t\u00eb jen\u00eb nj\u00eb mb\u00ebshtetje e madhe p\u00ebr Igli Car\u00ebn dhe nj\u00eb garanci se modeli do t\u00eb jet\u00eb ndryshe. Shohim nj\u00eb p\u00ebrfaq\u00ebsim si kurr\u00eb m\u00eb par\u00eb t\u00eb shoqatave p\u00ebr t\u00eb mbrojtur hap\u00ebsirat dhe interesat publike. Qytetar\u00ebt t\u00eb Durr\u00ebsit t\u00eb mb\u00ebshtesin fuqimisht Igli Car\u00ebn dhe list\u00ebn p\u00ebr K\u00ebshillin Bashkiak t\u00eb koalicionit \u201cBashk\u00eb Fitojm\u00eb\u201d<\/em>\u201d, tha Meta.<\/span><\/p>\n","protected":false,"gt_translate_keys":[{"key":"rendered","format":"html"}]},"excerpt":{"rendered":"<p>Kryetari i Partis\u00eb s\u00eb Liris\u00eb, Ilir Meta deklaroi n\u00eb nj\u00eb bashk\u00ebbisedim me gazetar\u00ebt s\u00eb bashku me kandidat\u00ebt p\u00ebr k\u00ebshilltar\u00eb n\u00eb Bashkin\u00eb e Durr\u00ebsit m\u00eb 14 maj do i jepet fund modelit t\u00eb betonizimit. Meta tha se modeli i ndjekur nga kjo qeveri ka betonizuar Durr\u00ebsin. Kreu i PL-s\u00eb theksoi se betoni kriminal ka guxuar t\u00eb [&hellip;]<\/p>\n","protected":false,"gt_translate_keys":[{"key":"rendered","format":"html"}]},"author":32,"featured_media":588467,"comment_status":"closed","ping_status":"closed","sticky":false,"template":"","format":"standard","meta":{"footnotes":""},"categories":[65,13],"tags":[],"class_list":["post-588466","post","type-post","status-publish","format-standard","has-post-thumbnail","hentry","category-lajme","category-te-fundit"],"gt_translate_keys":[{"key":"link","format":"url"}],"_links":{"self":[{"href":"https:\/\/www.hashtag.al\/index.php\/wp-json\/wp\/v2\/posts\/588466","targetHints":{"allow":["GET"]}}],"collection":[{"href":"https:\/\/www.hashtag.al\/index.php\/wp-json\/wp\/v2\/posts"}],"about":[{"href":"https:\/\/www.hashtag.al\/index.php\/wp-json\/wp\/v2\/types\/post"}],"author":[{"embeddable":true,"href":"https:\/\/www.hashtag.al\/index.php\/wp-json\/wp\/v2\/users\/32"}],"replies":[{"embeddable":true,"href":"https:\/\/www.hashtag.al\/index.php\/wp-json\/wp\/v2\/comments?post=588466"}],"version-history":[{"count":0,"href":"https:\/\/www.hashtag.al\/index.php\/wp-json\/wp\/v2\/posts\/588466\/revisions"}],"wp:featuredmedia":[{"embeddable":true,"href":"https:\/\/www.hashtag.al\/index.php\/wp-json\/wp\/v2\/media\/588467"}],"wp:attachment":[{"href":"https:\/\/www.hashtag.al\/index.php\/wp-json\/wp\/v2\/media?parent=588466"}],"wp:term":[{"taxonomy":"category","embeddable":true,"href":"https:\/\/www.hashtag.al\/index.php\/wp-json\/wp\/v2\/categories?post=588466"},{"taxonomy":"post_tag","embeddable":true,"href":"https:\/\/www.hashtag.al\/index.php\/wp-json\/wp\/v2\/tags?post=588466"}],"curies":[{"name":"wp","href":"https:\/\/api.w.org\/{rel}","templated":true}]}}