{"id":588456,"date":"2023-04-03T18:21:06","date_gmt":"2023-04-03T16:21:06","guid":{"rendered":"https:\/\/www.hashtag.al\/?p=588456"},"modified":"2023-04-03T18:21:06","modified_gmt":"2023-04-03T16:21:06","slug":"rama-dhe-berisha-me-podcast-a-do-perballen-me-njeri-tjetrin","status":"publish","type":"post","link":"https:\/\/www.hashtag.al\/index.php\/2023\/04\/03\/rama-dhe-berisha-me-podcast-a-do-perballen-me-njeri-tjetrin\/","title":{"rendered":"Rama dhe Berisha me Podcast, a do p\u00ebrballen me nj\u00ebri-tjetrin?","gt_translate_keys":[{"key":"rendered","format":"text"}]},"content":{"rendered":"<p><span style=\"color: #000000;\"><a style=\"color: #000000;\" href=\"https:\/\/www.hashtag.al\/wp-content\/uploads\/2023\/04\/rama-berisha-podcast.jpg\"><img loading=\"lazy\" decoding=\"async\" class=\"aligncenter size-full wp-image-588457\" src=\"https:\/\/www.hashtag.al\/wp-content\/uploads\/2023\/04\/rama-berisha-podcast.jpg\" alt=\"\" width=\"2096\" height=\"1000\" srcset=\"https:\/\/www.hashtag.al\/wp-content\/uploads\/2023\/04\/rama-berisha-podcast.jpg 2096w, https:\/\/www.hashtag.al\/wp-content\/uploads\/2023\/04\/rama-berisha-podcast-300x143.jpg 300w, https:\/\/www.hashtag.al\/wp-content\/uploads\/2023\/04\/rama-berisha-podcast-1024x489.jpg 1024w, https:\/\/www.hashtag.al\/wp-content\/uploads\/2023\/04\/rama-berisha-podcast-768x366.jpg 768w, https:\/\/www.hashtag.al\/wp-content\/uploads\/2023\/04\/rama-berisha-podcast-1536x733.jpg 1536w, https:\/\/www.hashtag.al\/wp-content\/uploads\/2023\/04\/rama-berisha-podcast-2048x977.jpg 2048w\" sizes=\"auto, (max-width: 2096px) 100vw, 2096px\" \/><\/a><\/span><\/p>\n<p><span style=\"color: #000000;\">Kryeministri Edi Rama shpalosi dit\u00ebn e sotme nj\u00eb hap\u00ebsir\u00eb t\u00eb re komunikimi me publikun n\u00ebp\u00ebrmjet Podcastit \u201cFlasim\u201d.<\/span><\/p>\n<p><span style=\"color: #000000;\">Ai gjat\u00eb videos shpjeguese tha se do \u201cflas\u00eb\u201d me t\u00eb me personazhe t\u00eb sken\u00ebs publike shqiptar\u00eb e t\u00eb huaj miq\u00ebsor\u00eb apo jo si dhe me kund\u00ebrshtar\u00eb t\u00eb tij n\u00ebse e pranojn\u00eb ftes\u00ebn.<\/span><\/p>\n<p><span style=\"color: #000000;\">\u201c<em>Flasim, \u00ebsht\u00eb nj\u00eb eksperienc\u00eb e re p\u00ebr mua dhe ju. Flasim \u00ebsht\u00eb Podcasti im, i menduar p\u00ebr t\u00eb folur lirsh\u00ebm, n\u00eb pranin\u00eb tuaj, me njer\u00ebz t\u00eb njohur, a t\u00eb panjohur. Me personazhe t\u00eb sken\u00ebs publike, politik\u00ebs, artit, kultur\u00ebs, medias. Shqiptar\u00eb t\u00eb huaj miq\u00ebsor\u00eb apo jo ndaj meje, por edhe protagonist\u00eb t\u00eb tjer\u00eb shqiptar\u00eb, aty ku nuk hyn\u00eb syt\u00eb e v\u00ebmendjes publike. Madje edhe kund\u00ebrshtar\u00eb, pse jo, n\u00ebse pranojn\u00eb ndonj\u00ebher\u00eb ftes\u00ebn. Kjo \u00ebsht\u00eb d\u00ebshira. Flasim<\/em>\u201d-thot\u00eb Rama.<\/span><\/p>\n<p><span style=\"color: #000000;\">Disa or\u00eb pas tij, edhe Sali Berisha tha se do b\u00ebj\u00eb podcast madje e ka pasur k\u00ebt\u00eb mjet n\u00eb \u201csirtarin e tij digjital\u201d duke e quajtur Ram\u00ebn disa hapa pas tij.<\/span><\/p>\n<p><span style=\"color: #000000;\">Madje Berisha tha se \u00ebsht\u00eb i gatsh\u00ebm t\u00eb p\u00ebballet me Ram\u00ebn n\u00eb podcastin e tij ose t\u00eb kryeministrit.<\/span><\/p>\n<p><span style=\"color: #000000;\">\u201c<em>T\u00eb dashur miq t\u00eb komunitetit t\u00eb madh t\u00eb rrjeteve sociale Facebook, Instagram dhe Tik Tok. Q\u00eb prej dhjetorit, kam n\u00eb \u2018sirtarin\u2019 tim dixhital t\u00eb komunikimit me ju, edhe podcast-in tim t\u00eb p\u00ebrjavsh\u00ebm. Ngjarjet e kan\u00eb shtyr\u00eb k\u00ebt\u00eb takim t\u00eb ri me ju n\u00eb nj\u00eb format tjet\u00ebr, por duke filluar nga sot do t\u00eb shihemi edhe n\u00eb k\u00ebt\u00eb dritare t\u00eb re.<\/em><\/span><\/p>\n<p><span style=\"color: #000000;\"><em>Mora vesh se edhe Edi Rama do ket\u00eb podcast. Si gjithmon\u00eb disa hapa pas meje, por ju e dini se un\u00eb kam nj\u00eb pasion t\u00eb ve\u00e7ant\u00eb p\u00ebr teknologjin\u00eb dhe risit\u00eb e saj.<\/em><\/span><\/p>\n<p><span style=\"color: #000000;\"><em>Kam menduar q\u00eb komunikimi me ju n\u00eb podcast t\u00eb p\u00ebrqendrohet kryesisht n\u00eb \u00e7\u00ebshtje jo politike, n\u00eb Sali Berishen qe ju nuk e keni njohur dhe k\u00ebt\u00eb e provon edhe ky episod i par\u00eb, i regjistruar n\u00eb dhjetorin e kaluar.<\/em><\/span><\/p>\n<p><span style=\"color: #000000;\"><em>Meq\u00eb Rama paska th\u00ebn\u00eb se \u00ebsht\u00eb gati q\u00eb t\u00eb debatoj\u00eb edhe me kund\u00ebrshtarin politik, nj\u00eb ftes\u00eb q\u00eb un\u00eb ja kam b\u00ebr\u00eb prej koh\u00ebsh n\u00eb studiot televizive, ia p\u00ebrs\u00ebris tani publikisht, q\u00eb ta b\u00ebjm\u00eb debatin t\u00eb cilit ai i shmanget. Ku t\u00eb doj\u00eb ai, n\u00eb podcast-in tim apo t\u00eb tijin.<\/em><\/span><\/p>\n<p><span style=\"color: #000000;\"><em>Mendoj se politikan\u00ebt duhet t\u00eb ballafaqojn\u00eb pik\u00ebpamjet e tyre. Uroj t\u00eb gjej\u00eb kurajo dhe t\u00eb pranoj\u00eb ftes\u00ebn time<\/em>\u201d-shkruan Berisha.<\/span><\/p>\n","protected":false,"gt_translate_keys":[{"key":"rendered","format":"html"}]},"excerpt":{"rendered":"<p>Kryeministri Edi Rama shpalosi dit\u00ebn e sotme nj\u00eb hap\u00ebsir\u00eb t\u00eb re komunikimi me publikun n\u00ebp\u00ebrmjet Podcastit \u201cFlasim\u201d. Ai gjat\u00eb videos shpjeguese tha se do \u201cflas\u00eb\u201d me t\u00eb me personazhe t\u00eb sken\u00ebs publike shqiptar\u00eb e t\u00eb huaj miq\u00ebsor\u00eb apo jo si dhe me kund\u00ebrshtar\u00eb t\u00eb tij n\u00ebse e pranojn\u00eb ftes\u00ebn. \u201cFlasim, \u00ebsht\u00eb nj\u00eb eksperienc\u00eb e re [&hellip;]<\/p>\n","protected":false,"gt_translate_keys":[{"key":"rendered","format":"html"}]},"author":32,"featured_media":588457,"comment_status":"closed","ping_status":"closed","sticky":false,"template":"","format":"standard","meta":{"footnotes":""},"categories":[53,13],"tags":[],"class_list":["post-588456","post","type-post","status-publish","format-standard","has-post-thumbnail","hentry","category-fast-foodi","category-te-fundit"],"gt_translate_keys":[{"key":"link","format":"url"}],"_links":{"self":[{"href":"https:\/\/www.hashtag.al\/index.php\/wp-json\/wp\/v2\/posts\/588456","targetHints":{"allow":["GET"]}}],"collection":[{"href":"https:\/\/www.hashtag.al\/index.php\/wp-json\/wp\/v2\/posts"}],"about":[{"href":"https:\/\/www.hashtag.al\/index.php\/wp-json\/wp\/v2\/types\/post"}],"author":[{"embeddable":true,"href":"https:\/\/www.hashtag.al\/index.php\/wp-json\/wp\/v2\/users\/32"}],"replies":[{"embeddable":true,"href":"https:\/\/www.hashtag.al\/index.php\/wp-json\/wp\/v2\/comments?post=588456"}],"version-history":[{"count":0,"href":"https:\/\/www.hashtag.al\/index.php\/wp-json\/wp\/v2\/posts\/588456\/revisions"}],"wp:featuredmedia":[{"embeddable":true,"href":"https:\/\/www.hashtag.al\/index.php\/wp-json\/wp\/v2\/media\/588457"}],"wp:attachment":[{"href":"https:\/\/www.hashtag.al\/index.php\/wp-json\/wp\/v2\/media?parent=588456"}],"wp:term":[{"taxonomy":"category","embeddable":true,"href":"https:\/\/www.hashtag.al\/index.php\/wp-json\/wp\/v2\/categories?post=588456"},{"taxonomy":"post_tag","embeddable":true,"href":"https:\/\/www.hashtag.al\/index.php\/wp-json\/wp\/v2\/tags?post=588456"}],"curies":[{"name":"wp","href":"https:\/\/api.w.org\/{rel}","templated":true}]}}