{"id":588279,"date":"2023-04-02T20:53:45","date_gmt":"2023-04-02T18:53:45","guid":{"rendered":"https:\/\/www.hashtag.al\/?p=588279"},"modified":"2023-04-02T20:55:34","modified_gmt":"2023-04-02T18:55:34","slug":"inceneratori-i-tiranes-godet-kellicin-ka-shpifur-ne-menyre-ordinere-askush-nuk-erdhi-te-pyeste","status":"publish","type":"post","link":"https:\/\/www.hashtag.al\/index.php\/2023\/04\/02\/inceneratori-i-tiranes-godet-kellicin-ka-shpifur-ne-menyre-ordinere-askush-nuk-erdhi-te-pyeste\/","title":{"rendered":"Inceneratori i Tiran\u00ebs godet K\u00eblli\u00e7in: Ka shpifur n\u00eb m\u00ebnyr\u00eb ordinere, askush nuk erdhi t\u00eb pyeste","gt_translate_keys":[{"key":"rendered","format":"text"}]},"content":{"rendered":"<p><span style=\"color: #000000;\"><a style=\"color: #000000;\" href=\"https:\/\/www.hashtag.al\/wp-content\/uploads\/2023\/04\/WhatsApp-Image-2023-04-02-at-13.40.34-768x512-1.jpeg\"><img loading=\"lazy\" decoding=\"async\" class=\"aligncenter size-full wp-image-588223\" src=\"https:\/\/www.hashtag.al\/wp-content\/uploads\/2023\/04\/WhatsApp-Image-2023-04-02-at-13.40.34-768x512-1.jpeg\" alt=\"\" width=\"768\" height=\"512\" srcset=\"https:\/\/www.hashtag.al\/wp-content\/uploads\/2023\/04\/WhatsApp-Image-2023-04-02-at-13.40.34-768x512-1.jpeg 768w, https:\/\/www.hashtag.al\/wp-content\/uploads\/2023\/04\/WhatsApp-Image-2023-04-02-at-13.40.34-768x512-1-300x200.jpeg 300w\" sizes=\"auto, (max-width: 768px) 100vw, 768px\" \/><\/a><\/span><\/p>\n<p><span style=\"color: #000000;\">Kompania koncesionare e inceneratorit t\u00eb Tiran\u00ebs (IEBV) ka reaguar ndaj kandidatit t\u00eb opozit\u00ebs Belind K\u00eblli\u00e7i mbi deklaratat se bazuara n\u00eb d\u00ebshmin\u00eb e nj\u00eb shtetasi italian se impianti i djegies s\u00eb mbeturinave \u00ebsht\u00eb porositur i p\u00ebrdorur n\u00eb Rumani.<\/span><\/p>\n<p><span style=\"color: #000000;\">Kompania i cil\u00ebson shpifje deklaratat e K\u00eblli\u00e7it duke shpjeguar se asnj\u00eb nuk i ka pyetur n\u00ebse aludimi se \u00ebsht\u00eb porositur impianti i p\u00ebrdorur n\u00eb Rumani \u00ebsht\u00eb i v\u00ebrtet\u00eb apo jo.<\/span><\/p>\n<p><span style=\"color: #000000;\">Koncesionari sqaron m\u00eb tej se nuk ka asnj\u00eb porosi t\u00eb till\u00eb n\u00eb Rumani dhe nuk ka hyr\u00eb n\u00eb nj\u00eb transaksion t\u00eb till\u00eb.<\/span><\/p>\n<p><span style=\"color: #000000;\"><strong>Deklarata e plot\u00eb:<\/strong><\/span><\/p>\n<p><span style=\"color: #000000;\">Koncesionari IEBV reagon pas deklarat\u00ebs s\u00eb Belind K\u00eblli\u00e7it: E turpshme sesi mund t\u00eb mashtroj\u00eb nj\u00eb politikan n\u00eb k\u00ebt\u00eb m\u00ebnyr\u00eb!<\/span><\/p>\n<p><span style=\"color: #000000;\">Koncesionari i Impiantit t\u00eb P\u00ebrpunimit t\u00eb Mbetjeve n\u00eb landfillin e Tiran\u00ebs, e cil\u00ebson t\u00eb turpshme dhe shpifje totale deklarat\u00ebn publike t\u00eb politikanit Belind K\u00eblli\u00e7i.<\/span><\/p>\n<p><span style=\"color: #000000;\">N\u00eb m\u00ebnyr\u00eb t\u00eb fsheht\u00eb, duke shfryt\u00ebzuar dit\u00ebn e diel\u00eb, K\u00eblli\u00e7i u shfaq me nj\u00eb poltron jo n\u00eb hyrje t\u00eb landfillit, por n\u00eb nj\u00eb cep t\u00eb saj. Koncesionari i b\u00ebn thirrje K\u00eblli\u00e7it q\u00eb t\u00eb mos fshihet p\u00ebr t\u00eb dh\u00ebn\u00eb deklarata, por t\u00eb paraqitet n\u00eb ambjentet e landfillit dhe do t\u00eb marr\u00eb p\u00ebrgjigje p\u00ebr \u00e7do akuz\u00eb q\u00eb ai ngre.<\/span><\/p>\n<p><span style=\"color: #000000;\">Punonj\u00ebs t\u00eb specializuar n\u00eb \u00e7do sektor, do t\u00eb ndihmojn\u00eb K\u00eblli\u00e7in q\u00eb t\u00eb kuptoj\u00eb proceset dhe se \u00e7far\u00eb realisht po ndodh n\u00eb Impiantin e P\u00ebrpunimit t\u00eb Mbetjeve n\u00eb Tiran\u00eb.<\/span><\/p>\n<p><span style=\"color: #000000;\">Belind K\u00eblli\u00e7i doli sot p\u00ebr t\u00eb rip\u00ebrs\u00ebritur nj\u00eb shpifje t\u00eb nj\u00eb shtetasi italian, i akuzuar p\u00ebr mashtrim dhe n\u00eb k\u00ebrkim nga drejt\u00ebsia italiane.<\/span><\/p>\n<p><span style=\"color: #000000;\">N\u00eb m\u00ebnyr\u00eb tep\u00ebr t\u00eb ul\u00ebt, pa asnj\u00eb baz\u00eb, pa asnj\u00eb prov\u00eb, pa asnj\u00eb dokument apo material, pa asnj\u00eb foto apo video, K\u00eblli\u00e7i deklaroi se koncesionari i Tiran\u00ebs do t\u00eb blej\u00eb incenetator t\u00eb p\u00ebrdorur nga Rumania.<\/span><\/p>\n<p><span style=\"color: #000000;\">Kjo jo vet\u00ebm q\u00eb \u00ebsht\u00eb nj\u00eb shpifje e madhe, por koncesionari IEBV, i sqaron publikut se asnj\u00eb nga p\u00ebrfaq\u00ebsuesit e saj apo dhe bashk\u00ebpuntor\u00ebt, nuk ka diskutuar kurr\u00eb p\u00ebr trajtimin e mbetjeve me d\u00ebshmitarin tek emisionin \u201cinvestigativ\u201d Piranja.<\/span><\/p>\n<p><span style=\"color: #000000;\">As ky emision por edhe kandidati p\u00ebr Bashkin\u00eb e Tiran\u00ebs, nuk kan\u00eb k\u00ebrkuar nj\u00eb reagim apo sqarim nga shoq\u00ebria koncesionare, p\u00ebr t\u00eb th\u00ebn\u00eb t\u00eb v\u00ebrtet\u00ebn p\u00ebrpara publikut shqiptar.<\/span><\/p>\n<p><span style=\"color: #000000;\">Koncesionari sqaron s\u00eb kurr\u00eb nuk ka negociuar n\u00eb Rumani p\u00ebr blerje inceneratori dhe p\u00ebr k\u00ebt\u00eb mban p\u00ebrgjegj\u00ebsi para publikut, n\u00eb qoft\u00eb se del nj\u00eb fakt i kund\u00ebrt me deklarat\u00ebn e sotme.<\/span><\/p>\n<p><span style=\"color: #000000;\">Kjo form\u00eb e baltosjes pa prova, e sajesave me d\u00ebshmitar fiktiv e mashtrues italian, vijon prej muajsh nga Partia e Liris\u00eb dhe po trash\u00ebgohet nga pinjolli i ri i k\u00ebsaj force politike, Belind K\u00eblli\u00e7i.<\/span><\/p>\n<p><span style=\"color: #000000;\">I b\u00ebjm\u00eb thirrje organeve ligjzbatuese dhe ve\u00e7an\u00ebrisht SPAK q\u00eb t\u00eb hetoj\u00eb deklarat\u00ebn e mashtruesit italian, por gjithashtu t\u00eb hetoj\u00eb shantazhin e politikan\u00ebve si K\u00eblli\u00e7i, Kryemadhi dhe mediave q\u00eb financojn\u00eb p\u00ebr shpifje t\u00eb llojeve t\u00eb ndryshme.<\/span><\/p>\n<p><span style=\"color: #000000;\"><strong>Deklarata e K\u00eblli\u00e7it:<\/strong><\/span><\/p>\n<div style=\"width: 888px;\" class=\"wp-video\"><video class=\"wp-video-shortcode\" id=\"video-588279-1\" width=\"888\" height=\"520\" preload=\"metadata\" controls=\"controls\"><source type=\"video\/mp4\" src=\"https:\/\/www.hashtag.al\/wp-content\/uploads\/2023\/04\/338931557_775927497280948_1503845971778036450_n.mp4?_=1\" \/><a href=\"https:\/\/www.hashtag.al\/wp-content\/uploads\/2023\/04\/338931557_775927497280948_1503845971778036450_n.mp4\">https:\/\/www.hashtag.al\/wp-content\/uploads\/2023\/04\/338931557_775927497280948_1503845971778036450_n.mp4<\/a><\/video><\/div>\n","protected":false,"gt_translate_keys":[{"key":"rendered","format":"html"}]},"excerpt":{"rendered":"<p>Kompania koncesionare e inceneratorit t\u00eb Tiran\u00ebs (IEBV) ka reaguar ndaj kandidatit t\u00eb opozit\u00ebs Belind K\u00eblli\u00e7i mbi deklaratat se bazuara n\u00eb d\u00ebshmin\u00eb e nj\u00eb shtetasi italian se impianti i djegies s\u00eb mbeturinave \u00ebsht\u00eb porositur i p\u00ebrdorur n\u00eb Rumani. Kompania i cil\u00ebson shpifje deklaratat e K\u00eblli\u00e7it duke shpjeguar se asnj\u00eb nuk i ka pyetur n\u00ebse aludimi se [&hellip;]<\/p>\n","protected":false,"gt_translate_keys":[{"key":"rendered","format":"html"}]},"author":32,"featured_media":588223,"comment_status":"closed","ping_status":"closed","sticky":false,"template":"","format":"standard","meta":{"footnotes":""},"categories":[22,65,13],"tags":[716,652,714,715],"class_list":["post-588279","post","type-post","status-publish","format-standard","has-post-thumbnail","hentry","category-ballina","category-lajme","category-te-fundit","tag-impiant","tag-inceneratori","tag-kellici","tag-rumani"],"gt_translate_keys":[{"key":"link","format":"url"}],"_links":{"self":[{"href":"https:\/\/www.hashtag.al\/index.php\/wp-json\/wp\/v2\/posts\/588279","targetHints":{"allow":["GET"]}}],"collection":[{"href":"https:\/\/www.hashtag.al\/index.php\/wp-json\/wp\/v2\/posts"}],"about":[{"href":"https:\/\/www.hashtag.al\/index.php\/wp-json\/wp\/v2\/types\/post"}],"author":[{"embeddable":true,"href":"https:\/\/www.hashtag.al\/index.php\/wp-json\/wp\/v2\/users\/32"}],"replies":[{"embeddable":true,"href":"https:\/\/www.hashtag.al\/index.php\/wp-json\/wp\/v2\/comments?post=588279"}],"version-history":[{"count":0,"href":"https:\/\/www.hashtag.al\/index.php\/wp-json\/wp\/v2\/posts\/588279\/revisions"}],"wp:featuredmedia":[{"embeddable":true,"href":"https:\/\/www.hashtag.al\/index.php\/wp-json\/wp\/v2\/media\/588223"}],"wp:attachment":[{"href":"https:\/\/www.hashtag.al\/index.php\/wp-json\/wp\/v2\/media?parent=588279"}],"wp:term":[{"taxonomy":"category","embeddable":true,"href":"https:\/\/www.hashtag.al\/index.php\/wp-json\/wp\/v2\/categories?post=588279"},{"taxonomy":"post_tag","embeddable":true,"href":"https:\/\/www.hashtag.al\/index.php\/wp-json\/wp\/v2\/tags?post=588279"}],"curies":[{"name":"wp","href":"https:\/\/api.w.org\/{rel}","templated":true}]}}