{"id":588222,"date":"2023-04-02T14:35:33","date_gmt":"2023-04-02T12:35:33","guid":{"rendered":"https:\/\/www.hashtag.al\/?p=588222"},"modified":"2023-04-02T14:36:31","modified_gmt":"2023-04-02T12:36:31","slug":"kellici-afera-e-incerenatoreve-u-rendon-qytetareve-veliaj-i-perfshire-drejtperdrejt","status":"publish","type":"post","link":"https:\/\/www.hashtag.al\/index.php\/2023\/04\/02\/kellici-afera-e-incerenatoreve-u-rendon-qytetareve-veliaj-i-perfshire-drejtperdrejt\/","title":{"rendered":"K\u00eblli\u00e7i: Afera e incerenator\u00ebve u r\u00ebndon qytetar\u00ebve, Veliaj i p\u00ebrfshir\u00eb drejtp\u00ebrdrejt\u00eb","gt_translate_keys":[{"key":"rendered","format":"text"}]},"content":{"rendered":"<p><span style=\"color: #000000;\"><a href=\"https:\/\/www.hashtag.al\/wp-content\/uploads\/2023\/04\/WhatsApp-Image-2023-04-02-at-13.40.34-768x512-1.jpeg\"><img loading=\"lazy\" decoding=\"async\" class=\"aligncenter size-full wp-image-588223\" src=\"https:\/\/www.hashtag.al\/wp-content\/uploads\/2023\/04\/WhatsApp-Image-2023-04-02-at-13.40.34-768x512-1.jpeg\" alt=\"\" width=\"768\" height=\"512\" srcset=\"https:\/\/www.hashtag.al\/wp-content\/uploads\/2023\/04\/WhatsApp-Image-2023-04-02-at-13.40.34-768x512-1.jpeg 768w, https:\/\/www.hashtag.al\/wp-content\/uploads\/2023\/04\/WhatsApp-Image-2023-04-02-at-13.40.34-768x512-1-300x200.jpeg 300w\" sizes=\"auto, (max-width: 768px) 100vw, 768px\" \/><\/a><\/span><\/p>\n<p><span style=\"color: #000000;\">Kandidati p\u00ebr Bashkin\u00eb e Tiran\u00ebs, i koalicionit \u201cBashk\u00eb Fitojm\u00eb\u201d, Belind K\u00eblli\u00e7i nga landfilli i Sharr\u00ebs denoncoi se inceneratori i kryeqytetit i kushton qytetar\u00ebve.<\/span><\/p>\n<p><span style=\"color: #000000;\">K\u00eblli\u00e7i tha se ky \u00ebsht\u00eb nj\u00eb sh\u00ebrbim q\u00eb qytetar\u00ebve t\u00eb Tiran\u00ebs u mungon \u00e7do dit\u00eb q\u00eb ajo grop\u00eb korrupsioni merr 41 mij\u00eb euro dhe p\u00ebr shkak t\u00eb saj, K\u00eblli\u00e7i thot\u00eb se shum\u00eb shtresa vuajn\u00eb nga r\u00ebndimi i kostos s\u00eb jetes\u00ebs.<\/span><\/p>\n<p><span style=\"color: #000000;\">\u00a0<em>\u201cJam sot k\u00ebtu p\u00ebr t\u00eb folur p\u00ebr nj\u00eb \u00e7\u00ebshtje q\u00eb publiku e ka d\u00ebgjuar shum\u00eb koh\u00ebt e fundit. P\u00ebr inceneratorin e Tiran\u00ebs. Esht\u00eb nj\u00eb problem q\u00eb u p\u00ebrket qytetar\u00ebve. Ka nj\u00eb p\u00ebrpjekje p\u00ebr ta trajtuar si nj\u00eb gj\u00eb t\u00eb politik\u00ebs, t\u00eb partive, ku nganj\u00ebher\u00eb p\u00ebrmendet dhe drejt\u00ebsia.<\/em><\/span><\/p>\n<p><span style=\"color: #000000;\"><em>Jo t\u00eb dashur miq. Kjo \u00ebsht\u00eb nj\u00eb \u00e7\u00ebshtje qartazi e qytetar\u00ebve t\u00eb Tiran\u00ebs, q\u00eb u p\u00ebrket atyre. Sepse \u00ebsht\u00eb abuzim i madh me taksat q\u00eb ata paguajn\u00eb. Dhe \u00ebsht\u00eb nj\u00eb sh\u00ebrbim q\u00eb qytetar\u00ebve t\u00eb Tiran\u00ebs u mungon \u00e7do dit\u00eb q\u00eb ajo grop\u00eb korrupsioni merr 41 mij\u00eb euro. Kjo grop\u00eb korruptive mer \u00e7do dit\u00eb parat\u00eb e nj\u00eb \u00e7erdhe q\u00eb nuk nis t\u00eb nd\u00ebrtohet n\u00eb Astir, nj\u00eb shkoll\u00eb q\u00eb nuk nis te Liqeni i That\u00eb, nj\u00eb p\u00ebrmir\u00ebsim n\u00eb furnizimin me uj q\u00eb nuk ndodh, nj\u00eb trotuar q\u00eb nuk rregullohet diku. P\u00ebr shkak t\u00eb asaj grope korrupsioni, jan\u00eb mij\u00ebra t\u00eb moshuar, student\u00eb, familjar\u00eb, njer\u00ebz q\u00eb nuk u del, q\u00eb vuajn\u00eb p\u00ebr t\u00eb mbyllur muajin, t\u00eb cileve nuk u ofrohet transporti public falas, p\u00ebr t\u00eb zbutur sadopak koston e tyre t\u00eb jetes\u00ebs.\u201d shprehet K\u00eblli\u00e7i.<\/em><\/span><\/p>\n<p><span style=\"color: #000000;\">Duke iu referuar s\u00ebrish d\u00ebshmitarit t\u00eb dal\u00eb para dy dit\u00ebsh tek emisioni \u201cPiranjat\u201d, K\u00eblli\u00e7i vijon se Veliaj \u00ebsht\u00eb p\u00ebrfshir\u00eb drejtp\u00ebrdrejt n\u00eb k\u00ebt\u00eb afer\u00eb, ku jan\u00eb burgosur deri tani nj\u00eb minist\u00ebr, nj\u00eb deputet, dhe po hetohet nj\u00eb zevend\u00ebskryeminist\u00ebr.<\/span><\/p>\n<p><span style=\"color: #000000;\"><em>\u201cPra inceneratori i Tiran\u00ebs, ka t\u00eb b\u00ebj\u00eb me interesin publik, drejtperdrejt me interesin tuaj, t\u00eb dashur qytetar\u00eb t\u00eb Tiran\u00ebs. Ndaj jam sot k\u00ebtu. Kisha vendosur t\u00eb mos merresha me Veliajn, dhe jam n\u00eb k\u00ebt\u00eb gar\u00eb p\u00ebr t\u00eb treguar programin tim, zgjidhjet q\u00eb parashikoj. Por faktet e reja t\u00eb zbuluara nga emisioni Piranjat, jan\u00eb d\u00ebshmi q\u00eb v\u00ebrtetojn\u00eb edhe nj\u00eb her\u00eb p\u00ebrfshirjen e drejtp\u00ebrdrejt\u00eb t\u00eb Erjon Veliajt n\u00eb k\u00ebt\u00eb lloj afere, p\u00ebr t\u00eb cil\u00ebn deri m\u00eb tani jan\u00eb n\u00eb burg nj\u00eb minist\u00ebr, nj\u00eb deputet, dhe po hetohet nj\u00eb zevend\u00ebskryeminist\u00ebr.<\/em><\/span><\/p>\n<p><span style=\"color: #000000;\"><em>Po ashtu nje shtetas italian eshte ne pritje te vendimit te gjykates italiane per ta ekstraduar ne Shqiperi. A e dini ju se parate e avokatit te ketij shtetasi i paguani ju me taksat tuaja? D\u00ebshmit\u00eb e reja tregojn\u00eb se Erjon Veliaj \u00ebsht\u00eb p\u00ebrfshir\u00eb n\u00eb marrjen e nj\u00eb inceneratori t\u00eb vjet\u00ebr, skarco, nga Rumania, p\u00ebr ta sjell\u00eb n\u00eb Tiran\u00eb. Aq i zgjebosur ka qen\u00eb ky incenerator, sa rumun\u00ebt kan\u00eb paguar 75 mij\u00eb euro p\u00ebr \u00e7montimin e tij, pra q\u00eb t\u2019jua heqin qafe.<\/em><\/span><\/p>\n<p><span style=\"color: #000000;\"><em>I till\u00eb ka qen\u00eb ky incenerator, sa q\u00eb edhe qeveria e Zimbabves\u00eb, e cila ka shfaqur interes fillimisht, nuk ka pranuar ta blej\u00eb kur ekspert\u00ebt e saj e kan\u00eb par\u00eb se n\u00eb \u00e7\u2019gjendje \u00ebsht\u00eb. Inceneratori rumun \u00ebsht\u00eb si t\u00eb marr\u00ebsh Metalurgjikun e Elbasanit, ta \u00e7montosh dhe ta paraqes\u00ebsh n\u00eb Rumani si teknologji t\u00eb fjal\u00ebs s\u00eb fundit t\u00eb p\u00ebrpunimit t\u00eb hekurit e \u00e7elikut.<\/em><\/span><\/p>\n<p><span style=\"color: #000000;\"><em>At\u00eb q\u00eb nuk e pranuan qeveritar\u00ebt patriot\u00eb t\u00eb Zimbabves, e marrin k\u00ebta q\u00eb ekraneve b\u00ebjn\u00eb sikur u digjet zemra p\u00ebr Shqip\u00ebrin\u00eb, b\u00ebjn\u00eb si patriot\u00eb, si modernizues, si progresist\u00eb. Sic tregojn\u00eb faktet brutale nuk jan\u00eb asgj\u00eb m\u00eb shum\u00eb se nj\u00eb tuf\u00eb e bab\u00ebzitur piranjash. SPAK duhet t\u00eb mos hesht\u00eb dhe duhet ta gjej\u00eb e t\u00eb na thot\u00eb: ku ka shkuar inceneratori rumun? N\u00eb Fier, Elbasan apo mbahet diku, q\u00eb t\u00eb vendoset n\u00eb Tiran\u00eb kur t\u00eb mos e ket\u00eb kush mendjen?<\/em><\/span><\/p>\n<p><span style=\"color: #000000;\"><em>Erion Veliaj \u00ebsht\u00eb kok\u00eb e k\u00ebmb\u00eb n\u00eb denoncimin e biznesmenit italian p\u00ebr skandalin e incenerator\u00ebve, por Tirana nuk ka incenerator. Tirana jon\u00eb nuk ka djeg\u00ebs, i \u00e7on mbeturinat n\u00eb landfill dhe i gropos, por s\u00ebrish pagesat b\u00ebhen p\u00ebr incenerim.<\/em><\/span><\/p>\n<p><span style=\"color: #000000;\"><em>Plot 29 euro p\u00ebr ton paguhen p\u00ebr nj\u00eb sh\u00ebrbim q\u00eb nuk jepet! Depozitimi e mbulimi me dhe behej nga ndermarrja publike per 12 e\/tonin. Pse paguani ju, t\u00eb dashur qytetar\u00eb t\u00eb Tiran\u00ebs, 17 euro ekstra p\u00ebr nj\u00eb proces q\u00eb nuk ndodh, p\u00ebr nj\u00eb sh\u00ebrbim q\u00eb nuk e merrni, p\u00ebr nj\u00eb ndotje q\u00eb ju shkurton jet\u00ebt?<\/em><\/span><\/p>\n<p><span style=\"color: #000000;\"><em>Un\u00eb nuk e di se \u00e7far\u00eb do t\u00eb b\u00ebj\u00eb SPAK pas k\u00ebtyre rrethanave t\u00eb reja.<\/em><\/span><\/p>\n<p><span style=\"color: #000000;\"><em>Po un\u00eb di se \u00e7far\u00eb ne kemi n\u00eb dor\u00eb. \u00c7far\u00eb ju keni n\u00eb dor\u00eb. Me 14 maj, qytetar\u00ebt e Tiran\u00ebs e kan\u00eb n\u00eb dor\u00ebn e tyre ta ndalin k\u00ebt\u00eb afer\u00eb, dhe parat\u00eb q\u00eb vidhen, t\u00eb shkojn\u00eb p\u00ebr t\u00eb siguruar transport publik falas, shkolla e \u00e7erdhe t\u00eb reja, rrug\u00eb q\u00eb mungojn\u00eb, e p\u00ebr t\u00eb punuar p\u00ebr t\u00eb sjell\u00eb kudo n\u00eb Tiran\u00eb, uj\u00eb pa nd\u00ebrprerje n\u00eb banesat e qytetar\u00ebve.\u201d,<\/em> tha K\u00eblli\u00e7i.<\/span><\/p>\n","protected":false,"gt_translate_keys":[{"key":"rendered","format":"html"}]},"excerpt":{"rendered":"<p>Kandidati p\u00ebr Bashkin\u00eb e Tiran\u00ebs, i koalicionit \u201cBashk\u00eb Fitojm\u00eb\u201d, Belind K\u00eblli\u00e7i nga landfilli i Sharr\u00ebs denoncoi se inceneratori i kryeqytetit i kushton qytetar\u00ebve. K\u00eblli\u00e7i tha se ky \u00ebsht\u00eb nj\u00eb sh\u00ebrbim q\u00eb qytetar\u00ebve t\u00eb Tiran\u00ebs u mungon \u00e7do dit\u00eb q\u00eb ajo grop\u00eb korrupsioni merr 41 mij\u00eb euro dhe p\u00ebr shkak t\u00eb saj, K\u00eblli\u00e7i thot\u00eb se shum\u00eb [&hellip;]<\/p>\n","protected":false,"gt_translate_keys":[{"key":"rendered","format":"html"}]},"author":30,"featured_media":588223,"comment_status":"closed","ping_status":"closed","sticky":false,"template":"","format":"standard","meta":{"footnotes":""},"categories":[65],"tags":[],"class_list":["post-588222","post","type-post","status-publish","format-standard","has-post-thumbnail","hentry","category-lajme"],"gt_translate_keys":[{"key":"link","format":"url"}],"_links":{"self":[{"href":"https:\/\/www.hashtag.al\/index.php\/wp-json\/wp\/v2\/posts\/588222","targetHints":{"allow":["GET"]}}],"collection":[{"href":"https:\/\/www.hashtag.al\/index.php\/wp-json\/wp\/v2\/posts"}],"about":[{"href":"https:\/\/www.hashtag.al\/index.php\/wp-json\/wp\/v2\/types\/post"}],"author":[{"embeddable":true,"href":"https:\/\/www.hashtag.al\/index.php\/wp-json\/wp\/v2\/users\/30"}],"replies":[{"embeddable":true,"href":"https:\/\/www.hashtag.al\/index.php\/wp-json\/wp\/v2\/comments?post=588222"}],"version-history":[{"count":0,"href":"https:\/\/www.hashtag.al\/index.php\/wp-json\/wp\/v2\/posts\/588222\/revisions"}],"wp:featuredmedia":[{"embeddable":true,"href":"https:\/\/www.hashtag.al\/index.php\/wp-json\/wp\/v2\/media\/588223"}],"wp:attachment":[{"href":"https:\/\/www.hashtag.al\/index.php\/wp-json\/wp\/v2\/media?parent=588222"}],"wp:term":[{"taxonomy":"category","embeddable":true,"href":"https:\/\/www.hashtag.al\/index.php\/wp-json\/wp\/v2\/categories?post=588222"},{"taxonomy":"post_tag","embeddable":true,"href":"https:\/\/www.hashtag.al\/index.php\/wp-json\/wp\/v2\/tags?post=588222"}],"curies":[{"name":"wp","href":"https:\/\/api.w.org\/{rel}","templated":true}]}}