{"id":587953,"date":"2023-03-31T20:02:15","date_gmt":"2023-03-31T18:02:15","guid":{"rendered":"https:\/\/www.hashtag.al\/?p=587953"},"modified":"2023-03-31T20:02:15","modified_gmt":"2023-03-31T18:02:15","slug":"ish-perpiluesi-i-fjalimeve-te-putinit-akuzohet-per-diskreditim-te-ushtrise-ruse","status":"publish","type":"post","link":"https:\/\/www.hashtag.al\/index.php\/2023\/03\/31\/ish-perpiluesi-i-fjalimeve-te-putinit-akuzohet-per-diskreditim-te-ushtrise-ruse\/","title":{"rendered":"Ish-p\u00ebrpiluesi i fjalimeve t\u00eb Putinit akuzohet p\u00ebr diskreditim t\u00eb ushtris\u00eb ruse","gt_translate_keys":[{"key":"rendered","format":"text"}]},"content":{"rendered":"<p><a href=\"https:\/\/www.hashtag.al\/wp-content\/uploads\/2023\/03\/PERPIL.png\"><img loading=\"lazy\" decoding=\"async\" class=\"aligncenter size-full wp-image-587954\" src=\"https:\/\/www.hashtag.al\/wp-content\/uploads\/2023\/03\/PERPIL.png\" alt=\"\" width=\"1251\" height=\"703\" srcset=\"https:\/\/www.hashtag.al\/wp-content\/uploads\/2023\/03\/PERPIL.png 1251w, https:\/\/www.hashtag.al\/wp-content\/uploads\/2023\/03\/PERPIL-300x169.png 300w, https:\/\/www.hashtag.al\/wp-content\/uploads\/2023\/03\/PERPIL-1024x575.png 1024w, https:\/\/www.hashtag.al\/wp-content\/uploads\/2023\/03\/PERPIL-768x432.png 768w\" sizes=\"auto, (max-width: 1251px) 100vw, 1251px\" \/><\/a><\/p>\n<p><span style=\"color: #000000;\">Abbas Gallyamov, ish-p\u00ebrpiluesi i fjalimeve t\u00eb presidentit rus, Vladimir Putin, \u00ebsht\u00eb shpallur i dyshuar nga autoritetet ruse p\u00ebr diskreditim t\u00eb forcave ushtarake ruse, raporton <span style=\"color: #0000ff;\"><a style=\"color: #0000ff;\" href=\"https:\/\/www.evropaelire.org\/a\/ish-perpiluesi-i-fjalimeve-te-putinit-akuzohet-per-diskreditim-te-ushtrise-ruse\/32343612.html\">REL<\/a><\/span>.<\/span><\/p>\n<p><span style=\"color: #000000;\">Autoritetet ruse e kan\u00eb p\u00ebrdorur k\u00ebt\u00eb akuz\u00eb s\u00eb fundi p\u00ebr t\u00eb d\u00ebnuar personat q\u00eb e kritikojn\u00eb luft\u00ebn e Rusis\u00eb n\u00eb Ukrain\u00eb.<\/span><\/p>\n<p><span style=\"color: #000000;\">S\u00eb fundi, emri i Gallyamovit \u00ebsht\u00eb shfaqur n\u00eb regjistrat e Ministris\u00eb s\u00eb Brendshme ruse, p\u00ebr personat q\u00eb jan\u00eb n\u00eb k\u00ebrkim.<\/span><\/p>\n<p><span style=\"color: #000000;\">Gallyamov, 50-vje\u00e7ar, \u00ebsht\u00eb larguar nga shteti dhe tani jeton n\u00eb Izrael.<\/span><\/p>\n<p><span style=\"color: #000000;\">Ai ka punuar si tekstshkrues i fjalimeve t\u00eb Putinit prej vitit 2008 deri m\u00eb 2010.<\/span><\/p>\n<p><span style=\"color: #000000;\">Grupi Setevyye Svobody, i cili monitoron t\u00eb drejtat e gazetar\u00ebve q\u00eb punojn\u00eb online, ka th\u00ebn\u00eb m\u00eb 30 mars se ka siguruar dokumentet zyrtare t\u00eb hetimeve kund\u00ebr Gallyamovit, sipas t\u00eb cilave, akuzat me t\u00eb cilat p\u00ebrballet, dalin nga intervista e tij me Televizionin ukrainas 1+1 \u2013 projekt q\u00eb transmetohet vet\u00ebm nj\u00eb YouTube.<\/span><\/p>\n<p><span style=\"color: #000000;\">Gallyamov e ka realizuar intervist\u00ebn m\u00eb 9 prill 2022, dhe e ka p\u00ebrmendur kryerjen e krimeve t\u00eb dyshuara t\u00eb luft\u00ebs nga trupat ruse n\u00eb qytetet ukrainase, Bu\u00e7a dhe Kramatorsk.<\/span><\/p>\n<p><span style=\"color: #000000;\">Setevyye Svobody ka th\u00ebn\u00eb se hetimet kund\u00ebr Gallyamovit kan\u00eb nisur m\u00eb 18 janar dhe se emri i tij \u00ebsht\u00eb shtuar n\u00eb list\u00ebn e personave n\u00eb k\u00ebrkim m\u00eb 17 shkurt.<\/span><\/p>\n<p><span style=\"color: #000000;\">N\u00ebse d\u00ebnohet, Gallyamov p\u00ebrballet me 10 vjet burgim.<\/span><\/p>\n<p><span style=\"color: #000000;\">Sipas Setevyye Svobody, avokati Alan Gamazov \u00ebsht\u00eb duke e p\u00ebrfaq\u00ebsuar Gallyamovin.<\/span><\/p>\n<p><span style=\"color: #000000;\">Ende nuk dihet n\u00ebse ai \u00ebsht\u00eb em\u00ebruar nga autoritetet ruse, apo \u00ebsht\u00eb zgjedhur nga Gallyamovi q\u00eb t\u00eb b\u00ebhet p\u00ebrfaq\u00ebsuesi i tij ligjor.<\/span><\/p>\n<p><span style=\"color: #000000;\">M\u00eb 24 mars, faqja online Mediazona ka th\u00ebn\u00eb t\u00eb ket\u00eb gjetur n\u00eb Ministrin\u00eb e Brendshme ruse njoftimin zyrtar q\u00eb e shpall Gallyamovin si person n\u00eb k\u00ebrkim.<\/span><\/p>\n<p><span style=\"color: #000000;\">Njoftimi \u00ebsht\u00eb b\u00ebr\u00eb i ditur nj\u00eb dit\u00eb pasi Radio Evropa e Lir\u00eb e ka publikuar nj\u00eb intervist\u00eb me Gallyamovin.<\/span><\/p>\n<p><span style=\"color: #000000;\">P\u00ebrgjat\u00eb intervist\u00ebs, Gallyamov ka sugjeruar q\u00eb lufta n\u00eb Ukrain\u00eb mund t\u00eb rezultoj\u00eb me revolucion n\u00eb Rusi.<\/span><\/p>\n<p><span style=\"color: #000000;\">Ai, po ashtu, ka reflektuar p\u00ebr koh\u00ebn e tij si pjes\u00ebtar i ekipit q\u00eb shkruajn\u00eb tekstet p\u00ebr Putinin, pasi ai \u00ebsht\u00eb b\u00ebr\u00eb kryeminist\u00ebr m\u00eb 2008.<\/span><\/p>\n<p><span style=\"color: #000000;\">Ai ka th\u00ebn\u00eb se at\u00ebbot\u00eb, askush nuk e ka parashikuar \u201c<em>q\u00eb Rusia do t\u00eb shnd\u00ebrrohet n\u00eb shtet fashist, si\u00e7 \u00ebsht\u00eb tani\u201d.<\/em><\/span><\/p>\n<p><span style=\"color: #000000;\">Diskreditimi i forcave t\u00eb armatosura ruse \u00ebsht\u00eb kthyer n\u00eb krim, sipas ligjit t\u00eb ri, q\u00eb \u00ebsht\u00eb miratuar n\u00eb Rusi, pas nisjes s\u00eb luft\u00ebs n\u00eb Ukrain\u00eb, n\u00eb shkurt t\u00eb vitit 2022.<\/span><\/p>\n<p><span style=\"color: #000000;\"><em>Muajin e kaluar, Ministria ruse e Drejt\u00ebsis\u00eb e ka shtuar Gallyamovin n\u00eb regjistrin e \u201cagjent\u00ebve t\u00eb huaj\u201d, duke th\u00ebn\u00eb se ai ka shp\u00ebrndar\u00eb \u201c<\/em>materiale t\u00eb p\u00ebrpiluara nga agjent\u00ebt e huaj, ka shprehur ide kund\u00ebr operacionit special ushtarak n\u00eb Ukrain\u00eb, dhe ka marr\u00eb pjes\u00eb si ekspert, ose ka shp\u00ebrndar\u00eb informacionet e platformave q\u00eb jan\u00eb prezantuar si entitete t\u00eb huaja\u201d.<\/span><\/p>\n","protected":false,"gt_translate_keys":[{"key":"rendered","format":"html"}]},"excerpt":{"rendered":"<p>Abbas Gallyamov, ish-p\u00ebrpiluesi i fjalimeve t\u00eb presidentit rus, Vladimir Putin, \u00ebsht\u00eb shpallur i dyshuar nga autoritetet ruse p\u00ebr diskreditim t\u00eb forcave ushtarake ruse, raporton REL. Autoritetet ruse e kan\u00eb p\u00ebrdorur k\u00ebt\u00eb akuz\u00eb s\u00eb fundi p\u00ebr t\u00eb d\u00ebnuar personat q\u00eb e kritikojn\u00eb luft\u00ebn e Rusis\u00eb n\u00eb Ukrain\u00eb. S\u00eb fundi, emri i Gallyamovit \u00ebsht\u00eb shfaqur n\u00eb regjistrat [&hellip;]<\/p>\n","protected":false,"gt_translate_keys":[{"key":"rendered","format":"html"}]},"author":30,"featured_media":587954,"comment_status":"closed","ping_status":"closed","sticky":false,"template":"","format":"standard","meta":{"footnotes":""},"categories":[6],"tags":[],"class_list":["post-587953","post","type-post","status-publish","format-standard","has-post-thumbnail","hentry","category-nderkombetare"],"gt_translate_keys":[{"key":"link","format":"url"}],"_links":{"self":[{"href":"https:\/\/www.hashtag.al\/index.php\/wp-json\/wp\/v2\/posts\/587953","targetHints":{"allow":["GET"]}}],"collection":[{"href":"https:\/\/www.hashtag.al\/index.php\/wp-json\/wp\/v2\/posts"}],"about":[{"href":"https:\/\/www.hashtag.al\/index.php\/wp-json\/wp\/v2\/types\/post"}],"author":[{"embeddable":true,"href":"https:\/\/www.hashtag.al\/index.php\/wp-json\/wp\/v2\/users\/30"}],"replies":[{"embeddable":true,"href":"https:\/\/www.hashtag.al\/index.php\/wp-json\/wp\/v2\/comments?post=587953"}],"version-history":[{"count":0,"href":"https:\/\/www.hashtag.al\/index.php\/wp-json\/wp\/v2\/posts\/587953\/revisions"}],"wp:featuredmedia":[{"embeddable":true,"href":"https:\/\/www.hashtag.al\/index.php\/wp-json\/wp\/v2\/media\/587954"}],"wp:attachment":[{"href":"https:\/\/www.hashtag.al\/index.php\/wp-json\/wp\/v2\/media?parent=587953"}],"wp:term":[{"taxonomy":"category","embeddable":true,"href":"https:\/\/www.hashtag.al\/index.php\/wp-json\/wp\/v2\/categories?post=587953"},{"taxonomy":"post_tag","embeddable":true,"href":"https:\/\/www.hashtag.al\/index.php\/wp-json\/wp\/v2\/tags?post=587953"}],"curies":[{"name":"wp","href":"https:\/\/api.w.org\/{rel}","templated":true}]}}