{"id":587942,"date":"2023-03-31T19:21:18","date_gmt":"2023-03-31T17:21:18","guid":{"rendered":"https:\/\/www.hashtag.al\/?p=587942"},"modified":"2023-03-31T19:21:18","modified_gmt":"2023-03-31T17:21:18","slug":"makina-perplas-12-vjecarin-ne-fier-transportohet-ne-spital-i-mituri","status":"publish","type":"post","link":"https:\/\/www.hashtag.al\/index.php\/2023\/03\/31\/makina-perplas-12-vjecarin-ne-fier-transportohet-ne-spital-i-mituri\/","title":{"rendered":"Makina p\u00ebrplas 12-vje\u00e7arin n\u00eb Fier, transportohet n\u00eb spital i mituri","gt_translate_keys":[{"key":"rendered","format":"text"}]},"content":{"rendered":"<p><span style=\"color: #000000;\"><a href=\"https:\/\/www.hashtag.al\/wp-content\/uploads\/2023\/03\/ambulanca-2.jpg-2.jpg\"><img loading=\"lazy\" decoding=\"async\" class=\"aligncenter size-full wp-image-587943\" src=\"https:\/\/www.hashtag.al\/wp-content\/uploads\/2023\/03\/ambulanca-2.jpg-2.jpg\" alt=\"\" width=\"1200\" height=\"685\" \/><\/a><\/span><\/p>\n<p><span style=\"color: #000000;\">Nj\u00eb aksident \u00ebsht\u00eb raportuar n\u00eb Fier, pasi m\u00ebsohet se nj\u00eb automjet tip \u2018Benz\u2019 n\u00eb drejtimin e shtetasit V.V., ka p\u00ebrplasur nj\u00eb t\u00eb mitur rreth 12-vje\u00e7.<\/span><\/p>\n<p><span style=\"color: #000000;\">N\u00eb momentin e aksidentin f\u00ebmija ka qen\u00eb duke l\u00ebvizur me bi\u00e7iklet\u00eb.<\/span><\/p>\n<p><span style=\"color: #000000;\">Sakaq i mituri ndodhet n\u00eb spital, n\u00eb kujdesin e mjek\u00ebve.<\/span><\/p>\n<p>&nbsp;<\/p>\n<p><span style=\"color: #000000;\">NJOFTIMI:<\/span><\/p>\n<p>&nbsp;<\/p>\n<p><span style=\"color: #000000;\">Fier\/Informacion paraprak<\/span><\/p>\n<p><span style=\"color: #000000;\">Rreth or\u00ebs 18:10, n\u00eb lagjen \u201c1 Maji\u201d, Fier, automjeti tip \u201cBenz\u201d\u00a0 me drejtues shtetasin V. V., ka p\u00ebrplasur nj\u00eb shtetas t\u00eb mitur 12 vje\u00e7, i cili ishte duke udh\u00ebtuar me bi\u00e7iklet\u00eb.<\/span><\/p>\n<p><span style=\"color: #000000;\">Shtetasi i mitur ndodhet n\u00eb spital, n\u00eb kujdesin e mjek\u00ebve, nd\u00ebrsa shtetasi V. V. u shoq\u00ebrua n\u00eb ambientet e Policis\u00eb, p\u00ebr kryerjen e veprimeve t\u00eb m\u00ebtejshme procedurale.<\/span><\/p>\n<p><span style=\"color: #000000;\">Grupi hetimor po punon p\u00ebr p\u00ebrcaktimin e shkaqeve t\u00eb aksidentit.<\/span><\/p>\n","protected":false,"gt_translate_keys":[{"key":"rendered","format":"html"}]},"excerpt":{"rendered":"<p>Nj\u00eb aksident \u00ebsht\u00eb raportuar n\u00eb Fier, pasi m\u00ebsohet se nj\u00eb automjet tip \u2018Benz\u2019 n\u00eb drejtimin e shtetasit V.V., ka p\u00ebrplasur nj\u00eb t\u00eb mitur rreth 12-vje\u00e7. N\u00eb momentin e aksidentin f\u00ebmija ka qen\u00eb duke l\u00ebvizur me bi\u00e7iklet\u00eb. Sakaq i mituri ndodhet n\u00eb spital, n\u00eb kujdesin e mjek\u00ebve. &nbsp; NJOFTIMI: &nbsp; Fier\/Informacion paraprak Rreth or\u00ebs 18:10, n\u00eb [&hellip;]<\/p>\n","protected":false,"gt_translate_keys":[{"key":"rendered","format":"html"}]},"author":30,"featured_media":0,"comment_status":"closed","ping_status":"closed","sticky":false,"template":"","format":"standard","meta":{"footnotes":""},"categories":[65],"tags":[],"class_list":["post-587942","post","type-post","status-publish","format-standard","hentry","category-lajme"],"gt_translate_keys":[{"key":"link","format":"url"}],"_links":{"self":[{"href":"https:\/\/www.hashtag.al\/index.php\/wp-json\/wp\/v2\/posts\/587942","targetHints":{"allow":["GET"]}}],"collection":[{"href":"https:\/\/www.hashtag.al\/index.php\/wp-json\/wp\/v2\/posts"}],"about":[{"href":"https:\/\/www.hashtag.al\/index.php\/wp-json\/wp\/v2\/types\/post"}],"author":[{"embeddable":true,"href":"https:\/\/www.hashtag.al\/index.php\/wp-json\/wp\/v2\/users\/30"}],"replies":[{"embeddable":true,"href":"https:\/\/www.hashtag.al\/index.php\/wp-json\/wp\/v2\/comments?post=587942"}],"version-history":[{"count":0,"href":"https:\/\/www.hashtag.al\/index.php\/wp-json\/wp\/v2\/posts\/587942\/revisions"}],"wp:attachment":[{"href":"https:\/\/www.hashtag.al\/index.php\/wp-json\/wp\/v2\/media?parent=587942"}],"wp:term":[{"taxonomy":"category","embeddable":true,"href":"https:\/\/www.hashtag.al\/index.php\/wp-json\/wp\/v2\/categories?post=587942"},{"taxonomy":"post_tag","embeddable":true,"href":"https:\/\/www.hashtag.al\/index.php\/wp-json\/wp\/v2\/tags?post=587942"}],"curies":[{"name":"wp","href":"https:\/\/api.w.org\/{rel}","templated":true}]}}