{"id":587939,"date":"2023-03-31T19:05:40","date_gmt":"2023-03-31T17:05:40","guid":{"rendered":"https:\/\/www.hashtag.al\/?p=587939"},"modified":"2023-03-31T19:05:40","modified_gmt":"2023-03-31T17:05:40","slug":"mediu-ngre-alarmin-zgjedhjet-e-14-majit-nuk-do-jene-te-ndershme","status":"publish","type":"post","link":"https:\/\/www.hashtag.al\/index.php\/2023\/03\/31\/mediu-ngre-alarmin-zgjedhjet-e-14-majit-nuk-do-jene-te-ndershme\/","title":{"rendered":"Mediu ngre alarmin, zgjedhjet e 14 majit nuk do jen\u00eb t\u00eb ndershme","gt_translate_keys":[{"key":"rendered","format":"text"}]},"content":{"rendered":"<p><span style=\"color: #000000;\"><a style=\"color: #000000;\" href=\"https:\/\/www.hashtag.al\/wp-content\/uploads\/2023\/03\/640-0-1680281074xfatmir-mediu-468.jpg\"><img loading=\"lazy\" decoding=\"async\" class=\"aligncenter size-full wp-image-587940\" src=\"https:\/\/www.hashtag.al\/wp-content\/uploads\/2023\/03\/640-0-1680281074xfatmir-mediu-468.jpg\" alt=\"\" width=\"640\" height=\"359\" srcset=\"https:\/\/www.hashtag.al\/wp-content\/uploads\/2023\/03\/640-0-1680281074xfatmir-mediu-468.jpg 640w, https:\/\/www.hashtag.al\/wp-content\/uploads\/2023\/03\/640-0-1680281074xfatmir-mediu-468-300x168.jpg 300w\" sizes=\"auto, (max-width: 640px) 100vw, 640px\" \/><\/a><\/span><\/p>\n<p><span style=\"color: #000000;\">Kreu i Partis\u00eb Republikane, Fatmir Mediu, ka b\u00ebr\u00eb nj\u00eb parashikim alarmues p\u00ebr zgjedhjet vendore t\u00eb 14 majit.<\/span><\/p>\n<p><span style=\"color: #000000;\">Mediu tha se \u00ebsht\u00eb e v\u00ebshtir\u00eb t\u00eb flas\u00eb me numra bashkish, pasi deklaroi se duhet t\u00eb vler\u00ebsoj\u00eb n\u00ebse zgjedhjet jan\u00eb ose jo t\u00eb ndershme.<\/span><\/p>\n<p><span style=\"color: #000000;\">N\u00eb nj\u00eb intervist\u00eb me gazetarin Thimi Samarxhi, Mediu tha se duke analizuar veprimet e deritanishme t\u00eb mazhoranc\u00ebs, si premtimi i pagave, apo p\u00ebrdorimi i patronazhist\u00ebve, p\u00ebrb\u00ebn shqet\u00ebsim se zgjedhjet nuk do t\u00eb jen\u00eb t\u00eb ndershme.<\/span><\/p>\n<p><span style=\"color: #000000;\">\u00a0\u201c<em>Kjo \u00ebsht\u00eb nj\u00eb situat\u00eb e v\u00ebshtir\u00eb. Q\u00eb t\u00eb jap nj\u00eb p\u00ebrgjjigje duhet t\u00eb vler\u00ebsoj a ka zgjedhje t\u00eb ndershme t\u00eb gjitha shenjat tregojn\u00eb se nuk ka zgjedhje t\u00eb ndershme. Premtimi p\u00ebr pagat, p\u00ebrdorimi i aktivist\u00ebve apo patronazhist\u00ebve, ka ngritur nj\u00eb shqet\u00ebsim sot zoti Kaso p\u00ebr ndryshimin e qendrave zgjedhore.<\/em><\/span><\/p>\n<p><span style=\"color: #000000;\"><em>T\u00eb gjitha k\u00ebto jan\u00eb element\u00eb manipulativ\u00eb. Por ne kujtohemi at\u00ebher\u00eb kur ndodh duhet t\u00eb kujtoheshim m\u00eb par\u00eb. T\u00eb pakt\u00ebn si opozit\u00eb ne duhet t\u00eb kemi propozime konkrete p\u00ebr t\u00eb shmangur k\u00ebto element\u00eb manipulativ\u00eb\u201d, theksoi nd\u00ebr t\u00eb tjera Mediu<\/em>.<\/span><\/p>\n","protected":false,"gt_translate_keys":[{"key":"rendered","format":"html"}]},"excerpt":{"rendered":"<p>Kreu i Partis\u00eb Republikane, Fatmir Mediu, ka b\u00ebr\u00eb nj\u00eb parashikim alarmues p\u00ebr zgjedhjet vendore t\u00eb 14 majit. Mediu tha se \u00ebsht\u00eb e v\u00ebshtir\u00eb t\u00eb flas\u00eb me numra bashkish, pasi deklaroi se duhet t\u00eb vler\u00ebsoj\u00eb n\u00ebse zgjedhjet jan\u00eb ose jo t\u00eb ndershme. N\u00eb nj\u00eb intervist\u00eb me gazetarin Thimi Samarxhi, Mediu tha se duke analizuar veprimet e [&hellip;]<\/p>\n","protected":false,"gt_translate_keys":[{"key":"rendered","format":"html"}]},"author":30,"featured_media":587940,"comment_status":"closed","ping_status":"closed","sticky":false,"template":"","format":"standard","meta":{"footnotes":""},"categories":[65],"tags":[],"class_list":["post-587939","post","type-post","status-publish","format-standard","has-post-thumbnail","hentry","category-lajme"],"gt_translate_keys":[{"key":"link","format":"url"}],"_links":{"self":[{"href":"https:\/\/www.hashtag.al\/index.php\/wp-json\/wp\/v2\/posts\/587939","targetHints":{"allow":["GET"]}}],"collection":[{"href":"https:\/\/www.hashtag.al\/index.php\/wp-json\/wp\/v2\/posts"}],"about":[{"href":"https:\/\/www.hashtag.al\/index.php\/wp-json\/wp\/v2\/types\/post"}],"author":[{"embeddable":true,"href":"https:\/\/www.hashtag.al\/index.php\/wp-json\/wp\/v2\/users\/30"}],"replies":[{"embeddable":true,"href":"https:\/\/www.hashtag.al\/index.php\/wp-json\/wp\/v2\/comments?post=587939"}],"version-history":[{"count":0,"href":"https:\/\/www.hashtag.al\/index.php\/wp-json\/wp\/v2\/posts\/587939\/revisions"}],"wp:featuredmedia":[{"embeddable":true,"href":"https:\/\/www.hashtag.al\/index.php\/wp-json\/wp\/v2\/media\/587940"}],"wp:attachment":[{"href":"https:\/\/www.hashtag.al\/index.php\/wp-json\/wp\/v2\/media?parent=587939"}],"wp:term":[{"taxonomy":"category","embeddable":true,"href":"https:\/\/www.hashtag.al\/index.php\/wp-json\/wp\/v2\/categories?post=587939"},{"taxonomy":"post_tag","embeddable":true,"href":"https:\/\/www.hashtag.al\/index.php\/wp-json\/wp\/v2\/tags?post=587939"}],"curies":[{"name":"wp","href":"https:\/\/api.w.org\/{rel}","templated":true}]}}