{"id":587791,"date":"2023-03-30T23:16:15","date_gmt":"2023-03-30T21:16:15","guid":{"rendered":"https:\/\/www.hashtag.al\/?p=587791"},"modified":"2023-03-30T23:16:15","modified_gmt":"2023-03-30T21:16:15","slug":"kellici-referendum-per-korsite-e-bicikletave","status":"publish","type":"post","link":"https:\/\/www.hashtag.al\/index.php\/2023\/03\/30\/kellici-referendum-per-korsite-e-bicikletave\/","title":{"rendered":"K\u00eblli\u00e7i: Referendum p\u00ebr korsit\u00eb e bi\u00e7ikletave","gt_translate_keys":[{"key":"rendered","format":"text"}]},"content":{"rendered":"<p><span style=\"color: #000000;\"><a href=\"https:\/\/www.hashtag.al\/wp-content\/uploads\/2023\/03\/kellici-4.jpg\"><img loading=\"lazy\" decoding=\"async\" class=\"aligncenter size-full wp-image-587792\" src=\"https:\/\/www.hashtag.al\/wp-content\/uploads\/2023\/03\/kellici-4.jpg\" alt=\"\" width=\"750\" height=\"422\" srcset=\"https:\/\/www.hashtag.al\/wp-content\/uploads\/2023\/03\/kellici-4.jpg 750w, https:\/\/www.hashtag.al\/wp-content\/uploads\/2023\/03\/kellici-4-300x169.jpg 300w\" sizes=\"auto, (max-width: 750px) 100vw, 750px\" \/><\/a><\/span><\/p>\n<p><span style=\"color: #000000;\">Belind K\u00eblli\u00e7i, kandidat i koalicionit \u201cBashk\u00eb Fitojm\u00eb\u201d p\u00ebr zgjedhjet e 14 Majit, thot\u00eb se ngushtimi i hap\u00ebsirave publike \u00ebsht\u00eb nj\u00eb nga problematikat m\u00eb t\u00eb m\u00ebdha t\u00eb Tiran\u00ebs.<\/span><\/p>\n<p><span style=\"color: #000000;\">Sipas tij, ngushtimi i k\u00ebtyre hap\u00ebsirave jan\u00eb edhe korsit\u00eb e bi\u00e7ikletave, p\u00ebr t\u00eb cilat thot\u00eb se jan\u00eb b\u00ebr\u00eb pa plan nga ana e bashkis\u00eb.<\/span><\/p>\n<p><span style=\"color: #000000;\">Gjat\u00eb nj\u00eb interviste n\u00eb emisionin \u201cOpinion\u201d, K\u00eblli\u00e7 tha se nd\u00ebrtimi i korsis\u00eb s\u00eb bi\u00e7ikletave n\u00eb rrug\u00ebn \u201cMyslym Shyri\u201d \u00ebsht\u00eb i gabuar dhe p\u00ebr k\u00ebt\u00eb \u00e7\u00ebshtje tha se do t\u00eb b\u00ebj\u00eb nj\u00eb referendum me nj\u00ebsin\u00eb 10.<\/span><\/p>\n<p><span style=\"color: #000000;\"><em>\u201cKa nj\u00eb problematik\u00eb shum\u00eb t\u00eb madhe. Ka nj\u00eb problematik\u00eb sa i p\u00ebrket ngushtimit t\u00eb hap\u00ebsirave publike q\u00eb i jan\u00eb b\u00ebr\u00eb lagjeve t\u00eb Tiran\u00ebs dhe rrug\u00ebve emblematike. Do t\u00eb t\u00eb marr nj\u00eb shembull konkret. Jemi k\u00ebtu dhe ju shihni korsin\u00eb e bi\u00e7ikletave. Ju e shihni q\u00eb frekuenca e atyre q\u00eb pedalojn\u00eb n\u00eb k\u00ebt\u00eb rrug\u00eb me bi\u00e7iklet\u00eb apo monopat \u00ebsht\u00eb shum\u00eb e ul\u00ebt. Ju ftoj q\u00eb n\u00ebse doni, t\u00eb pyesim bizneset n\u00eb k\u00ebt\u00eb rrug\u00eb emblematike a jan\u00eb dakord me k\u00ebt\u00eb q\u00eb ka ndodhur sepse kan\u00eb falimentuar pothuajse t\u00eb gjitha bizneset n\u00eb k\u00ebt\u00eb rrug\u00eb p\u00ebr shkak t\u00eb vendosjes gabim t\u00eb korsis\u00eb s\u00eb bi\u00e7ikletave.<\/em>\u00a0<em>N\u00eb \u00e7do koncept europian korsit\u00eb e bi\u00e7ikletave jan\u00eb pran\u00eb atij q\u00eb kalon n\u00eb k\u00ebmb\u00eb dhe jo ti rrezikohet jeta pran\u00eb makinave. Nuk mund t\u00eb nd\u00ebrtosh korsi bi\u00e7ikletash n\u00eb 3 rrug\u00eb paralele. <\/em><\/span><\/p>\n<p><span style=\"color: #000000;\"><em>T\u00eb nd\u00ebrtosh k\u00ebtu n\u00eb \u201cMyslym Shyr\u201d, n\u00eb Rrug\u00ebn e Kavaj\u00ebs dhe n\u00eb Rrug\u00ebn e Durr\u00ebsit. \u00cbsht\u00eb b\u00ebr\u00eb pa plan. Nuk ka as edhe nj\u00eb banor n\u00eb t\u00eb gjith\u00eb rrug\u00ebn e \u201cMyslym Shyrit\u201d q\u00eb t\u00eb jet\u00eb dakord me k\u00ebt\u00eb situat\u00eb. P\u00ebr Rrug\u00ebn e Kavaj\u00ebs nuk ju them t\u00eb nj\u00ebjt\u00ebn gj\u00eb se \u00ebsht\u00eb b\u00ebr\u00eb e mir\u00ebmenduar. \u00cbsht\u00eb vendosur nj\u00eb korsi n\u00eb mes dhe trafiku \u00ebsht\u00eb i lir\u00eb dhe dyqanet kan\u00eb nj\u00eb frym\u00ebmarrje tjet\u00ebr. N\u00eb k\u00ebt\u00eb rrug\u00eb e shihni q\u00eb ka nj\u00eb problem shum\u00eb t\u00eb madh edhe me k\u00ebto makina q\u00eb rrin\u00eb shum\u00eb pak. Kjo \u00ebsht\u00eb b\u00ebr\u00eb e detyruar p\u00ebr bizneset e vogla, p\u00ebr t\u2019i falimentuar. Problemi \u00ebsht\u00eb k\u00ebtu q\u00eb un\u00eb gjykoj q\u00eb n\u00eb k\u00ebt\u00eb rrug\u00eb nj\u00eb zgjidhje shum\u00eb e mir\u00eb p\u00ebr hap\u00ebsir\u00ebn publike \u00ebsht\u00eb pik\u00eb s\u00eb pari heqja e k\u00ebtyre birrilave q\u00eb jan\u00eb komplet t\u00eb panevojshme dhe un\u00eb e premtoj do t\u00eb b\u00ebj nj\u00eb referendum me nj\u00ebsin\u00eb 10 p\u00ebr k\u00ebt\u00eb \u00e7\u00ebshtje pas 14 Majit. Dhe e dyta, nd\u00ebrhyrja emergjente n\u00eb brend\u00ebsin\u00eb e lagjeve<\/em>\u201d, tha K\u00eblli\u00e7i.<\/span><\/p>\n<p>&nbsp;<\/p>\n","protected":false,"gt_translate_keys":[{"key":"rendered","format":"html"}]},"excerpt":{"rendered":"<p>Belind K\u00eblli\u00e7i, kandidat i koalicionit \u201cBashk\u00eb Fitojm\u00eb\u201d p\u00ebr zgjedhjet e 14 Majit, thot\u00eb se ngushtimi i hap\u00ebsirave publike \u00ebsht\u00eb nj\u00eb nga problematikat m\u00eb t\u00eb m\u00ebdha t\u00eb Tiran\u00ebs. Sipas tij, ngushtimi i k\u00ebtyre hap\u00ebsirave jan\u00eb edhe korsit\u00eb e bi\u00e7ikletave, p\u00ebr t\u00eb cilat thot\u00eb se jan\u00eb b\u00ebr\u00eb pa plan nga ana e bashkis\u00eb. Gjat\u00eb nj\u00eb interviste n\u00eb [&hellip;]<\/p>\n","protected":false,"gt_translate_keys":[{"key":"rendered","format":"html"}]},"author":32,"featured_media":587792,"comment_status":"closed","ping_status":"closed","sticky":false,"template":"","format":"standard","meta":{"footnotes":""},"categories":[65,13],"tags":[],"class_list":["post-587791","post","type-post","status-publish","format-standard","has-post-thumbnail","hentry","category-lajme","category-te-fundit"],"gt_translate_keys":[{"key":"link","format":"url"}],"_links":{"self":[{"href":"https:\/\/www.hashtag.al\/index.php\/wp-json\/wp\/v2\/posts\/587791","targetHints":{"allow":["GET"]}}],"collection":[{"href":"https:\/\/www.hashtag.al\/index.php\/wp-json\/wp\/v2\/posts"}],"about":[{"href":"https:\/\/www.hashtag.al\/index.php\/wp-json\/wp\/v2\/types\/post"}],"author":[{"embeddable":true,"href":"https:\/\/www.hashtag.al\/index.php\/wp-json\/wp\/v2\/users\/32"}],"replies":[{"embeddable":true,"href":"https:\/\/www.hashtag.al\/index.php\/wp-json\/wp\/v2\/comments?post=587791"}],"version-history":[{"count":0,"href":"https:\/\/www.hashtag.al\/index.php\/wp-json\/wp\/v2\/posts\/587791\/revisions"}],"wp:featuredmedia":[{"embeddable":true,"href":"https:\/\/www.hashtag.al\/index.php\/wp-json\/wp\/v2\/media\/587792"}],"wp:attachment":[{"href":"https:\/\/www.hashtag.al\/index.php\/wp-json\/wp\/v2\/media?parent=587791"}],"wp:term":[{"taxonomy":"category","embeddable":true,"href":"https:\/\/www.hashtag.al\/index.php\/wp-json\/wp\/v2\/categories?post=587791"},{"taxonomy":"post_tag","embeddable":true,"href":"https:\/\/www.hashtag.al\/index.php\/wp-json\/wp\/v2\/tags?post=587791"}],"curies":[{"name":"wp","href":"https:\/\/api.w.org\/{rel}","templated":true}]}}