{"id":587617,"date":"2023-03-29T23:07:20","date_gmt":"2023-03-29T21:07:20","guid":{"rendered":"https:\/\/www.hashtag.al\/?p=587617"},"modified":"2023-03-29T23:07:20","modified_gmt":"2023-03-29T21:07:20","slug":"biden-e-netanjahu-perplasen-publikisht-per-reformen-e-gjyqesorit-ne-izrael","status":"publish","type":"post","link":"https:\/\/www.hashtag.al\/index.php\/2023\/03\/29\/biden-e-netanjahu-perplasen-publikisht-per-reformen-e-gjyqesorit-ne-izrael\/","title":{"rendered":"Biden e Netanjahu p\u00ebrplasen publikisht p\u00ebr reform\u00ebn e gjyq\u00ebsorit n\u00eb Izrael","gt_translate_keys":[{"key":"rendered","format":"text"}]},"content":{"rendered":"<p><span style=\"color: #000000;\"><a style=\"color: #000000;\" href=\"https:\/\/www.hashtag.al\/wp-content\/uploads\/2023\/03\/biden-netanyahu.png\"><img loading=\"lazy\" decoding=\"async\" class=\"aligncenter size-full wp-image-587618\" src=\"https:\/\/www.hashtag.al\/wp-content\/uploads\/2023\/03\/biden-netanyahu.png\" alt=\"\" width=\"1468\" height=\"813\" srcset=\"https:\/\/www.hashtag.al\/wp-content\/uploads\/2023\/03\/biden-netanyahu.png 1468w, https:\/\/www.hashtag.al\/wp-content\/uploads\/2023\/03\/biden-netanyahu-300x166.png 300w, https:\/\/www.hashtag.al\/wp-content\/uploads\/2023\/03\/biden-netanyahu-1024x567.png 1024w, https:\/\/www.hashtag.al\/wp-content\/uploads\/2023\/03\/biden-netanyahu-768x425.png 768w, https:\/\/www.hashtag.al\/wp-content\/uploads\/2023\/03\/biden-netanyahu-750x415.png 750w\" sizes=\"auto, (max-width: 1468px) 100vw, 1468px\" \/><\/a><\/span><\/p>\n<p><span style=\"color: #000000;\">Presidenti amerikan Joe Biden i b\u00ebri thirrje kryeministrit izraelit Benjamin Netanjahu t\u00eb heq\u00eb dor\u00eb nga plani p\u00ebr reform\u00ebn e gjyq\u00ebsorit q\u00eb do t\u00eb tkurrte kompetencat e k\u00ebtij sistemi dhe do t\u00eb forconte kontrollin e qeveris\u00eb mbi t\u00eb.<\/span><\/p>\n<p><span style=\"color: #000000;\">Thirrja ngjalli reagimin e udh\u00ebheq\u00ebsit izraelit i cili tha se nuk merr vendime bazuar tek presioni nga jasht\u00eb. Shk\u00ebmbimi mes dy udh\u00ebheq\u00ebsve ishte nj\u00eb p\u00ebrplasje e rrall\u00eb publike midis dy vendeve q\u00eb jan\u00eb aleat\u00eb t\u00eb ngusht\u00eb.<\/span><\/p>\n<p><span style=\"color: #000000;\">Presidenti Biden tha se \u00ebsht\u00eb &#8220;shum\u00eb i shqet\u00ebsuar&#8221; nga tensionet politike n\u00eb Izrael dhe se vendi &#8220;nuk mund t\u00eb vazhdoj\u00eb n\u00eb k\u00ebt\u00eb rrug\u00eb&#8221;, duke i b\u00ebr\u00eb thirrje Kryeministrit Netanjahu t\u00eb t\u00ebrhiqet nga plani, p\u00ebrcjell VOA.<\/span><\/p>\n<p><span style=\"color: #000000;\">&#8220;Shpresoj q\u00eb ai t\u00eb heq\u00eb dor\u00eb prej tij\u201d, tha zoti Biden duke b\u00ebr\u00eb thirrje \u201cp\u00ebr nj\u00eb kompromis t\u00eb v\u00ebrtet\u00eb\u201d.<\/span><\/p>\n<p><span style=\"color: #000000;\">Ai po ashtu tha se nuk ka n\u00eb plan ta ftoj\u00eb kryeministrin izraelit n\u00eb Sht\u00ebpin\u00eb e Bardh\u00eb n\u00eb t\u00eb ardhmen e af\u00ebrt.<\/span><\/p>\n<p><span style=\"color: #000000;\">Kryeministri Netanjahu reagoi menj\u00ebher\u00eb, duke u shprehur p\u00ebrmes Twitterit se &#8220;Izraeli \u00ebsht\u00eb nj\u00eb vend sovran q\u00eb i merr vendimet me vullnetin e popullit t\u00eb tij dhe jo bazuar n\u00eb presionet nga jasht\u00eb, p\u00ebrfshir\u00eb edhe miqt\u00eb tan\u00eb m\u00eb t\u00eb mir\u00eb.\u201d<\/span><\/p>\n<p><span style=\"color: #000000;\">Zoti Netanjahu tha se administrata e tij po p\u00ebrpiqej t\u00eb b\u00ebnte reforma &#8220;me nj\u00eb konsensus t\u00eb gjer\u00eb&#8221;.<\/span><\/p>\n<p><span style=\"color: #000000;\">&#8220;Un\u00eb e njoh Presidentin Biden prej m\u00eb shum\u00eb se 40 vjet\u00ebsh dhe e vler\u00ebsoj angazhimin e tij ndaj Izraelit,&#8221; tha ai.<\/span><\/p>\n<p><span style=\"color: #000000;\">Ai tha se aleanca Izrael-SHBA \u00ebsht\u00eb e pathyeshme &#8220;dhe i tejkalon gjithmon\u00eb mosmarr\u00ebveshjet e her\u00ebpashershme\u201d.<\/span><\/p>\n<p><span style=\"color: #000000;\">Benny Gantz, nj\u00eb opozitar dhe ish-minist\u00ebr i mbrojtjes e kritikoi kryeministrin Netanyahu duke shkruar n\u00eb Twitter se &#8220;D\u00ebmtimi i marr\u00ebdh\u00ebnieve me SHBA-n\u00eb, mikun ton\u00eb m\u00eb t\u00eb mir\u00eb dhe aleatin ton\u00eb m\u00eb t\u00eb r\u00ebnd\u00ebsish\u00ebm, \u00ebsht\u00eb nj\u00eb sulm strategjik.&#8221;<\/span><\/p>\n<p><span style=\"color: #000000;\">Michael Oren, ish-ambasador i Izraelit n\u00eb SHBA tha se nuk i takonte presidentit Joe Biden t\u00eb shprehej p\u00ebr nj\u00eb problem t\u00eb brendsh\u00ebm t\u00eb Izraelit.<\/span><\/p>\n<p><span style=\"color: #000000;\">&#8220;Nuk i takon presidentit t\u00eb Shteteve t\u00eb Bashkuara t\u00eb nd\u00ebrhyj\u00eb n\u00eb nj\u00eb polemik\u00eb t\u00eb brendshme politike n\u00eb Izrael. Dhe sigurisht nuk \u00ebsht\u00eb n\u00eb interesin e Izraelit q\u00eb presidenti nd\u00ebrhyri tani, nd\u00ebrsa t\u00eb dy pal\u00ebt, si qeveria ashtu edhe opozita, jan\u00eb ulur me Presidentin (Isaac) Herzog rreth tryez\u00ebs p\u00ebr t\u00eb diskutuar m\u00ebnyrat e zgjidhjes s\u00eb k\u00ebsaj krize n\u00eb nj\u00eb m\u00ebnyr\u00eb nga e cila t\u00eb p\u00ebrfitojn\u00eb t\u00eb gjith\u00eb izraelit\u00ebt.&#8221;<\/span><\/p>\n<p><span style=\"color: #000000;\">Kryeministri Netanjahu dhe aleat\u00ebt e tij fetar\u00eb dhe ultranacionalist\u00eb paraqit\u00ebn propozimet p\u00ebr reform\u00ebn n\u00eb janar, vet\u00ebm disa dit\u00eb pasi formuan qeverin\u00eb, m\u00eb e djathta n\u00eb historin\u00eb e Izraelit.<\/span><\/p>\n<p><span style=\"color: #000000;\">Plani do t&#8217;i jepte zotit Netanjahu, i cili po gjykohet n\u00ebn akuzat p\u00ebr korrupsion, fjal\u00ebn e fundit n\u00eb em\u00ebrimin e gjyqtar\u00ebve t\u00eb vendit. Ai gjithashtu do t&#8217;i jepte parlamentit, i cili kontrollohet nga aleat\u00ebt e kryeministrit, autoritet p\u00ebr t\u00eb rr\u00ebzuar vendimet e Gjykat\u00ebs s\u00eb Lart\u00eb dhe p\u00ebr t\u00eb kufizuar aft\u00ebsin\u00eb e gjykat\u00ebs p\u00ebr t\u00eb rishikuar ligjet.<\/span><\/p>\n<p><span style=\"color: #000000;\">Propozimi e ka zhytur Izraelin n\u00eb kriz\u00ebn m\u00eb t\u00eb r\u00ebnd\u00eb politike n\u00eb dekada. Dhjet\u00ebra mij\u00ebra vet\u00eb dol\u00ebn p\u00ebr t\u00eb protestuar n\u00eb qytete anemban\u00eb vendit.<\/span><\/p>\n<p><span style=\"color: #000000;\">Udh\u00ebheq\u00ebsit e biznesit, ekonomist\u00ebt e lart\u00eb dhe ish-shefat e siguris\u00eb e kan\u00eb kund\u00ebrshtuar t\u00eb gjith\u00eb planin, duke th\u00ebn\u00eb se ai po e \u00e7on vendin drejt autokracis\u00eb.<\/span><\/p>\n<p><span style=\"color: #000000;\">Ekipet negociuese t\u00eb fraksioneve politike rivale t\u00eb Izraelit mbajt\u00ebn takimin e tyre t\u00eb par\u00eb t\u00eb mart\u00ebn von\u00eb p\u00ebr t\u00eb filluar bisedimet mbi nj\u00eb plan t\u00eb mundsh\u00ebm kompromisi.<\/span><\/p>\n<p><span style=\"color: #000000;\">T\u00eb h\u00ebn\u00ebn zoti Netanjahu shtyu planin e tij p\u00ebr ndryshimet n\u00eb gjyq\u00ebsor, duke th\u00ebn\u00eb se donte &#8220;t\u00eb shmangte luft\u00ebn civile&#8221; dhe t\u00eb linte koh\u00eb p\u00ebr t\u00eb gjetur nj\u00eb kompromis me kund\u00ebrshtar\u00ebt politik\u00eb.<\/span><\/p>\n","protected":false,"gt_translate_keys":[{"key":"rendered","format":"html"}]},"excerpt":{"rendered":"<p>Presidenti amerikan Joe Biden i b\u00ebri thirrje kryeministrit izraelit Benjamin Netanjahu t\u00eb heq\u00eb dor\u00eb nga plani p\u00ebr reform\u00ebn e gjyq\u00ebsorit q\u00eb do t\u00eb tkurrte kompetencat e k\u00ebtij sistemi dhe do t\u00eb forconte kontrollin e qeveris\u00eb mbi t\u00eb. Thirrja ngjalli reagimin e udh\u00ebheq\u00ebsit izraelit i cili tha se nuk merr vendime bazuar tek presioni nga jasht\u00eb. [&hellip;]<\/p>\n","protected":false,"gt_translate_keys":[{"key":"rendered","format":"html"}]},"author":32,"featured_media":587618,"comment_status":"closed","ping_status":"closed","sticky":false,"template":"","format":"standard","meta":{"footnotes":""},"categories":[6,13],"tags":[],"class_list":["post-587617","post","type-post","status-publish","format-standard","has-post-thumbnail","hentry","category-nderkombetare","category-te-fundit"],"gt_translate_keys":[{"key":"link","format":"url"}],"_links":{"self":[{"href":"https:\/\/www.hashtag.al\/index.php\/wp-json\/wp\/v2\/posts\/587617","targetHints":{"allow":["GET"]}}],"collection":[{"href":"https:\/\/www.hashtag.al\/index.php\/wp-json\/wp\/v2\/posts"}],"about":[{"href":"https:\/\/www.hashtag.al\/index.php\/wp-json\/wp\/v2\/types\/post"}],"author":[{"embeddable":true,"href":"https:\/\/www.hashtag.al\/index.php\/wp-json\/wp\/v2\/users\/32"}],"replies":[{"embeddable":true,"href":"https:\/\/www.hashtag.al\/index.php\/wp-json\/wp\/v2\/comments?post=587617"}],"version-history":[{"count":0,"href":"https:\/\/www.hashtag.al\/index.php\/wp-json\/wp\/v2\/posts\/587617\/revisions"}],"wp:featuredmedia":[{"embeddable":true,"href":"https:\/\/www.hashtag.al\/index.php\/wp-json\/wp\/v2\/media\/587618"}],"wp:attachment":[{"href":"https:\/\/www.hashtag.al\/index.php\/wp-json\/wp\/v2\/media?parent=587617"}],"wp:term":[{"taxonomy":"category","embeddable":true,"href":"https:\/\/www.hashtag.al\/index.php\/wp-json\/wp\/v2\/categories?post=587617"},{"taxonomy":"post_tag","embeddable":true,"href":"https:\/\/www.hashtag.al\/index.php\/wp-json\/wp\/v2\/tags?post=587617"}],"curies":[{"name":"wp","href":"https:\/\/api.w.org\/{rel}","templated":true}]}}