{"id":587607,"date":"2023-03-29T21:06:55","date_gmt":"2023-03-29T19:06:55","guid":{"rendered":"https:\/\/www.hashtag.al\/?p=587607"},"modified":"2023-03-29T21:06:55","modified_gmt":"2023-03-29T19:06:55","slug":"kurti-nuk-lejova-qe-asociacioni-te-behet-kusht-per-marreveshjen-serbia-hoqi-dore-nga-kjo-kerkese","status":"publish","type":"post","link":"https:\/\/www.hashtag.al\/index.php\/2023\/03\/29\/kurti-nuk-lejova-qe-asociacioni-te-behet-kusht-per-marreveshjen-serbia-hoqi-dore-nga-kjo-kerkese\/","title":{"rendered":"Kurti: Nuk lejova q\u00eb Asociacioni t\u00eb b\u00ebhet kusht p\u00ebr marr\u00ebveshjen, Serbia hoqi dor\u00eb nga kjo k\u00ebrkes\u00eb","gt_translate_keys":[{"key":"rendered","format":"text"}]},"content":{"rendered":"<p><span style=\"color: #000000;\"><a style=\"color: #000000;\" href=\"https:\/\/www.hashtag.al\/wp-content\/uploads\/2023\/03\/albin-kurti-1.jpg\"><img loading=\"lazy\" decoding=\"async\" class=\"aligncenter size-full wp-image-587562\" src=\"https:\/\/www.hashtag.al\/wp-content\/uploads\/2023\/03\/albin-kurti-1.jpg\" alt=\"\" width=\"919\" height=\"547\" srcset=\"https:\/\/www.hashtag.al\/wp-content\/uploads\/2023\/03\/albin-kurti-1.jpg 919w, https:\/\/www.hashtag.al\/wp-content\/uploads\/2023\/03\/albin-kurti-1-300x179.jpg 300w, https:\/\/www.hashtag.al\/wp-content\/uploads\/2023\/03\/albin-kurti-1-768x457.jpg 768w\" sizes=\"auto, (max-width: 919px) 100vw, 919px\" \/><\/a><\/span><\/p>\n<p><span style=\"color: #000000;\">Kryeministri i Kosov\u00ebs, Albin Kurti ka th\u00ebn\u00eb se Serbia gjat\u00eb gjith\u00eb vitit 2021 dhe 2022 ka insistuar q\u00eb zbatimi i Asociacionit t\u00eb jet\u00eb parakusht p\u00ebr diskutimin e marr\u00ebveshjes.<\/span><\/p>\n<p><span style=\"color: #000000;\">Kurti thot\u00eb se nuk e ka lejuar q\u00eb Asociacioni t\u00eb jet\u00eb parakusht p\u00ebr zbatimin e marr\u00ebveshjes. K\u00ebt\u00eb e ka b\u00ebr\u00eb pas takimit trelateral q\u00eb e kan\u00eb pasur m\u00eb 18 gusht me p\u00ebrfaq\u00ebsuesin e BE-s\u00eb, Joseph Borrell, emisarin special t\u00eb dialogut, Miroslav Lajcak, dhe presidentin serb, Aleksand\u00ebr Vu\u00e7i\u00e7.<\/span><\/p>\n<p><span style=\"color: #000000;\">\u201c<em>Serbia gjat\u00eb vitit 2021 dhe 2022 ka insistuar t\u00ebr\u00eb koh\u00ebn q\u00eb zbatimi i Asociacionit t\u00eb jet\u00eb parakusht p\u00ebr t\u00eb diskutuar p\u00ebr marr\u00ebveshjen, kjo ka p\u00ebrfunduar me dat\u00ebn 18 gusht. M\u00eb dat\u00ebn 18 gusht, n\u00eb takimin q\u00eb kemi pasur me Borrellin dhe Lajcak, nj\u00ebher\u00eb bilateral e pastaj trelateral edhe me presidentin e Serbis\u00eb, p\u00ebrfundimisht u vulos q\u00eb t\u00eb fillojn\u00eb bisedimet p\u00ebr korniz\u00ebn e p\u00ebrgjithshme t\u00eb marr\u00ebveshjes. Tri jav\u00eb m\u00eb von\u00eb na vjen drafti i par\u00eb.<\/em><\/span><\/p>\n<p><span style=\"color: #000000;\"><em>\u00a0Ai \u00ebsht\u00eb momenti q\u00eb un\u00eb assesi nuk kam lejuar q\u00eb Asociacioni t\u00eb jet\u00eb parakusht p\u00ebr marr\u00ebveshje sa i p\u00ebrket zbatimit, t\u00eb jet\u00eb n\u00eb preambul\u00eb apo nenet e para por gjithsesi vet\u00ebm n\u00eb kuad\u00ebr t\u00eb atyre 39 marr\u00ebveshje, q\u00eb un\u00eb dal kryeminist\u00ebr t\u00ebr\u00ebsisht joserioz n\u00ebse them se nuk jan\u00eb b\u00ebr\u00eb<\/em>\u201d, tha Kurti n\u00eb Rtv Dukagjini.<\/span><\/p>\n","protected":false,"gt_translate_keys":[{"key":"rendered","format":"html"}]},"excerpt":{"rendered":"<p>Kryeministri i Kosov\u00ebs, Albin Kurti ka th\u00ebn\u00eb se Serbia gjat\u00eb gjith\u00eb vitit 2021 dhe 2022 ka insistuar q\u00eb zbatimi i Asociacionit t\u00eb jet\u00eb parakusht p\u00ebr diskutimin e marr\u00ebveshjes. Kurti thot\u00eb se nuk e ka lejuar q\u00eb Asociacioni t\u00eb jet\u00eb parakusht p\u00ebr zbatimin e marr\u00ebveshjes. K\u00ebt\u00eb e ka b\u00ebr\u00eb pas takimit trelateral q\u00eb e kan\u00eb pasur [&hellip;]<\/p>\n","protected":false,"gt_translate_keys":[{"key":"rendered","format":"html"}]},"author":32,"featured_media":587562,"comment_status":"closed","ping_status":"closed","sticky":false,"template":"","format":"standard","meta":{"footnotes":""},"categories":[149,13],"tags":[],"class_list":["post-587607","post","type-post","status-publish","format-standard","has-post-thumbnail","hentry","category-kosoverajon","category-te-fundit"],"gt_translate_keys":[{"key":"link","format":"url"}],"_links":{"self":[{"href":"https:\/\/www.hashtag.al\/index.php\/wp-json\/wp\/v2\/posts\/587607","targetHints":{"allow":["GET"]}}],"collection":[{"href":"https:\/\/www.hashtag.al\/index.php\/wp-json\/wp\/v2\/posts"}],"about":[{"href":"https:\/\/www.hashtag.al\/index.php\/wp-json\/wp\/v2\/types\/post"}],"author":[{"embeddable":true,"href":"https:\/\/www.hashtag.al\/index.php\/wp-json\/wp\/v2\/users\/32"}],"replies":[{"embeddable":true,"href":"https:\/\/www.hashtag.al\/index.php\/wp-json\/wp\/v2\/comments?post=587607"}],"version-history":[{"count":0,"href":"https:\/\/www.hashtag.al\/index.php\/wp-json\/wp\/v2\/posts\/587607\/revisions"}],"wp:featuredmedia":[{"embeddable":true,"href":"https:\/\/www.hashtag.al\/index.php\/wp-json\/wp\/v2\/media\/587562"}],"wp:attachment":[{"href":"https:\/\/www.hashtag.al\/index.php\/wp-json\/wp\/v2\/media?parent=587607"}],"wp:term":[{"taxonomy":"category","embeddable":true,"href":"https:\/\/www.hashtag.al\/index.php\/wp-json\/wp\/v2\/categories?post=587607"},{"taxonomy":"post_tag","embeddable":true,"href":"https:\/\/www.hashtag.al\/index.php\/wp-json\/wp\/v2\/tags?post=587607"}],"curies":[{"name":"wp","href":"https:\/\/api.w.org\/{rel}","templated":true}]}}