{"id":587604,"date":"2023-03-29T20:48:21","date_gmt":"2023-03-29T18:48:21","guid":{"rendered":"https:\/\/www.hashtag.al\/?p=587604"},"modified":"2023-03-29T20:48:21","modified_gmt":"2023-03-29T18:48:21","slug":"kryemadhi-takim-me-shtabin-elektoral-te-kandidatit-te-fierit-bashkia-meriton-nje-shans-te-ri","status":"publish","type":"post","link":"https:\/\/www.hashtag.al\/index.php\/2023\/03\/29\/kryemadhi-takim-me-shtabin-elektoral-te-kandidatit-te-fierit-bashkia-meriton-nje-shans-te-ri\/","title":{"rendered":"Kryemadhi takim me shtabin elektoral t\u00eb kandidatit t\u00eb Fierit: Bashkia meriton nj\u00eb shans t\u00eb ri","gt_translate_keys":[{"key":"rendered","format":"text"}]},"content":{"rendered":"<p><span style=\"color: #000000;\"><a style=\"color: #000000;\" href=\"https:\/\/www.hashtag.al\/wp-content\/uploads\/2023\/03\/kryemadhi-fier.jpg\"><img loading=\"lazy\" decoding=\"async\" class=\"aligncenter size-full wp-image-587605\" src=\"https:\/\/www.hashtag.al\/wp-content\/uploads\/2023\/03\/kryemadhi-fier.jpg\" alt=\"\" width=\"900\" height=\"675\" srcset=\"https:\/\/www.hashtag.al\/wp-content\/uploads\/2023\/03\/kryemadhi-fier.jpg 900w, https:\/\/www.hashtag.al\/wp-content\/uploads\/2023\/03\/kryemadhi-fier-300x225.jpg 300w, https:\/\/www.hashtag.al\/wp-content\/uploads\/2023\/03\/kryemadhi-fier-768x576.jpg 768w\" sizes=\"auto, (max-width: 900px) 100vw, 900px\" \/><\/a><\/span><\/p>\n<p><span style=\"color: #000000;\">Deputetja e Partis\u00eb s\u00eb Liris\u00eb, n\u00eb Qarkun e Fierit, Monika Kryemadhi ka zhvilluar nj\u00eb takim me shtabin elektoral t\u00eb kandidatit p\u00ebr Bashkin\u00eb e Fierit Edvar Kodheli.<\/span><\/p>\n<p><span style=\"color: #000000;\">Kryemadhi thekson se Fieri meriton nj\u00eb shans t\u00eb ri dhe nj\u00eb kryetar q\u00eb i n\u00ebnshtrohet vullnetit t\u00eb qytetar\u00ebve dhe interesave klienteliste t\u00eb qeveris\u00eb.<\/span><\/p>\n<p><span style=\"color: #000000;\"><em>\u201cSot me shtabin elektoral t\u00eb kandidatit t\u00eb koalicionit \u2018Bashk\u00eb Fitojm\u00eb\u2019 p\u00ebr Kryetar t\u00eb Bashkis\u00eb s\u00eb Fierit , Evdar Kodheli.<\/em><\/span><\/p>\n<p><span style=\"color: #000000;\"><em>Qarku i Fierit \u00ebsht\u00eb qarku m\u00eb i pasur n\u00eb Shqip\u00ebri, jo vet\u00ebm p\u00ebr sa i p\u00ebrket burimeve natyrore, por edhe p\u00ebr sa i p\u00ebrket kapaciteteve njer\u00ebzore, ndaj Fierit duhet t\u2019i rikthehet fuqia, autoriteti dhe pushteti n\u00eb dor\u00ebn e qytetar\u00ebve t\u00eb tij.<\/em><\/span><\/p>\n<p><span style=\"color: #000000;\"><em>Fieri sot meriton nj\u00eb shans t\u00eb ri. Tani \u00ebsht\u00eb momenti juaj, p\u00ebr t\u2019i dh\u00ebn\u00eb vetes, familjes, f\u00ebmij\u00ebve e qytetit tuaj, nj\u00eb Kryetar Bashkie q\u00eb i n\u00ebnshtrohet vullnetit tuaj dhe jo interesave klienteliste t\u00eb qeveris\u00eb.<\/em><\/span><\/p>\n<p><span style=\"color: #000000;\"><em>14 Maji do t\u00eb jet\u00eb dita e fitores s\u00eb qytetar\u00ebve fierak\u00eb, do t\u00eb jet\u00eb dita e fitores s\u00eb Ndryshimit t\u00eb Madh\u201d-<\/em>shkruan Kryemadhi.<\/span><\/p>\n","protected":false,"gt_translate_keys":[{"key":"rendered","format":"html"}]},"excerpt":{"rendered":"<p>Deputetja e Partis\u00eb s\u00eb Liris\u00eb, n\u00eb Qarkun e Fierit, Monika Kryemadhi ka zhvilluar nj\u00eb takim me shtabin elektoral t\u00eb kandidatit p\u00ebr Bashkin\u00eb e Fierit Edvar Kodheli. Kryemadhi thekson se Fieri meriton nj\u00eb shans t\u00eb ri dhe nj\u00eb kryetar q\u00eb i n\u00ebnshtrohet vullnetit t\u00eb qytetar\u00ebve dhe interesave klienteliste t\u00eb qeveris\u00eb. \u201cSot me shtabin elektoral t\u00eb kandidatit [&hellip;]<\/p>\n","protected":false,"gt_translate_keys":[{"key":"rendered","format":"html"}]},"author":32,"featured_media":587605,"comment_status":"closed","ping_status":"closed","sticky":false,"template":"","format":"standard","meta":{"footnotes":""},"categories":[65,13],"tags":[],"class_list":["post-587604","post","type-post","status-publish","format-standard","has-post-thumbnail","hentry","category-lajme","category-te-fundit"],"gt_translate_keys":[{"key":"link","format":"url"}],"_links":{"self":[{"href":"https:\/\/www.hashtag.al\/index.php\/wp-json\/wp\/v2\/posts\/587604","targetHints":{"allow":["GET"]}}],"collection":[{"href":"https:\/\/www.hashtag.al\/index.php\/wp-json\/wp\/v2\/posts"}],"about":[{"href":"https:\/\/www.hashtag.al\/index.php\/wp-json\/wp\/v2\/types\/post"}],"author":[{"embeddable":true,"href":"https:\/\/www.hashtag.al\/index.php\/wp-json\/wp\/v2\/users\/32"}],"replies":[{"embeddable":true,"href":"https:\/\/www.hashtag.al\/index.php\/wp-json\/wp\/v2\/comments?post=587604"}],"version-history":[{"count":0,"href":"https:\/\/www.hashtag.al\/index.php\/wp-json\/wp\/v2\/posts\/587604\/revisions"}],"wp:featuredmedia":[{"embeddable":true,"href":"https:\/\/www.hashtag.al\/index.php\/wp-json\/wp\/v2\/media\/587605"}],"wp:attachment":[{"href":"https:\/\/www.hashtag.al\/index.php\/wp-json\/wp\/v2\/media?parent=587604"}],"wp:term":[{"taxonomy":"category","embeddable":true,"href":"https:\/\/www.hashtag.al\/index.php\/wp-json\/wp\/v2\/categories?post=587604"},{"taxonomy":"post_tag","embeddable":true,"href":"https:\/\/www.hashtag.al\/index.php\/wp-json\/wp\/v2\/tags?post=587604"}],"curies":[{"name":"wp","href":"https:\/\/api.w.org\/{rel}","templated":true}]}}