{"id":587508,"date":"2023-03-29T11:58:58","date_gmt":"2023-03-29T09:58:58","guid":{"rendered":"https:\/\/www.hashtag.al\/?p=587508"},"modified":"2023-03-29T11:58:58","modified_gmt":"2023-03-29T09:58:58","slug":"si-e-njoh-une-roland-bejkon","status":"publish","type":"post","link":"https:\/\/www.hashtag.al\/index.php\/2023\/03\/29\/si-e-njoh-une-roland-bejkon\/","title":{"rendered":"Si e njoh un\u00eb Roland Bejkon","gt_translate_keys":[{"key":"rendered","format":"text"}]},"content":{"rendered":"<p><span style=\"color: #000000;\"><em><strong><img loading=\"lazy\" decoding=\"async\" class=\"alignleft size-medium wp-image-486972\" src=\"https:\/\/www.hashtag.al\/wp-content\/uploads\/2021\/11\/lapardhajaa-1-300x265.jpg\" alt=\"\" width=\"300\" height=\"265\" srcset=\"https:\/\/www.hashtag.al\/wp-content\/uploads\/2021\/11\/lapardhajaa-1-300x265.jpg 300w, https:\/\/www.hashtag.al\/wp-content\/uploads\/2021\/11\/lapardhajaa-1-768x678.jpg 768w, https:\/\/www.hashtag.al\/wp-content\/uploads\/2021\/11\/lapardhajaa-1.jpg 800w\" sizes=\"auto, (max-width: 300px) 100vw, 300px\" \/>Blog Autor: Namir Lapardhaja<\/strong><\/em><\/span><\/p>\n<p><span style=\"color: #000000;\">Sulmet e fundit t\u00eb \u201cFoltores\u201d dhe enturazhit t\u00eb tyre mediatik ndaj kandidatit t\u00eb Partis\u00eb Demokratike n\u00eb Tiran\u00eb, Roland Bejkos, jan\u00eb tregues i asaj se k\u00ebta njer\u00ebz nuk e kan\u00eb betej\u00ebn me Partin\u00eb Socialiste dhe Erjon Velin\u00eb, por me Partin\u00eb Demokratike dhe kandidat\u00ebt e saj. <\/span><\/p>\n<p><span style=\"color: #000000;\">Ata nuk kan\u00eb synim pushtetin lokal, por sundimin e PD-s\u00eb. Nuk duan fitoren e bashkis\u00eb, sepse e din\u00eb q\u00eb nuk mundet, por n\u00ebnshtrimin e asaj pjese t\u00eb partis\u00eb q\u00eb ende nuk iu \u00ebsht\u00eb bindur. Dhe k\u00ebt\u00eb gj\u00eb synojn\u00eb ta arrijn\u00eb me \u00e7do m\u00ebnyr\u00eb dhe rrug\u00eb t\u00eb pamoralshme, sepse jan\u00eb t\u00eb besimit se morali n\u00eb politik\u00eb \u00ebsht\u00eb tregues i dob\u00ebsis\u00eb njer\u00ebzore.<\/span><\/p>\n<p><span style=\"color: #000000;\">Roland Bejkon e kam njohur p\u00ebr her\u00eb t\u00eb par\u00eb n\u00eb vitin 2005. At\u00ebher\u00eb isha student n\u00eb Universitetin e Tiran\u00ebs. Ai sapo ishte em\u00ebruar Prefekt i Beratit. Njohja ka ardhur n\u00ebp\u00ebrmjet piktorit beratas Kastriot Dervishi, poetit Yzedin Hima dhe shkrimtarit Balil Gjini. T\u00eb tre miq t\u00eb p\u00ebrbashk\u00ebt q\u00eb na bashkonte d\u00ebshira p\u00ebr artin dhe p\u00ebr let\u00ebrsin\u00eb. Rolandi, p\u00ebrve\u00e7se me politik\u00eb, frekuentohej me k\u00ebta njer\u00ebz n\u00eb qytet. Un\u00eb, si i ri, p\u00ebrkrahesha prej tyre.<\/span><\/p>\n<p><span style=\"color: #000000;\">N\u00eb k\u00ebt\u00eb shkrim, do t\u00eb sjell disa detaje, t\u00eb cilat tregojn\u00eb p\u00ebr bot\u00ebkuptimin dhe qart\u00ebsin\u00eb e Bejkos si zyrtar model i administrat\u00ebs shtet\u00ebrore dhe se si e njohin qytetar\u00ebt e Beratit, t\u00eb cil\u00ebt edhe sot e k\u00ebsaj dite ruajn\u00eb respekt dhe vler\u00ebsim t\u00eb ve\u00e7ant\u00eb p\u00ebr t\u00eb.<\/span><\/p>\n<p><span style=\"color: #000000;\">N\u00eb mbledhjen e par\u00eb me drejtuesit e institucioneve vendore n\u00eb vitin 2005, mes t\u00eb tjerave, Roland Bejko, ndon\u00ebse i deleguar i Kryeministrit t\u00eb koh\u00ebs dhe i em\u00ebruar politikisht n\u00eb at\u00eb detyr\u00eb, u ngrit dhe tha: <em>\u201cShqiptar\u00ebt na kan\u00eb votuar p\u00ebr t\u2019i drejtuar t\u00eb gjith\u00eb dhe jo vet\u00ebm nj\u00eb pjes\u00eb t\u00eb tyre. Nga sot, mos shihni kush \u00ebsht\u00eb i PD-s\u00eb kush \u00ebsht\u00eb i PS-s\u00eb. Zbatoni vet\u00ebm ligjin, ai \u00ebsht\u00eb partia jon\u00eb.\u201d<\/em> <\/span><\/p>\n<p><span style=\"color: #000000;\">Natyrisht shum\u00eb prej pjes\u00ebmarr\u00ebsve ngel\u00ebn t\u00eb \u00e7uditur se si mund t\u00eb fliste k\u00ebshtu Prefekti i Qarkut, mir\u00ebpo ai e kishte t\u00eb qart\u00eb se \u00e7far\u00eb po thoshte dhe \u00e7far\u00eb po u k\u00ebrkonte, qart\u00ebsi q\u00eb buronte prej formimit t\u00eb tij intelektual.<\/span><\/p>\n<p><span style=\"color: #000000;\">Pas dy vitesh, n\u00eb nj\u00eb mbledhje me drejtues vendor, n\u00eb prani t\u00eb z\u00ebvend\u00ebsministrit t\u00eb pushtetit lokal t\u00eb PD-s\u00eb s\u00eb koh\u00ebs dhe t\u00eb kryetarit t\u00eb Bashkis\u00eb Berat, shefi i protokollit t\u00eb Bashkis\u00eb prezantoi t\u00eb ftuarit dhe e nisi nga Prefekti i Qarkut: <em>\u201cI nderuar zoti Prefekt i Qarkut Berat&#8230;. I nderuar zoti kryetar i Bashkis\u00eb&#8230;!&#8221;<\/em><\/span><\/p>\n<p><span style=\"color: #000000;\"> Mbledhja zhvillohej n\u00eb ambientet e Bashkis\u00eb Berat. Pas mbaroi prezantimin, Rolandi me humor, por edhe me nj\u00eb vet\u00ebdije administrative, i tha: <em>\u201cZoti Kadri, edhe p\u00ebr sa koh\u00eb t\u00eb jem un\u00eb Prefekt i Qarkut, nuk e ke keq me k\u00ebt\u00eb renditje, por, pasi t\u00eb iki un\u00eb, duhet t\u00eb kesh parasysh se i zoti i sht\u00ebpis\u00eb n\u00eb qytet \u00ebsht\u00eb Fadili, kryetari i Bashkis\u00eb, nga ai duhet nisur renditja protokollare&#8230;\u201d<\/em><\/span><\/p>\n<p><span style=\"color: #000000;\">N\u00eb fakt, po jepte nj\u00eb leksion se si duhej ndar\u00eb pushteti dhe se si duhej respektuar i pari i tij, pavar\u00ebsisht se kush ishte kryetar Bashkie apo cila forc\u00eb politike e drejtonte. P\u00ebr asnj\u00eb moment si Prefekt i Beratit nuk u mor me cic-mice t\u00eb vogla, por gjithmon\u00eb duke qen\u00eb korrekt dhe rigoroz ndaj ligjit.<\/span><\/p>\n<p><span style=\"color: #000000;\"> T\u00eb nj\u00ebjt\u00ebn gj\u00eb b\u00ebri kur bashk\u00ebpunoi fort dhe pa m\u00eb t\u00eb voglin hezitim me kryetarin e Bashkis\u00eb Berat q\u00eb ishte nga PS-ja dhe drejues t\u00eb tjer\u00eb institucionesh p\u00ebr t\u00eb p\u00ebrgatitur dosjen voluminoze p\u00ebr aplikimin dhe, m\u00eb pas, an\u00ebtar\u00ebsimin e Beratit n\u00eb UNESCO.<\/span><\/p>\n<p><span style=\"color: #000000;\">Roland Bejko \u00ebsht\u00eb nga t\u00eb rrall\u00ebt zyrtar\u00eb t\u00eb shtetit shqiptar q\u00eb n\u00eb kulmin pushtetit, kur kjo forc\u00eb politike kishte vet\u00ebm dy vite q\u00eb drejtonte vendin, ka dh\u00ebn\u00eb dor\u00ebheqjen nga Prefekti i Qarkut p\u00ebr t\u00eb vijuar studimet pasuniversitare n\u00eb nj\u00eb vend t\u00eb huaj.<\/span><\/p>\n<p><span style=\"color: #000000;\"> Ishte koha kur nj\u00eb pjes\u00eb e atyre q\u00eb e sulmojn\u00eb sot, ishin t\u00eb parimit t\u00eb b\u00ebjm\u00eb ndonj\u00eb lek\u00eb apo t\u00eb kapim ndonj\u00eb gj\u00eb sa koh\u00eb e kemi n\u00eb dor\u00eb. Kur pa se me k\u00eb e z\u00ebvend\u00ebsuan n\u00eb Berat, Rolandi tha shprehjen e famshme lapidare, q\u00eb mbahet mend prej t\u00eb gjith\u00eb miqve t\u00eb tij: <em>\u201cKur e pash\u00eb se me k\u00eb m\u00eb z\u00ebvend\u00ebsoi, e kuptova se sa respekt t\u00eb madh paska pasur p\u00ebr mua Sali Berisha.\u201d<\/em><\/span><\/p>\n<p><span style=\"color: #000000;\"> \u00cbsht\u00eb vitit 2007. Edhe Lulzim Bash\u00ebs t\u2019ia thoshe k\u00ebto fjal\u00eb n\u00eb at\u00eb koh\u00eb (dhe shum\u00eb m\u00eb pas, n\u00eb fakt), do b\u00ebnte sikur nuk d\u00ebgjonte p\u00ebr t\u00eb mos e futur veten n\u00eb telashe.<\/span><\/p>\n<p><span style=\"color: #000000;\">Roland Bejko \u00ebsht\u00eb sot n\u00eb nj\u00eb gar\u00eb t\u00eb v\u00ebshtir\u00eb, por ai \u00ebsht\u00eb model i zyrtarit korrekt dhe i drejtuesit t\u00eb vet\u00ebdijsh\u00ebm q\u00eb, pavar\u00ebsisht bindjeve politike, duhet pasur nj\u00eb vet\u00ebdije shtet\u00ebrore. Ai nuk \u00ebsht\u00eb njeri i kompromiseve dhe i kulisave, i skutave apo i pazareve n\u00ebn tavolin\u00eb. <\/span><\/p>\n<p><span style=\"color: #000000;\">I ka q\u00ebndruar PD-s\u00eb n\u00eb koh\u00eb t\u00eb v\u00ebshtira, si viti 1997, ka drejtuar institucione t\u00eb r\u00ebnd\u00ebsishme shtet\u00ebrore dhe e ka nd\u00ebrtuar karrier\u00ebn e tij politike me vet\u00ebdije t\u00eb lart\u00eb dhe me integritet. Ai \u00ebsht\u00eb p\u00ebrplasur me Berish\u00ebn dhe Bash\u00ebn p\u00ebr shkak t\u00eb bindjeve dhe besimit t\u00eb tij tek disa norma dhe parime, nuk ka heshtuar kur \u00ebsht\u00eb dashur t\u00eb flitet dhe nuk ka par\u00eb nga do vej\u00eb forca kur \u00ebsht\u00eb dashur t\u00eb reagoj\u00eb. Si kan\u00eb b\u00ebr\u00eb shum\u00eb bythec\u00eb q\u00eb shkuan tek Berisha, p\u00ebr shkak t\u00eb frik\u00ebs dhe jo t\u00eb besimit.<\/span><\/p>\n<p><span style=\"color: #000000;\">T\u00eb dy kandidat\u00ebt q\u00eb Roland Bejko ka p\u00ebrball\u00eb n\u00eb bashkin\u00eb e Tiran\u00ebs, ndon\u00ebse mund t\u00eb ken\u00eb mb\u00ebshtet\u00ebs t\u00eb shumt\u00eb, p\u00ebr shkak t\u00eb rrethanave dhe situat\u00ebs, nuk kan\u00eb asgj\u00eb t\u00eb p\u00ebrbashk\u00ebt p\u00ebrsa i p\u00ebrket formimit, historis\u00eb apo karrier\u00ebs politike me t\u00eb. <\/span><\/p>\n<p><span style=\"color: #000000;\">Ata jan\u00eb thjesht imitime t\u00eb zbeht\u00eb t\u00eb shefave t\u00eb tyre, t\u00eb ngjash\u00ebm llahtarisht me nj\u00ebri-tjetrin, saq\u00eb nuk dallohet ku fillon nj\u00ebri e ku mbaron tjetri, dhe n\u00eb ato pozicione apo gara mb\u00ebshteten dhe promovohen nga interesa t\u00eb tjer\u00eb, q\u00eb i tejkalojn\u00eb ata. <\/span><\/p>\n<p><span style=\"color: #000000;\">N\u00eb realitete paralele Veliaj dhe K\u00eblli\u00e7i mund t\u00eb ishin thjesht hi\u00e7kush\u00ebr, sepse boshi intelektual i tyre \u00ebsht\u00eb ul\u00ebrit\u00ebs, nd\u00ebrsa Roland Bejko \u00ebsht\u00eb figur\u00eb bio politike, q\u00eb e ka nd\u00ebrtuar vet\u00eb personalitetin dhe figur\u00ebn e tij, n\u00eb nj\u00eb koh\u00eb dhe periudh\u00eb q\u00eb p\u00ebr t\u00eb qen\u00eb vetvetja do duhej t\u00eb paguaje kosto t\u00eb m\u00ebdha.\u00a0<\/span><\/p>\n","protected":false,"gt_translate_keys":[{"key":"rendered","format":"html"}]},"excerpt":{"rendered":"<p>Blog Autor: Namir Lapardhaja Sulmet e fundit t\u00eb \u201cFoltores\u201d dhe enturazhit t\u00eb tyre mediatik ndaj kandidatit t\u00eb Partis\u00eb Demokratike n\u00eb Tiran\u00eb, Roland Bejkos, jan\u00eb tregues i asaj se k\u00ebta njer\u00ebz nuk e kan\u00eb betej\u00ebn me Partin\u00eb Socialiste dhe Erjon Velin\u00eb, por me Partin\u00eb Demokratike dhe kandidat\u00ebt e saj. Ata nuk kan\u00eb synim pushtetin lokal, por [&hellip;]<\/p>\n","protected":false,"gt_translate_keys":[{"key":"rendered","format":"html"}]},"author":51,"featured_media":486972,"comment_status":"closed","ping_status":"closed","sticky":false,"template":"","format":"standard","meta":{"footnotes":""},"categories":[20],"tags":[],"class_list":["post-587508","post","type-post","status-publish","format-standard","has-post-thumbnail","hentry","category-blog"],"gt_translate_keys":[{"key":"link","format":"url"}],"_links":{"self":[{"href":"https:\/\/www.hashtag.al\/index.php\/wp-json\/wp\/v2\/posts\/587508","targetHints":{"allow":["GET"]}}],"collection":[{"href":"https:\/\/www.hashtag.al\/index.php\/wp-json\/wp\/v2\/posts"}],"about":[{"href":"https:\/\/www.hashtag.al\/index.php\/wp-json\/wp\/v2\/types\/post"}],"author":[{"embeddable":true,"href":"https:\/\/www.hashtag.al\/index.php\/wp-json\/wp\/v2\/users\/51"}],"replies":[{"embeddable":true,"href":"https:\/\/www.hashtag.al\/index.php\/wp-json\/wp\/v2\/comments?post=587508"}],"version-history":[{"count":0,"href":"https:\/\/www.hashtag.al\/index.php\/wp-json\/wp\/v2\/posts\/587508\/revisions"}],"wp:featuredmedia":[{"embeddable":true,"href":"https:\/\/www.hashtag.al\/index.php\/wp-json\/wp\/v2\/media\/486972"}],"wp:attachment":[{"href":"https:\/\/www.hashtag.al\/index.php\/wp-json\/wp\/v2\/media?parent=587508"}],"wp:term":[{"taxonomy":"category","embeddable":true,"href":"https:\/\/www.hashtag.al\/index.php\/wp-json\/wp\/v2\/categories?post=587508"},{"taxonomy":"post_tag","embeddable":true,"href":"https:\/\/www.hashtag.al\/index.php\/wp-json\/wp\/v2\/tags?post=587508"}],"curies":[{"name":"wp","href":"https:\/\/api.w.org\/{rel}","templated":true}]}}