{"id":587138,"date":"2023-03-27T14:58:13","date_gmt":"2023-03-27T12:58:13","guid":{"rendered":"https:\/\/www.hashtag.al\/?p=587138"},"modified":"2023-03-27T15:10:49","modified_gmt":"2023-03-27T13:10:49","slug":"top-channel-deklarate-zyrtare-sulmi-ndaj-nesh-akt-terrorist-synon-goditjen-e-medias-se-lire","status":"publish","type":"post","link":"https:\/\/www.hashtag.al\/index.php\/2023\/03\/27\/top-channel-deklarate-zyrtare-sulmi-ndaj-nesh-akt-terrorist-synon-goditjen-e-medias-se-lire\/","title":{"rendered":"Top Channel deklarat\u00eb zyrtare: Sulmi ndaj nesh akt terrorist, synon goditjen e medias s\u00eb lir\u00eb","gt_translate_keys":[{"key":"rendered","format":"text"}]},"content":{"rendered":"<p><span style=\"color: #000000;\"><img loading=\"lazy\" decoding=\"async\" class=\"aligncenter size-full wp-image-587139\" src=\"https:\/\/www.hashtag.al\/wp-content\/uploads\/2023\/03\/640-0-86fce5b92fef2695dd0f35010a0cd5ef.jpg\" alt=\"\" width=\"640\" height=\"336\" srcset=\"https:\/\/www.hashtag.al\/wp-content\/uploads\/2023\/03\/640-0-86fce5b92fef2695dd0f35010a0cd5ef.jpg 640w, https:\/\/www.hashtag.al\/wp-content\/uploads\/2023\/03\/640-0-86fce5b92fef2695dd0f35010a0cd5ef-300x158.jpg 300w\" sizes=\"auto, (max-width: 640px) 100vw, 640px\" \/><\/span><\/p>\n<p><span style=\"color: #000000;\">Akt terrorist e sulm ndaj medias s\u00eb lir\u00eb e fuqis\u00eb s\u00eb fjal\u00ebs s\u00eb lir\u00eb i ka quajtur Top Channel t\u00eb sht\u00ebnat ndaj godin\u00ebs or\u00ebt e para t\u00eb m\u00ebngjesit t\u00eb sot\u00ebm ku humbi jet\u00ebn roja i godin\u00ebs, 60-vje\u00e7ari Pal Kola. <\/span><\/p>\n<p><span style=\"color: #000000;\">N\u00eb nj\u00eb reagim zyrtar, Top Channel ngush\u00ebllon familjen e viktim\u00ebs nd\u00ebrsa thekson se sulmet terroriste t\u00eb k\u00ebtij lloji tregojn\u00eb qartazi se sa e r\u00ebnd\u00ebsishme \u00ebsht\u00eb fjala e lir\u00eb.<\/span><\/p>\n<p><span style=\"color: #000000;\">Media shton m\u00eb tej se do vijoj\u00eb t\u00eb kryej\u00eb misionin e fjal\u00ebs s\u00eb lir\u00eb ndaj publikut e shoq\u00ebris\u00eb shqiptare. <\/span><\/p>\n<p><span style=\"color: #000000;\">Top Channel u b\u00ebn thirrje u b\u00ebn thirrje organeve ligjzbatuese q\u00eb t\u00eb zbardhin ngjarjen e r\u00ebnd\u00eb e t\u00eb v\u00ebn\u00eb para drejt\u00ebsis\u00eb autor\u00ebt.<\/span><\/p>\n<p><span style=\"color: #000000;\"><em>&#8220;N\u00eb or\u00ebt e para t\u00eb m\u00ebngjesit t\u00eb dit\u00ebs s\u00eb sotme, e h\u00ebn\u00eb 27 mars 2023, Top Channel \u00ebsht\u00eb goditur nga nj\u00eb sulm terrorist, i pandodhur kurr\u00eb m\u00eb par\u00eb n\u00eb 32 vite nd\u00ebrtim t\u00eb shtetit t\u00eb s\u00eb drejt\u00ebs dhe fjal\u00ebs s\u00eb lir\u00eb.<\/em><\/span><\/p>\n<p><span style=\"color: #000000;\"><em>Pasoj\u00eb e k\u00ebtij sulmi ishte humbja e jet\u00ebs s\u00eb punonj\u00ebsit t\u00eb siguris\u00eb, Pal Kola, i cili i ka qen\u00eb n\u00eb krye t\u00eb detyr\u00ebs, pjes\u00eb e stafit t\u00eb shoq\u00ebris\u00eb s\u00eb siguris\u00eb \u201c\u00d6ktapus\u201d.<\/em><\/span><\/p>\n<p><span style=\"color: #000000;\"><em>N\u00eb or\u00ebn 00.40, i ndjeri Pal Kola \u00ebsht\u00eb gjendur n\u00eb qend\u00ebr t\u00eb bresh\u00ebris\u00eb me 25 plumba n\u00eb drejtim t\u00eb godin\u00ebs s\u00eb Top Channel.<\/em><\/span><\/p>\n<p><span style=\"color: #000000;\"><em>Humbja e jet\u00ebs s\u00eb familjarit, t\u00eb babait e bashk\u00ebshortit Pal Kola n\u00eb krye t\u00eb detyr\u00ebs, \u00ebsht\u00eb tronditja dhe goditja m\u00eb e madhe p\u00ebr Top Channel.<\/em><\/span><\/p>\n<p><span style=\"color: #000000;\"><em>Ngush\u00ebllojm\u00eb me hidh\u00ebrim t\u00eb thell\u00eb familjen Kola, duke q\u00ebndruar pran\u00eb tyre n\u00eb p\u00ebrballimin e k\u00ebsaj fatkeq\u00ebsie.<\/em><\/span><\/p>\n<p><span style=\"color: #000000;\"><em>Po ashtu, Top Channel shpreh qart\u00ebsin\u00eb q\u00eb ky akt terrorist i paprecedent, \u00ebsht\u00eb kryer p\u00ebr t\u00eb d\u00ebmtuar e goditur misionin e medias s\u00eb lir\u00eb dhe fuqis\u00eb s\u00eb fjal\u00ebs s\u00eb lir\u00eb.<\/em><\/span><\/p>\n<p><span style=\"color: #000000;\"><em>Top Channel, \u00ebsht\u00eb themeluar, krijuar me frym\u00ebn e njeriut q\u00eb nd\u00ebrtoi jo vet\u00ebm iden\u00eb e nj\u00eb media shqiptare me vlera per\u00ebndimore, por dhe mbi t\u00eb gjitha e nj\u00eb media q\u00eb p\u00ebrfaq\u00ebsohet nga grupi i madh i\u00a0 profesionist\u00ebve t\u00eb shquar, figurave publike dhe intelektuale, q\u00eb \u00e7do dit\u00eb ne nj\u00eb transmetim t\u00eb pandalsh\u00ebm televiziv e jo vet\u00ebm, i sh\u00ebrbejn\u00eb publikut me dedikim t\u00eb plot\u00eb.<\/em><\/span><\/p>\n<p><span style=\"color: #000000;\"><em>Sulmet terroriste t\u00eb k\u00ebtij lloji tregojn\u00eb qartazi sa e r\u00ebnd\u00ebsishme \u00ebsht\u00eb fjala e lir\u00eb sa shqet\u00ebsuese p\u00ebr minuesit e demokracis\u00eb.<\/em><\/span><\/p>\n<p><span style=\"color: #000000;\"><em>N\u00eb em\u00ebr t\u00eb detyr\u00ebs m\u00eb t\u00eb lart\u00eb t\u00eb cil\u00ebs i kemi sh\u00ebrbyer, Top Channel do t\u00eb vijoj\u00eb t\u00eb trash\u00ebgoj\u00eb dhe t\u00eb kryej\u00eb misionin e vet t\u00eb fjal\u00ebs s\u00eb lir\u00eb\u00a0 ndaj publikut e shoq\u00ebris\u00eb shqiptare.<\/em><\/span><\/p>\n<p><span style=\"color: #000000;\"><em>N\u00eb em\u00ebr t\u00eb k\u00ebtij misioni, Top Channel k\u00ebrkon dhe pret zbardhjen e plot\u00eb t\u00eb ngjarjes nga organet ligjzbatuese.<\/em><\/span><\/p>\n<p><span style=\"color: #000000;\"><em>Zbardhja e k\u00ebtij akti duhet t\u00eb jet\u00eb prioritet p\u00ebr organet ligjzbatuese, sepse \u00ebsht\u00eb vrar\u00eb nj\u00eb punonj\u00ebs i Top Channel, por gjithashtu \u00ebsht\u00eb atentat ndaj televizionit q\u00eb ka sh\u00ebrbyer n\u00eb transparenc\u00eb e mb\u00ebshtetjen e t\u00eb drejt\u00ebs duke kontribuar me informacion e nd\u00ebrgjegj\u00ebsim dhe fuqizim t\u00eb institucioneve t\u00eb s\u00eb drejt\u00ebs\u00a0 p\u00ebr shoq\u00ebrin\u00eb shqiptare.<\/em><\/span><\/p>\n<p><span style=\"color: #000000;\"><em>Ky akt terrorist \u00ebsht\u00eb i papre\u00e7edent ndaj nj\u00eb media komb\u00ebtare, e lidhet vet\u00ebm me misionin e saj t\u00eb fjal\u00ebs s\u00eb lir\u00eb.<\/em><\/span><\/p>\n<p><span style=\"color: #000000;\"><em>Top Channel, aksioner\u00ebt e tij e familjar\u00ebt, drejtuesit, gazetar\u00ebt e autor\u00ebt, nuk kan\u00eb e nuk ka q\u00ebn\u00eb kurr\u00eb objektiv i ndonj\u00eb sulmi individual q\u00eb prej themelimit t\u00eb tij, gjith\u00e7ka n\u00eb k\u00ebt\u00eb akt terrorist, lidhet dhe ka t\u00eb b\u00ebj\u00eb vet\u00ebm me misionin e Top Channel.<\/em><\/span><\/p>\n<p><span style=\"color: #000000;\"><em>Ky krim i paprecedent\u00eb e akt terrorist, k\u00ebrkon menj\u00ebher\u00eb reagim t\u00eb p\u00ebrgjegjsh\u00ebm e t\u00eb ashp\u00ebr nga Policia e Shtetit dhe institucionet e drejt\u00ebsis\u00eb, p\u00ebr t\u00eb v\u00ebn\u00eb p\u00ebrpara p\u00ebrgjegj\u00ebsis\u00eb autor\u00ebt e vrasjes.<\/em><\/span><\/p>\n<p><span style=\"color: #000000;\"><em>Top Channel, \u00ebsht\u00eb e do t\u00eb jet\u00eb, n\u00eb sh\u00ebrbim t\u00eb publikut shqiptar, pavar\u00ebsisht presioneve t\u00eb vazhdueshme t\u00eb minuesve t\u00eb demokracis\u00eb, t\u00eb cilat i njohin dhe p\u00ebrballojn\u00eb t\u00eb gjitha mediat e lira q\u00eb adhurojn\u00eb e nd\u00ebrtojn\u00eb p\u00ebrkrah vlerave per\u00ebndimore p\u00ebr nd\u00ebrtimin e institucioneve dhe principeve t\u00eb shoq\u00ebris\u00eb shqiptare.<\/em><\/span><\/p>\n<p><span style=\"color: #000000;\"><em>Deklarat\u00eb e Top Channel, pas sulmit me arm\u00eb ndaj k\u00ebtij televizioni.&#8221;<\/em><\/span><\/p>\n","protected":false,"gt_translate_keys":[{"key":"rendered","format":"html"}]},"excerpt":{"rendered":"<p>Akt terrorist e sulm ndaj medias s\u00eb lir\u00eb e fuqis\u00eb s\u00eb fjal\u00ebs s\u00eb lir\u00eb i ka quajtur Top Channel t\u00eb sht\u00ebnat ndaj godin\u00ebs or\u00ebt e para t\u00eb m\u00ebngjesit t\u00eb sot\u00ebm ku humbi jet\u00ebn roja i godin\u00ebs, 60-vje\u00e7ari Pal Kola. N\u00eb nj\u00eb reagim zyrtar, Top Channel ngush\u00ebllon familjen e viktim\u00ebs nd\u00ebrsa thekson se sulmet terroriste t\u00eb [&hellip;]<\/p>\n","protected":false,"gt_translate_keys":[{"key":"rendered","format":"html"}]},"author":51,"featured_media":587139,"comment_status":"closed","ping_status":"closed","sticky":false,"template":"","format":"standard","meta":{"footnotes":""},"categories":[22],"tags":[],"class_list":["post-587138","post","type-post","status-publish","format-standard","has-post-thumbnail","hentry","category-ballina"],"gt_translate_keys":[{"key":"link","format":"url"}],"_links":{"self":[{"href":"https:\/\/www.hashtag.al\/index.php\/wp-json\/wp\/v2\/posts\/587138","targetHints":{"allow":["GET"]}}],"collection":[{"href":"https:\/\/www.hashtag.al\/index.php\/wp-json\/wp\/v2\/posts"}],"about":[{"href":"https:\/\/www.hashtag.al\/index.php\/wp-json\/wp\/v2\/types\/post"}],"author":[{"embeddable":true,"href":"https:\/\/www.hashtag.al\/index.php\/wp-json\/wp\/v2\/users\/51"}],"replies":[{"embeddable":true,"href":"https:\/\/www.hashtag.al\/index.php\/wp-json\/wp\/v2\/comments?post=587138"}],"version-history":[{"count":0,"href":"https:\/\/www.hashtag.al\/index.php\/wp-json\/wp\/v2\/posts\/587138\/revisions"}],"wp:featuredmedia":[{"embeddable":true,"href":"https:\/\/www.hashtag.al\/index.php\/wp-json\/wp\/v2\/media\/587139"}],"wp:attachment":[{"href":"https:\/\/www.hashtag.al\/index.php\/wp-json\/wp\/v2\/media?parent=587138"}],"wp:term":[{"taxonomy":"category","embeddable":true,"href":"https:\/\/www.hashtag.al\/index.php\/wp-json\/wp\/v2\/categories?post=587138"},{"taxonomy":"post_tag","embeddable":true,"href":"https:\/\/www.hashtag.al\/index.php\/wp-json\/wp\/v2\/tags?post=587138"}],"curies":[{"name":"wp","href":"https:\/\/api.w.org\/{rel}","templated":true}]}}