{"id":586293,"date":"2023-03-22T20:23:28","date_gmt":"2023-03-22T19:23:28","guid":{"rendered":"https:\/\/www.hashtag.al\/?p=586293"},"modified":"2023-03-22T20:23:28","modified_gmt":"2023-03-22T19:23:28","slug":"greqia-rinis-sherbimin-e-transportit-hekurudhor-pas-aksidentit-me-57-viktima","status":"publish","type":"post","link":"https:\/\/www.hashtag.al\/index.php\/2023\/03\/22\/greqia-rinis-sherbimin-e-transportit-hekurudhor-pas-aksidentit-me-57-viktima\/","title":{"rendered":"Greqia rinis sh\u00ebrbimin e transportit hekurudhor pas aksidentit me 57 viktima","gt_translate_keys":[{"key":"rendered","format":"text"}]},"content":{"rendered":"<p><span style=\"color: #000000;\"><a style=\"color: #000000;\" href=\"https:\/\/www.hashtag.al\/wp-content\/uploads\/2023\/03\/treni-greqi.png\"><img loading=\"lazy\" decoding=\"async\" class=\"aligncenter size-full wp-image-586294\" src=\"https:\/\/www.hashtag.al\/wp-content\/uploads\/2023\/03\/treni-greqi.png\" alt=\"\" width=\"943\" height=\"467\" srcset=\"https:\/\/www.hashtag.al\/wp-content\/uploads\/2023\/03\/treni-greqi.png 943w, https:\/\/www.hashtag.al\/wp-content\/uploads\/2023\/03\/treni-greqi-300x149.png 300w, https:\/\/www.hashtag.al\/wp-content\/uploads\/2023\/03\/treni-greqi-768x380.png 768w\" sizes=\"auto, (max-width: 943px) 100vw, 943px\" \/><\/a><\/span><\/p>\n<p><span style=\"color: #000000;\">Sh\u00ebrbimet e trenave kan\u00eb rifilluar n\u00eb Greqi p\u00ebr her\u00eb t\u00eb par\u00eb q\u00eb nga nj\u00eb katastrof\u00eb vdekjeprur\u00ebse hekurudhore tre jav\u00eb m\u00eb par\u00eb, nd\u00ebrsa qeveria e qendr\u00ebs s\u00eb djatht\u00eb t\u00eb vendit p\u00ebrpiqet t\u00eb rimarr\u00eb pozicionin e saj p\u00ebrpara zgjedhjeve t\u00eb p\u00ebrgjithshme.<\/span><\/p>\n<p><span style=\"color: #000000;\">P\u00ebrplasja e 28 shkurtit, m\u00eb e r\u00ebnda n\u00eb historin\u00eb e vendit, vrau 57 njer\u00ebz dhe la dhjet\u00ebra t\u00eb plagosur, me n\u00ebnt\u00eb t\u00eb shtruar ende n\u00eb spital.<\/span><\/p>\n<p><span style=\"color: #000000;\">Incidenti vdekjeprur\u00ebs shkaktoi zem\u00ebrim tek grek\u00ebt q\u00eb protestuan n\u00eb rrug\u00ebt anemban\u00eb vendit. Shum\u00eb besojn\u00eb se tragjedia mund t\u00eb ishte shmangur dhe faj\u00ebsuan qeverin\u00eb dhe sh\u00ebrbimin hekurudhor komb\u00ebtar p\u00ebr infrastruktur\u00ebn e saj t\u00eb vjet\u00ebruar dhe t\u00eb n\u00ebnfinancuar t\u00eb transportit.<\/span><\/p>\n<p><span style=\"color: #000000;\">Banorja e Athin\u00ebs Eli Tosca tha se nuk kishte frik\u00eb t\u00eb hipte n\u00eb tren.<\/span><\/p>\n<p><span style=\"color: #000000;\">&#8220;Ndihem gati. Isha shum\u00eb e m\u00ebrzitur p\u00ebr at\u00eb q\u00eb ndodhi. Kam qar\u00eb shum\u00eb, por duhet t\u00eb punojm\u00eb,&#8221; tha Tosca t\u00eb m\u00ebrkur\u00ebn nd\u00ebrsa p\u00ebrgatitej t\u00eb hipte n\u00eb nj\u00eb tren n\u00eb Athin\u00eb, p\u00ebrcjell Euronews.<\/span><\/p>\n<p><span style=\"color: #000000;\">Turisti kanadez Dax Edgar tha se ishte i lumtur q\u00eb trenat po funksiononin p\u00ebrs\u00ebri &#8220;sepse autobus\u00ebt jan\u00eb t\u00eb shtrenjt\u00eb&#8221;.<\/span><\/p>\n<p><span style=\"color: #000000;\">Sh\u00ebrbimet e trenave komb\u00ebtare dhe periferike rifilluan t\u00eb m\u00ebrkur\u00ebn, por vet\u00ebm p\u00ebrgjat\u00eb seksioneve t\u00eb kufizuara t\u00eb rrjetit hekurudhor, me staf shtes\u00eb t\u00eb trenave dhe stacioneve, dhe pika t\u00eb detyrueshme t\u00eb reduktimit t\u00eb shpejt\u00ebsis\u00eb n\u00eb zonat ku potenciali p\u00ebr nj\u00eb p\u00ebrplasje konsiderohet m\u00eb i lart\u00eb.<\/span><\/p>\n<p><span style=\"color: #000000;\">U rivendos gjithashtu sh\u00ebrbimi hekurudhor periferik nga Athina n\u00eb aeroportin nd\u00ebrkomb\u00ebtar t\u00eb kryeqytetit.<\/span><\/p>\n<p><span style=\"color: #000000;\">Sh\u00ebrbimet e plota do t\u00eb rifillojn\u00eb m\u00eb 11 prill, duke p\u00ebrfshir\u00eb transportin hekurudhor midis Athin\u00ebs dhe qytetit t\u00eb dyt\u00eb m\u00eb t\u00eb madh t\u00eb Greqis\u00eb, Selanikut.<\/span><\/p>\n","protected":false,"gt_translate_keys":[{"key":"rendered","format":"html"}]},"excerpt":{"rendered":"<p>Sh\u00ebrbimet e trenave kan\u00eb rifilluar n\u00eb Greqi p\u00ebr her\u00eb t\u00eb par\u00eb q\u00eb nga nj\u00eb katastrof\u00eb vdekjeprur\u00ebse hekurudhore tre jav\u00eb m\u00eb par\u00eb, nd\u00ebrsa qeveria e qendr\u00ebs s\u00eb djatht\u00eb t\u00eb vendit p\u00ebrpiqet t\u00eb rimarr\u00eb pozicionin e saj p\u00ebrpara zgjedhjeve t\u00eb p\u00ebrgjithshme. P\u00ebrplasja e 28 shkurtit, m\u00eb e r\u00ebnda n\u00eb historin\u00eb e vendit, vrau 57 njer\u00ebz dhe la [&hellip;]<\/p>\n","protected":false,"gt_translate_keys":[{"key":"rendered","format":"html"}]},"author":32,"featured_media":586294,"comment_status":"closed","ping_status":"closed","sticky":false,"template":"","format":"standard","meta":{"footnotes":""},"categories":[149,13],"tags":[],"class_list":["post-586293","post","type-post","status-publish","format-standard","has-post-thumbnail","hentry","category-kosoverajon","category-te-fundit"],"gt_translate_keys":[{"key":"link","format":"url"}],"_links":{"self":[{"href":"https:\/\/www.hashtag.al\/index.php\/wp-json\/wp\/v2\/posts\/586293","targetHints":{"allow":["GET"]}}],"collection":[{"href":"https:\/\/www.hashtag.al\/index.php\/wp-json\/wp\/v2\/posts"}],"about":[{"href":"https:\/\/www.hashtag.al\/index.php\/wp-json\/wp\/v2\/types\/post"}],"author":[{"embeddable":true,"href":"https:\/\/www.hashtag.al\/index.php\/wp-json\/wp\/v2\/users\/32"}],"replies":[{"embeddable":true,"href":"https:\/\/www.hashtag.al\/index.php\/wp-json\/wp\/v2\/comments?post=586293"}],"version-history":[{"count":0,"href":"https:\/\/www.hashtag.al\/index.php\/wp-json\/wp\/v2\/posts\/586293\/revisions"}],"wp:featuredmedia":[{"embeddable":true,"href":"https:\/\/www.hashtag.al\/index.php\/wp-json\/wp\/v2\/media\/586294"}],"wp:attachment":[{"href":"https:\/\/www.hashtag.al\/index.php\/wp-json\/wp\/v2\/media?parent=586293"}],"wp:term":[{"taxonomy":"category","embeddable":true,"href":"https:\/\/www.hashtag.al\/index.php\/wp-json\/wp\/v2\/categories?post=586293"},{"taxonomy":"post_tag","embeddable":true,"href":"https:\/\/www.hashtag.al\/index.php\/wp-json\/wp\/v2\/tags?post=586293"}],"curies":[{"name":"wp","href":"https:\/\/api.w.org\/{rel}","templated":true}]}}