{"id":585777,"date":"2023-03-20T09:04:59","date_gmt":"2023-03-20T08:04:59","guid":{"rendered":"https:\/\/www.hashtag.al\/?p=585777"},"modified":"2023-03-20T09:04:59","modified_gmt":"2023-03-20T08:04:59","slug":"blinken-vlereson-takimin-e-ohrit-mbeshtesim-kosoven-e-serbine-drejt-marredhenies-paqesore","status":"publish","type":"post","link":"https:\/\/www.hashtag.al\/index.php\/2023\/03\/20\/blinken-vlereson-takimin-e-ohrit-mbeshtesim-kosoven-e-serbine-drejt-marredhenies-paqesore\/","title":{"rendered":"Blinken vler\u00ebson takimin e Ohrit: Mb\u00ebshtesim Kosov\u00ebn e Serbin\u00eb drejt marr\u00ebdh\u00ebnies paq\u00ebsore","gt_translate_keys":[{"key":"rendered","format":"text"}]},"content":{"rendered":"<p><img loading=\"lazy\" decoding=\"async\" class=\"aligncenter size-full wp-image-577136\" src=\"https:\/\/www.hashtag.al\/wp-content\/uploads\/2023\/02\/blinken-1.jpg\" alt=\"\" width=\"976\" height=\"549\" srcset=\"https:\/\/www.hashtag.al\/wp-content\/uploads\/2023\/02\/blinken-1.jpg 976w, https:\/\/www.hashtag.al\/wp-content\/uploads\/2023\/02\/blinken-1-300x169.jpg 300w, https:\/\/www.hashtag.al\/wp-content\/uploads\/2023\/02\/blinken-1-768x432.jpg 768w\" sizes=\"auto, (max-width: 976px) 100vw, 976px\" \/><\/p>\n<p><span style=\"color: #000000;\">linken ka vler\u00ebsuar takimin mes Kosov\u00ebs e Serbis\u00eb n\u00eb Oh\u00ebr t\u00eb Maqedonis\u00eb s\u00eb Veriut. <\/span><\/p>\n<p><span style=\"color: #000000;\">Ai theksoi se SHBA-ja do jet\u00eb e p\u00ebrfshir\u00eb n\u00eb m\u00ebnyr\u00eb aktive me BE-n\u00eb p\u00ebr t\u00eb mb\u00ebshtetur dy vendet q\u00eb t\u00eb punojn\u00eb drejt marr\u00ebdh\u00ebnies s\u00eb parashikueshme e paq\u00ebsore.<\/span><\/p>\n<p><span style=\"color: #000000;\"><em>\u201cShtetet e Bashkuara do t\u00eb vazhdojn\u00eb t\u00eb jen\u00eb t\u00eb angazhuara n\u00eb m\u00ebnyr\u00eb aktive, n\u00eb koordinim me partner\u00ebt e BE-s\u00eb, p\u00ebr t\u00eb mb\u00ebshtetur Kosov\u00ebn dhe Serbin\u00eb q\u00eb t\u00eb punojn\u00eb drejt nj\u00eb marr\u00ebdh\u00ebnieje t\u00eb parashikueshme dhe paq\u00ebsore. Ne do t\u00eb vazhdojm\u00eb t\u00eb mb\u00ebshtesim avancimin e stabilitetit dhe prosperitetit n\u00eb Ballkanin Per\u00ebndimor.\u201d &#8211; <\/em>tha Blinken.<\/span><\/p>\n","protected":false,"gt_translate_keys":[{"key":"rendered","format":"html"}]},"excerpt":{"rendered":"<p>linken ka vler\u00ebsuar takimin mes Kosov\u00ebs e Serbis\u00eb n\u00eb Oh\u00ebr t\u00eb Maqedonis\u00eb s\u00eb Veriut. Ai theksoi se SHBA-ja do jet\u00eb e p\u00ebrfshir\u00eb n\u00eb m\u00ebnyr\u00eb aktive me BE-n\u00eb p\u00ebr t\u00eb mb\u00ebshtetur dy vendet q\u00eb t\u00eb punojn\u00eb drejt marr\u00ebdh\u00ebnies s\u00eb parashikueshme e paq\u00ebsore. \u201cShtetet e Bashkuara do t\u00eb vazhdojn\u00eb t\u00eb jen\u00eb t\u00eb angazhuara n\u00eb m\u00ebnyr\u00eb aktive, n\u00eb [&hellip;]<\/p>\n","protected":false,"gt_translate_keys":[{"key":"rendered","format":"html"}]},"author":51,"featured_media":577136,"comment_status":"closed","ping_status":"closed","sticky":false,"template":"","format":"standard","meta":{"footnotes":""},"categories":[149],"tags":[],"class_list":["post-585777","post","type-post","status-publish","format-standard","has-post-thumbnail","hentry","category-kosoverajon"],"gt_translate_keys":[{"key":"link","format":"url"}],"_links":{"self":[{"href":"https:\/\/www.hashtag.al\/index.php\/wp-json\/wp\/v2\/posts\/585777","targetHints":{"allow":["GET"]}}],"collection":[{"href":"https:\/\/www.hashtag.al\/index.php\/wp-json\/wp\/v2\/posts"}],"about":[{"href":"https:\/\/www.hashtag.al\/index.php\/wp-json\/wp\/v2\/types\/post"}],"author":[{"embeddable":true,"href":"https:\/\/www.hashtag.al\/index.php\/wp-json\/wp\/v2\/users\/51"}],"replies":[{"embeddable":true,"href":"https:\/\/www.hashtag.al\/index.php\/wp-json\/wp\/v2\/comments?post=585777"}],"version-history":[{"count":0,"href":"https:\/\/www.hashtag.al\/index.php\/wp-json\/wp\/v2\/posts\/585777\/revisions"}],"wp:featuredmedia":[{"embeddable":true,"href":"https:\/\/www.hashtag.al\/index.php\/wp-json\/wp\/v2\/media\/577136"}],"wp:attachment":[{"href":"https:\/\/www.hashtag.al\/index.php\/wp-json\/wp\/v2\/media?parent=585777"}],"wp:term":[{"taxonomy":"category","embeddable":true,"href":"https:\/\/www.hashtag.al\/index.php\/wp-json\/wp\/v2\/categories?post=585777"},{"taxonomy":"post_tag","embeddable":true,"href":"https:\/\/www.hashtag.al\/index.php\/wp-json\/wp\/v2\/tags?post=585777"}],"curies":[{"name":"wp","href":"https:\/\/api.w.org\/{rel}","templated":true}]}}