{"id":585528,"date":"2023-03-18T18:22:20","date_gmt":"2023-03-18T17:22:20","guid":{"rendered":"https:\/\/www.hashtag.al\/?p=585528"},"modified":"2023-03-18T18:22:20","modified_gmt":"2023-03-18T17:22:20","slug":"berisha-takim-virtual-me-demokratet-ne-londer-shqiptaret-braktisin-vendin-e-tyre-me-shume-se-cdo-komb-tjeter","status":"publish","type":"post","link":"https:\/\/www.hashtag.al\/index.php\/2023\/03\/18\/berisha-takim-virtual-me-demokratet-ne-londer-shqiptaret-braktisin-vendin-e-tyre-me-shume-se-cdo-komb-tjeter\/","title":{"rendered":"Berisha takim virtual me demokrat\u00ebt n\u00eb Lond\u00ebr: Shqiptar\u00ebt braktisin vendin e tyre m\u00eb shum\u00eb se \u00e7do komb tjet\u00ebr","gt_translate_keys":[{"key":"rendered","format":"text"}]},"content":{"rendered":"<p><span style=\"color: #000000;\"><a style=\"color: #000000;\" href=\"https:\/\/www.hashtag.al\/wp-content\/uploads\/2023\/03\/1679157521_Screenshot2.jpg\"><img loading=\"lazy\" decoding=\"async\" class=\"aligncenter size-full wp-image-585529\" src=\"https:\/\/www.hashtag.al\/wp-content\/uploads\/2023\/03\/1679157521_Screenshot2.jpg\" alt=\"\" width=\"780\" height=\"440\" srcset=\"https:\/\/www.hashtag.al\/wp-content\/uploads\/2023\/03\/1679157521_Screenshot2.jpg 780w, https:\/\/www.hashtag.al\/wp-content\/uploads\/2023\/03\/1679157521_Screenshot2-300x169.jpg 300w, https:\/\/www.hashtag.al\/wp-content\/uploads\/2023\/03\/1679157521_Screenshot2-768x433.jpg 768w\" sizes=\"auto, (max-width: 780px) 100vw, 780px\" \/><\/a><\/span><\/p>\n<p><span style=\"color: #000000;\">Sali Berisha, edhe pse i shpallur non grata nga Britania e Madhe, kjo gj\u00eb nuk e ka penguar q\u00eb t\u00eb zhvilloj\u00eb nj\u00eb takim virtual\u00a0 me bashkatdhetar\u00ebt n\u00eb Lond\u00ebr.<\/span><\/p>\n<p><span style=\"color: #000000;\">N\u00eb fjal\u00ebn tij p\u00ebrball\u00eb nj\u00eb grupi demokrat\u00ebsh shqiptar\u00eb n\u00eb Lond\u00ebr, ish-kryeministri n\u00eb fjal\u00ebn e tij hodhi akuza ndaj kryeministrit Edi Rama duke th\u00ebn\u00eb se ai nd\u00ebrtoi n\u00eb k\u00ebto vite narkoshtetin e par\u00eb dhe te vet\u00ebm n\u00eb Europ\u00eb.<\/span><\/p>\n<p><span style=\"color: #000000;\">Berisha u shpreh se vendin e ka pllakosur nj\u00eb kriz\u00eb e thell\u00eb dhe se shqiptar\u00ebt po brakstisin vendin e tyre m\u00eb shum\u00eb se \u00e7do komb tjet\u00ebr.<\/span><\/p>\n<p><span style=\"color: #000000;\">\u2018<em>Ne zhvillojm\u00eb k\u00ebt\u00eb foltore me demokrat\u00ebt e Londr\u00ebs, n\u00eb nj\u00eb koh\u00eb kur vendi \u00ebsht\u00eb i pllakosur n\u00eb nj\u00eb kriz\u00eb t\u00eb thell\u00eb, t\u00eb frikshme. Shqiptar\u00ebt sot, si\u00e7 e dini ju, braktisin vendin e tyre m\u00eb shum\u00eb se \u00e7do komb tjet\u00ebr dhe nuk e braktisin se u mungon dashuria p\u00ebr Shqip\u00ebrin\u00eb, por e braktisin at\u00eb sepse regjimi i sot\u00ebm ka rikthyer monizmin e 32 viteve m\u00eb par\u00eb. Edi Rama nd\u00ebrtoi n\u00eb k\u00ebto vite narkoshtetin e par\u00eb dhe te vet\u00ebm n\u00eb Europ\u00eb, \u00e7\u2019ka do t\u00eb thot\u00eb z\u00ebvend\u00ebsimin e ligjeve, rregullave t\u00eb shtetit ligjor me at\u00eb t\u00eb shtetit mafioz.\u2019<\/em>&#8211; tha Berisha.<\/span><\/p>\n<p><span style=\"color: #000000;\">Ai gjithashtu u b\u00ebri thirrje q\u00eb n\u00eb 14 maj t\u00eb b\u00ebhen bashk\u00eb p\u00ebr t\u00eb rr\u00ebzuar regjimin.<\/span><\/p>\n<p><span style=\"color: #000000;\">\u201c<em>Kandidat\u00ebt tan\u00eb q\u00eb t\u00eb gjith\u00eb jan\u00eb kandidat\u00ebt e liris\u00eb , jan\u00eb zgjedh\u00eb nga an\u00ebtar\u00ebsia dhe mb\u00ebshtet\u00ebsit. Un\u00eb kam besim tek ju. K\u00ebt\u00eb radh\u00eb Edi Rama bllokoi ndryshimet ligjore n\u00eb kund\u00ebrshtim me vendimet e gjykat\u00ebs Kushtetuese q\u00eb sanksionon t\u00eb drejt\u00ebn tua p\u00ebr t\u00eb votuar aty ku jeni, p\u00ebr deputet\u00ebt q\u00eb doni apo k\u00ebshilltar\u00ebt. Ju them se Shqip\u00ebria pa ju, kombi pa ju \u00ebsht\u00eb i mang\u00ebt dhe ndaj t\u00eb b\u00ebhemi bashk\u00eb p\u00ebr realizimin e t\u00eb drejtave p\u00ebr realizimin e nj\u00eb fitoreje t\u00eb shk\u00eblqyer m\u00eb 14 maj p\u00ebr rr\u00ebzimin regjimit. Q\u00ebllimi i Ram\u00ebs \u00ebsht\u00eb t\u00eb l\u00ebr\u00eb vendin pa opozit\u00eb, por k\u00ebt\u00eb nuk do ta lejojm\u00eb. Format e korrupsionit jan\u00eb t\u00eb tmerrshme. Nj\u00eb informacion t\u00eb plot\u00eb do ta merrni s\u00eb shpejti dhe do t\u00eb njiheni me akuzat q\u00eb ky person g\u00ebnjen qeverin\u00eb e tij. vet\u00ebm po t\u00eb klikonte n\u00eb internet do t\u00eb gjente emrin tij ku do t\u00eb shihte edhe denoncimet q\u00eb un\u00eb ka b\u00ebr\u00eb kund\u00ebr bandave\u201d,<\/em> tha Berisha.<\/span><\/p>\n<p>&nbsp;<\/p>\n<p>&nbsp;<\/p>\n","protected":false,"gt_translate_keys":[{"key":"rendered","format":"html"}]},"excerpt":{"rendered":"<p>Sali Berisha, edhe pse i shpallur non grata nga Britania e Madhe, kjo gj\u00eb nuk e ka penguar q\u00eb t\u00eb zhvilloj\u00eb nj\u00eb takim virtual\u00a0 me bashkatdhetar\u00ebt n\u00eb Lond\u00ebr. N\u00eb fjal\u00ebn tij p\u00ebrball\u00eb nj\u00eb grupi demokrat\u00ebsh shqiptar\u00eb n\u00eb Lond\u00ebr, ish-kryeministri n\u00eb fjal\u00ebn e tij hodhi akuza ndaj kryeministrit Edi Rama duke th\u00ebn\u00eb se ai nd\u00ebrtoi n\u00eb [&hellip;]<\/p>\n","protected":false,"gt_translate_keys":[{"key":"rendered","format":"html"}]},"author":30,"featured_media":585529,"comment_status":"closed","ping_status":"closed","sticky":false,"template":"","format":"standard","meta":{"footnotes":""},"categories":[65],"tags":[],"class_list":["post-585528","post","type-post","status-publish","format-standard","has-post-thumbnail","hentry","category-lajme"],"gt_translate_keys":[{"key":"link","format":"url"}],"_links":{"self":[{"href":"https:\/\/www.hashtag.al\/index.php\/wp-json\/wp\/v2\/posts\/585528","targetHints":{"allow":["GET"]}}],"collection":[{"href":"https:\/\/www.hashtag.al\/index.php\/wp-json\/wp\/v2\/posts"}],"about":[{"href":"https:\/\/www.hashtag.al\/index.php\/wp-json\/wp\/v2\/types\/post"}],"author":[{"embeddable":true,"href":"https:\/\/www.hashtag.al\/index.php\/wp-json\/wp\/v2\/users\/30"}],"replies":[{"embeddable":true,"href":"https:\/\/www.hashtag.al\/index.php\/wp-json\/wp\/v2\/comments?post=585528"}],"version-history":[{"count":0,"href":"https:\/\/www.hashtag.al\/index.php\/wp-json\/wp\/v2\/posts\/585528\/revisions"}],"wp:featuredmedia":[{"embeddable":true,"href":"https:\/\/www.hashtag.al\/index.php\/wp-json\/wp\/v2\/media\/585529"}],"wp:attachment":[{"href":"https:\/\/www.hashtag.al\/index.php\/wp-json\/wp\/v2\/media?parent=585528"}],"wp:term":[{"taxonomy":"category","embeddable":true,"href":"https:\/\/www.hashtag.al\/index.php\/wp-json\/wp\/v2\/categories?post=585528"},{"taxonomy":"post_tag","embeddable":true,"href":"https:\/\/www.hashtag.al\/index.php\/wp-json\/wp\/v2\/tags?post=585528"}],"curies":[{"name":"wp","href":"https:\/\/api.w.org\/{rel}","templated":true}]}}