{"id":585502,"date":"2023-03-18T16:32:59","date_gmt":"2023-03-18T15:32:59","guid":{"rendered":"https:\/\/www.hashtag.al\/?p=585502"},"modified":"2023-03-18T16:36:47","modified_gmt":"2023-03-18T15:36:47","slug":"si-te-behesh-mysliman-ne-kavaje","status":"publish","type":"post","link":"https:\/\/www.hashtag.al\/index.php\/2023\/03\/18\/si-te-behesh-mysliman-ne-kavaje\/","title":{"rendered":"Si t\u00eb b\u00ebhesh mysliman n\u00eb Kavaj\u00eb","gt_translate_keys":[{"key":"rendered","format":"text"}]},"content":{"rendered":"<p><strong><a href=\"https:\/\/www.hashtag.al\/wp-content\/uploads\/2023\/03\/kav-2.jpg\"><img loading=\"lazy\" decoding=\"async\" class=\"aligncenter size-full wp-image-585508\" src=\"https:\/\/www.hashtag.al\/wp-content\/uploads\/2023\/03\/kav-2.jpg\" alt=\"\" width=\"1461\" height=\"960\" srcset=\"https:\/\/www.hashtag.al\/wp-content\/uploads\/2023\/03\/kav-2.jpg 1461w, https:\/\/www.hashtag.al\/wp-content\/uploads\/2023\/03\/kav-2-300x197.jpg 300w, https:\/\/www.hashtag.al\/wp-content\/uploads\/2023\/03\/kav-2-1024x673.jpg 1024w, https:\/\/www.hashtag.al\/wp-content\/uploads\/2023\/03\/kav-2-768x505.jpg 768w\" sizes=\"auto, (max-width: 1461px) 100vw, 1461px\" \/><\/a><\/strong><\/p>\n<p><span style=\"color: #000000;\"><strong>Nga Ben Blushi<\/strong><\/span><\/p>\n<p><span style=\"color: #000000;\">SI T\u00cb B\u00cbHESH MYSLIMAN N\u00cb KAVAJ\u00cb<\/span><\/p>\n<p><span style=\"color: #000000;\">Shkova n\u00eb Kavaj\u00eb p\u00ebr t\u00eb takuar Sali Damarjen. E kisha fotografuar para dy muajsh. Saliu mban tre \u00e7el\u00ebsat kryesor\u00eb t\u00eb qytetit.<\/span><\/p>\n<p><span style=\"color: #000000;\">\u00c7el\u00ebsin e Sahatit. \u00c7el\u00ebsin e Xhamis\u00eb. \u00c7el\u00ebsin e Shkoll\u00ebs.<\/span><\/p>\n<p><span style=\"color: #000000;\">Ndalova para xhamis\u00eb. Nj\u00eb burr\u00eb shiste hurma dhe libra fetar\u00eb.<\/span><\/p>\n<p><span style=\"color: #000000;\">Ku \u00ebsht\u00eb Saliu, roja i shkoll\u00ebs dhe i sahatit, e pyeta.<\/span><\/p>\n<p><span style=\"color: #000000;\">O Ben Blushi, tha burri, Saliu m\u00eb ka l\u00ebn\u00eb porosi q\u00eb po t\u00eb vish, ta njoftoj.<\/span><\/p>\n<p><span style=\"color: #000000;\">Po ku e dinte Saliu q\u00eb un\u00eb do vija, e pyeta.<\/span><\/p>\n<p><span style=\"color: #000000;\">Ore k\u00ebshtu m\u00eb tha, ja ta marr n\u00eb telefon.<\/span><\/p>\n<p><span style=\"color: #000000;\">Po m\u00eb habit, i thash\u00eb, kur t\u00eb tha Saliu q\u00eb un\u00eb mund t\u00eb vija?<\/span><\/p>\n<p><span style=\"color: #000000;\">Dje, tha burri.<\/span><\/p>\n<p><span style=\"color: #000000;\">Po dje nuk e dija as un\u00eb q\u00eb sot do vija n\u00eb Kavaj\u00eb, i thash\u00eb.<\/span><\/p>\n<p><span style=\"color: #000000;\">Epo Saliu nuk \u00ebsht\u00eb si ty, \u00ebsht\u00eb besimtar, di ca gj\u00ebra m\u00eb shum\u00eb. Tani rri me avokat Benetin, sa t\u00eb vij\u00eb Saliu.<\/span><\/p>\n<p><span style=\"color: #000000;\">Avokat ku je,i thash\u00eb Benetit, sa her\u00eb vij n\u00eb Kavaj\u00eb m\u00eb del p\u00ebrpara.<\/span><\/p>\n<p><span style=\"color: #000000;\">Isha me Saliun n\u00eb varrim, tha Beneti, po vjen dhe ai.<\/span><\/p>\n<p><span style=\"color: #000000;\">M\u00eb trego pak xhamin\u00eb, i thash\u00eb.<\/span><\/p>\n<p><span style=\"color: #000000;\">N\u00eb koh\u00ebn e Enverit ka qen\u00eb banjo publike, tha avokati, e dije?<\/span><\/p>\n<p><span style=\"color: #000000;\">Jo, nuk e dija, i thash\u00eb.<\/span><\/p>\n<p><span style=\"color: #000000;\">Hiqi k\u00ebpuc\u00ebt, tha.<\/span><\/p>\n<p><span style=\"color: #000000;\">Nuk i heq, i thash\u00eb, i kam atletet me lidh\u00ebse, duhet nj\u00eb or\u00eb t\u2019i vesh prap\u00eb. Rrim\u00eb k\u00ebtu jasht\u00eb n\u00eb ballkon, t\u00eb t\u00eb b\u00ebj nj\u00eb fotografi.<\/span><\/p>\n<p><span style=\"color: #000000;\">Jo, tha Beneti, s\u2019mund t\u00eb m\u00eb b\u00ebsh foto, ta kam th\u00ebn\u00eb dhe her\u00ebn e par\u00eb.<\/span><\/p>\n<p><span style=\"color: #000000;\">Po pse nuk b\u00ebn fotografi ti?<\/span><\/p>\n<p><span style=\"color: #000000;\">Ne nuk dalim n\u00eb fotografi, \u00ebsht\u00eb e ndaluar.<\/span><\/p>\n<p><span style=\"color: #000000;\">Avokat, \u00e7a po thua, nuk ke fotografi me gruan dhe f\u00ebmij\u00ebt?<\/span><\/p>\n<p><span style=\"color: #000000;\">Jo, tha Beneti, nuk kam.<\/span><\/p>\n<p><span style=\"color: #000000;\">Shiko avokat, ti e di q\u00eb un\u00eb nuk besoj.<\/span><\/p>\n<p><span style=\"color: #000000;\">E di, tha, e ke shkruar disa her\u00eb dhe ke b\u00ebr\u00eb gabim.<\/span><\/p>\n<p><span style=\"color: #000000;\">Po n\u00ebse un\u00eb dua t\u00eb b\u00ebhem mysliman, a m\u00eb bind dot?<\/span><\/p>\n<p><span style=\"color: #000000;\">T\u00eb bind, tha avokati.<\/span><\/p>\n<p><span style=\"color: #000000;\">Filojm\u00eb at\u00ebher\u00eb, m\u00eb bind.<\/span><\/p>\n<p><span style=\"color: #000000;\">Fillojm\u00eb, tha Beneti.<\/span><\/p>\n<p><span style=\"color: #000000;\">Sa ke pa e prer\u00eb mjekr\u00ebn, e pyeta.<\/span><\/p>\n<p><span style=\"color: #000000;\">Gjith\u00eb jet\u00ebn, tha, tridhjet\u00eb vjet.<\/span><\/p>\n<p><span style=\"color: #000000;\">Edhe un\u00eb kam mjek\u00ebr, i thash\u00eb, e rregulloj te nj\u00eb berber turk. Un\u00eb vendos vet\u00eb sa t\u00eb gjat\u00eb e mbaj. Po p\u00ebr mjekr\u00ebn t\u00ebnde kush vendos?<\/span><\/p>\n<p><span style=\"color: #000000;\">Profeti, tha Beneti.<\/span><\/p>\n<p><span style=\"color: #000000;\">\u00c7\u2019pun\u00eb ka Profeti, i thash\u00eb un\u00eb.<\/span><\/p>\n<p><span style=\"color: #000000;\">Ai ka th\u00ebn\u00eb shkurto k\u00ebtu, p\u00ebr mustaqet, dhe zgjat k\u00ebtu, p\u00ebr mjekr\u00ebn.<\/span><\/p>\n<p><span style=\"color: #000000;\">Po pse mustaqet mund t\u00eb shkurtohen dhe mjekra jo, mos ka ndonj\u00eb ngat\u00ebrres\u00eb k\u00ebtu, e pyeta.<\/span><\/p>\n<p><span style=\"color: #000000;\">Nuk ka asnj\u00eb ngat\u00ebrres\u00eb, tha Beneti. Profeti, paqja qoft\u00eb me t\u00eb, ka dashur t\u00eb na dalloj\u00eb nga t\u00eb krishter\u00ebt, prandaj ka th\u00ebn\u00eb q\u00eb mustaqet t\u00eb hiqen dhe mjekra t\u00eb mos pritet.<\/span><\/p>\n<p><span style=\"color: #000000;\">P\u00ebr \u00e7far\u00eb arsyeje do e hiqje mjekr\u00ebn avokat?<\/span><\/p>\n<p><span style=\"color: #000000;\">P\u00ebr asnj\u00eb arsye, tha Beneti, vet\u00ebm i vdekur mund t\u00eb ma ndajn\u00eb trupin nga mjekra.<\/span><\/p>\n<p><span style=\"color: #000000;\">Ti beson te jeta pas vdekjes?<\/span><\/p>\n<p><span style=\"color: #000000;\">Besoj, tha avokati, pse ti nuk beson?<\/span><\/p>\n<p><span style=\"color: #000000;\">Jo, thash\u00eb un\u00eb.<\/span><\/p>\n<p><span style=\"color: #000000;\">Kush \u00ebsht\u00eb kuptimi i jet\u00ebs t\u00ebnde, pyeti Beneti.<\/span><\/p>\n<p><span style=\"color: #000000;\">\u00c7\u2019do t\u00eb thuash?<\/span><\/p>\n<p><span style=\"color: #000000;\">P\u00ebr \u00e7far\u00eb mendon se ke ardhur n\u00eb k\u00ebt\u00eb bot\u00eb, tha avokati.<\/span><\/p>\n<p><span style=\"color: #000000;\">Po s\u00eb pari, q\u00eb un\u00eb kam ardhur n\u00eb k\u00ebt\u00eb bot\u00eb nuk ka qen\u00eb vullneti im, i thash\u00eb. Ishte vullneti i prind\u00ebrve t\u00eb mi.<\/span><\/p>\n<p><span style=\"color: #000000;\">S\u00eb dyti, mendoj se kam ardhur n\u00eb k\u00ebt\u00eb bot\u00eb p\u00ebr ta b\u00ebr\u00eb pak m\u00eb t\u00eb mir\u00eb dhe p\u00ebr t\u00eb shtuar rac\u00ebn njer\u00ebzore. Dhe kjo \u00ebsht\u00eb detyra e t\u00eb gjith\u00ebve ne, ta b\u00ebjm\u00eb bot\u00ebn m\u00eb t\u00eb mir\u00eb dhe t\u00eb garantojm\u00eb vazhdim\u00ebsin\u00eb e njer\u00ebzimit.<\/span><\/p>\n<p><span style=\"color: #000000;\">Po pse, tha Beneti, vet\u00ebm p\u00ebr kaq pak mendon se kemi ardhur n\u00eb k\u00ebt\u00eb bot\u00eb, q\u00eb t\u00eb lindim f\u00ebmij\u00eb dhe f\u00ebmij\u00ebt t\u00eb lindin f\u00ebmij\u00eb t\u00eb tjer\u00eb e k\u00ebshtu pa fund? \u00cbsht\u00eb shum\u00eb pak kjo q\u00eb thua.<\/span><\/p>\n<p><span style=\"color: #000000;\">Po at\u00ebher\u00eb, p\u00ebrse kemi ardhur n\u00eb k\u00ebt\u00eb bot\u00eb sipas teje, e pyeta.<\/span><\/p>\n<p><span style=\"color: #000000;\">Q\u00eb t\u00eb adhurojm\u00eb Allahun, tha avokati.<\/span><\/p>\n<p><span style=\"color: #000000;\">Pra, ti mendon se Allahu na ka krijuar vet\u00ebm q\u00eb ne ta adhurojm\u00eb at\u00eb?<\/span><\/p>\n<p><span style=\"color: #000000;\">Sigurisht, tha avokati. Ne kemi lindur q\u00eb t\u2019i dedikohemi atij dhe kjo na b\u00ebn njer\u00ebz m\u00eb t\u00eb mir\u00eb p\u00ebr vete dhe p\u00ebr familjet tona.<\/span><\/p>\n<p><span style=\"color: #000000;\">Kam lexuar diku q\u00eb profet\u00ebt e feve t\u00eb ndryshme shkuan te Per\u00ebndia dhe e pyet\u00ebn se sa her\u00eb duhet t\u00eb falen dhe Per\u00ebndia u tha t\u00eb mos falen gjith\u00eb dit\u00ebn, sepse kjo i pengon njer\u00ebzit t\u00eb punojn\u00eb. A nuk mendon se \u00ebsht\u00eb shum\u00eb t\u00eb falesh pes\u00eb her\u00eb n\u00eb dit\u00eb?<\/span><\/p>\n<p><span style=\"color: #000000;\">Aspak, tha avokati, lutja \u00ebsht\u00eb k\u00ebnaq\u00ebsi.<\/span><\/p>\n<p><span style=\"color: #000000;\">Po n\u00ebse ti je n\u00eb gjyq n\u00eb or\u00ebn e faljes, si ia b\u00ebn, e pyeta, nd\u00ebrpret gjyqin?<\/span><\/p>\n<p><span style=\"color: #000000;\">Jo, tha Beneti, e b\u00ebj faljen m\u00eb von\u00eb, kur t\u00eb mundem.<\/span><\/p>\n<p><span style=\"color: #000000;\">Gruaja jote \u00ebsht\u00eb e mbuluar?<\/span><\/p>\n<p><span style=\"color: #000000;\">Patjet\u00ebr, tha avokati.<\/span><\/p>\n<p><span style=\"color: #000000;\">Sa koh\u00eb ke pa i dh\u00ebn\u00eb dor\u00ebn nj\u00eb gruaje?<\/span><\/p>\n<p><span style=\"color: #000000;\">Kjo nuk lejohet, tha Beneti.<\/span><\/p>\n<p><span style=\"color: #000000;\">Po si nuk lejohet, i thash\u00eb, pse duhet t\u00eb privohet njeriu nga k\u00ebnaq\u00ebsia p\u00ebr t\u00eb takuar nj\u00eb grua t\u00eb bukur?<\/span><\/p>\n<p><span style=\"color: #000000;\">Ne kemi lindur t\u00eb adhurojm\u00eb Allahun, jo grat\u00eb e bot\u00ebs, tha avokati, prandaj grat\u00eb tona i mbulojm\u00eb.<\/span><\/p>\n<p><span style=\"color: #000000;\">Pra, ti mendon se grat\u00eb duhen mbuluar q\u00eb t\u00eb frenojn\u00eb d\u00ebshirat e burrave?<\/span><\/p>\n<p><span style=\"color: #000000;\">Sigurisht, tha Beneti. Burrat kan\u00eb epshe dhe ato duhen frenuar, sepse ndryshe bota shthuret.<\/span><\/p>\n<p><span style=\"color: #000000;\">Po mir\u00eb, i thash\u00eb, me t\u00eb nj\u00ebjt\u00ebn logjik\u00eb, edhe burrat duhet t\u00eb mbulohen q\u00eb t\u00eb frenojn\u00eb d\u00ebshirat e grave. Pse nuk mbulohesh edhe ti, q\u00eb t\u00eb mbrosh grat\u00eb nga d\u00ebshira p\u00ebr ty?<\/span><\/p>\n<p><span style=\"color: #000000;\">Ore kupton ti apo jo, tha avokati, k\u00ebshtu ka vendosur Pejgamberi, paqja qoft\u00eb me t\u00eb.<\/span><\/p>\n<p><span style=\"color: #000000;\">\u00c7\u2019do b\u00ebje ti, n\u00ebse do ishe n\u00eb nj\u00eb autobus vet\u00ebm me nj\u00eb grua?<\/span><\/p>\n<p><span style=\"color: #000000;\">Nuk do hipja, tha avokati.<\/span><\/p>\n<p><span style=\"color: #000000;\">Si nuk do hipje?<\/span><\/p>\n<p><span style=\"color: #000000;\">Nuk do hipja. Ne s\u2019mund t\u00eb q\u00ebndrojm\u00eb vet\u00ebm p\u00ebr vet\u00ebm n\u00eb nj\u00eb ambient t\u00eb mbyllur me nj\u00eb grua q\u00eb nuk \u00ebsht\u00eb e jona.<\/span><\/p>\n<p><span style=\"color: #000000;\">Po sikur ai t\u00eb ishte autobusi i fundit, i thash\u00eb.<\/span><\/p>\n<p><span style=\"color: #000000;\">Do t\u2019i ktheja kurrizin, tha avokati.<\/span><\/p>\n<p><span style=\"color: #000000;\">Udh\u00ebtim t\u00eb mbar\u00eb, thash\u00eb un\u00eb.<\/span><\/p>\n<p><span style=\"color: #000000;\">Udh\u00ebtimi yt me Islamin sapo ka filluar, tha avokati.<\/span><\/p>\n<p><span style=\"color: #000000;\">\u00c7far\u00eb ka tjet\u00ebr, e pyeta.<\/span><\/p>\n<p><span style=\"color: #000000;\">D\u00ebgjo, tha. Nj\u00eb dit\u00eb po kaloja af\u00ebr nj\u00eb shkolle. E kishin hapur muzik\u00ebn n\u00eb kup\u00eb t\u00eb qiellit. Hyra brenda dhe i k\u00ebrkova drejtoresh\u00ebs q\u00eb ta mbyllte muzik\u00ebn.<\/span><\/p>\n<p><span style=\"color: #000000;\">Po si mund ta b\u00ebsh k\u00ebt\u00eb, e pyeta, \u00e7\u2019pun\u00eb ke ti me muzik\u00ebn e kalamajve?<\/span><\/p>\n<p><span style=\"color: #000000;\">Nuk lejohet, tha Beneti, muzika \u00ebsht\u00eb e ndaluar.<\/span><\/p>\n<p><span style=\"color: #000000;\">Ore \u00e7a thua, po si jetohet pa muzik\u00eb? Po n\u00eb dasm\u00eb shkon ti?<\/span><\/p>\n<p><span style=\"color: #000000;\">Ne nuk b\u00ebjm\u00eb dasma, tha avokati.<\/span><\/p>\n<p><span style=\"color: #000000;\">Si nuk b\u00ebni dasma? Nuk k\u00ebrceni ju n\u00eb dasm\u00eb?<\/span><\/p>\n<p><span style=\"color: #000000;\">Ne martohemi, po burrat rrin\u00eb ve\u00e7, grat\u00eb rrin\u00eb ve\u00e7, nuk k\u00ebrcejm\u00eb me nj\u00ebri-tjetrin.<\/span><\/p>\n<p><span style=\"color: #000000;\">Po pse edhe k\u00ebrcimi ndalohet?<\/span><\/p>\n<p><span style=\"color: #000000;\">Natyrisht, tha Beneti, sepse levizjet gjat\u00eb k\u00ebrcimit ngjallin epshe.<\/span><\/p>\n<p><span style=\"color: #000000;\">Po pse nuk mund t\u00eb jet\u00eb feja pak m\u00eb praktike, i thash\u00eb, a nuk mendon se gjith\u00eb k\u00ebto kufizime i largojn\u00eb njer\u00ebzit nga Islami, agj\u00ebro, mos pi uj\u00eb, mos ha buk\u00eb, mos ha mish, mos b\u00ebj fotografi, mos b\u00ebj piktura, mos d\u00ebgjo muzik\u00eb, mos pi ver\u00eb, mos k\u00ebrce, mos i jep dor\u00ebn nj\u00eb gruaje, a jetohet k\u00ebshtu?<\/span><\/p>\n<p><span style=\"color: #000000;\">Jetohet shum\u00eb mir\u00eb, tha Beneti, un\u00eb jetoj m\u00eb mir\u00eb se ti q\u00eb i b\u00ebn t\u00eb gjitha k\u00ebto.<\/span><\/p>\n<p><span style=\"color: #000000;\">Aaa, dometh\u00ebn\u00eb un\u00eb jam qafir, i thash\u00eb.<\/span><\/p>\n<p><span style=\"color: #000000;\">Nuk m\u00eb lejohet ajo fjal\u00eb, tha avokati, po ky \u00ebsht\u00eb ndryshimi mes meje dhe teje.<\/span><\/p>\n<p><span style=\"color: #000000;\">Kush \u00ebsht\u00eb ndryshimi, e pyeta.<\/span><\/p>\n<p><span style=\"color: #000000;\">Ti jeton p\u00ebr t\u00eb pir\u00eb ver\u00eb, p\u00ebr t\u00eb shijuar grat\u00eb dhe p\u00ebr t\u00eb k\u00ebrcyer, pra me pak fjal\u00eb, p\u00ebr t\u00eb b\u00ebr\u00eb qejf. Kurse ne jetojm\u00eb p\u00ebr t\u00eb adhuruar Allahun dhe prandaj jemi m\u00eb t\u00eb lumtur se ti. Allahu nuk na mungon asnj\u00eb dit\u00eb t\u00eb jet\u00ebs, kurse grat\u00eb, pija, muzika, nj\u00eb dit\u00eb do mungojn\u00eb dhe at\u00ebher\u00eb ti do jesh i d\u00ebshp\u00ebruar dhe i vetmuar.<\/span><\/p>\n<p><span style=\"color: #000000;\">Nuk e di a m\u00eb bind dot t\u00eb heq dor\u00eb nga t\u00eb gjitha k\u00ebto p\u00ebr t\u2019u b\u00ebr\u00eb mysliman, i thash\u00eb.<\/span><\/p>\n<p><span style=\"color: #000000;\">Mbase t\u00eb bind Sali Damarja, tha Beneti, ja ku erdhi.<\/span><\/p>\n<p><span style=\"color: #000000;\">Sali, i thash\u00eb, b\u00ebjm\u00eb nj\u00eb xhiro, m\u00eb trego Kavaj\u00ebn.<\/span><\/p>\n<p><span style=\"color: #000000;\">Ecim, tha Saliu duke qeshur.<\/span><\/p>\n<p><span style=\"color: #000000;\">Nga vjen mbiemri Damarja, e pyeta.<\/span><\/p>\n<p><span style=\"color: #000000;\">Ne jemi kroat\u00eb, tha Saliu, nga babai.<\/span><\/p>\n<p><span style=\"color: #000000;\">Kur keni ardhur n\u00eb Shqip\u00ebri?<\/span><\/p>\n<p><span style=\"color: #000000;\">Mund t\u00eb ket\u00eb 500 vjet, mbiemri Damarja vjen nga Damarovi\u00e7.<\/span><\/p>\n<p><span style=\"color: #000000;\">Po nga linja e n\u00ebn\u00ebs, nga jeni?<\/span><\/p>\n<p><span style=\"color: #000000;\">Jemi \u00e7e\u00e7en\u00eb, tha Saliu, nga \u00c7e\u00e7enia.<\/span><\/p>\n<p><span style=\"color: #000000;\">Ou, i thash\u00eb, hera e par\u00eb q\u00eb takoj nj\u00eb \u00e7e\u00e7en, k\u00ebt\u00eb fjal\u00eb n\u00eb Tiran\u00eb e p\u00ebrdorin p\u00ebr keq.<\/span><\/p>\n<p><span style=\"color: #000000;\">Un\u00eb jam \u00e7e\u00e7en, tha, \u00e7e\u00e7en nga Kor\u00e7a.<\/span><\/p>\n<p><span style=\"color: #000000;\">Un\u00eb jam nga Kor\u00e7a, i thash\u00eb, po aty s\u2019ka \u00e7e\u00e7en.<\/span><\/p>\n<p><span style=\"color: #000000;\">Ne jemi nga fisi i Iljaz bej Mirahorit, tha Saliu, ai ishte \u00e7e\u00e7en me origjin\u00eb.<\/span><\/p>\n<p><span style=\"color: #000000;\">\u00c7a thua, i thash\u00eb, Iljaz Bej Mirahori \u00ebsht\u00eb themelues i Kor\u00e7\u00ebs.<\/span><\/p>\n<p><span style=\"color: #000000;\">Pik\u00ebrisht, tha Saliu, ai ngriti t\u00eb par\u00ebn xhami n\u00eb Kor\u00e7\u00eb.<\/span><\/p>\n<p><span style=\"color: #000000;\">Ai luftoi kund\u00ebr Sk\u00ebnderbeut, i thash\u00eb.<\/span><\/p>\n<p><span style=\"color: #000000;\">Nga ai fis \u00ebsht\u00eb mamaja ime, tha Saliu. Kur kemi ardhur n\u00eb Shqip\u00ebri ishim t\u00eb krishter\u00eb. Iljazi e kishte emrin Ilia.<\/span><\/p>\n<p><span style=\"color: #000000;\">Pra, kroat nga babai, \u00e7e\u00e7en nga n\u00ebna, \u00e7ne q\u00eb je mysliman, e pyeta.<\/span><\/p>\n<p><span style=\"color: #000000;\">Mysliman\u00eb u b\u00ebm\u00eb n\u00eb Shqip\u00ebri, tha Saliu.<\/span><\/p>\n<p><span style=\"color: #000000;\">Do ishe kthyer s\u00ebrish i krishter\u00eb, e pyeta.<\/span><\/p>\n<p><span style=\"color: #000000;\">Asnj\u00ebher\u00eb, tha Saliu.<\/span><\/p>\n<p><span style=\"color: #000000;\">Ti ke mustaqe, i thash\u00eb, pse i mban?<\/span><\/p>\n<p><span style=\"color: #000000;\">Un\u00eb dua t\u00eb dukem mir\u00eb, tha Saliu, ata m\u00eb kritikojn\u00eb q\u00eb mbaj mustaqe. Por zemr\u00ebn time e njeh vet\u00ebm krijuesi.<\/span><\/p>\n<p><span style=\"color: #000000;\">Po n\u00eb dasm\u00eb shkon, e pyeta.<\/span><\/p>\n<p><span style=\"color: #000000;\">Patjet\u00ebr, tha Saliu, martova vajz\u00ebn para dy vitesh.<\/span><\/p>\n<p><span style=\"color: #000000;\">Un\u00eb vet\u00eb d\u00ebgjoj Elita 5.<\/span><\/p>\n<p><span style=\"color: #000000;\">\u00cbsht\u00eb e mbuluar vajza?<\/span><\/p>\n<p><span style=\"color: #000000;\">Jo, tha Saliu, as vajza, as gruaja nuk mbulohen. Un\u00eb nuk i detyroj.<\/span><\/p>\n<p><span style=\"color: #000000;\">Po f\u00ebmij\u00eb t\u00eb tjer\u00eb ke?<\/span><\/p>\n<p><span style=\"color: #000000;\">Kam dhe nj\u00eb djal\u00eb, ishte futbollist shum\u00eb i mir\u00eb, por u d\u00ebmtua.<\/span><\/p>\n<p><span style=\"color: #000000;\">T\u00eb p\u00eblqen futbolli?<\/span><\/p>\n<p><span style=\"color: #000000;\">Kam luajtur shum\u00eb, tha Saliu, jam marr\u00eb gjith\u00eb jet\u00ebn me sport, tani eci 10 km \u00e7do dit\u00eb.<\/span><\/p>\n<p><span style=\"color: #000000;\">\u00c7far\u00eb ekipi ndjek?<\/span><\/p>\n<p><span style=\"color: #000000;\">M\u00eb p\u00eblqejn\u00eb shum\u00eb gjerman\u00ebt, kan\u00eb disiplin\u00eb. Po t\u00eb ikja nga Shqip\u00ebria, vet\u00ebm n\u00eb Gjermani do jetoja.<\/span><\/p>\n<p><span style=\"color: #000000;\">Po n\u00ebse do t\u00eb k\u00ebrkonin n\u00eb Gjermani t\u00eb hiqje mjekr\u00ebn, do ta b\u00ebje?<\/span><\/p>\n<p><span style=\"color: #000000;\">N\u00ebse do m\u00eb duhej p\u00ebr t\u00eb punuar, do ta b\u00ebja, tha Saliu, un\u00eb kam detyrimin t\u00eb garantoj mir\u00ebqenien e familjes sime.<\/span><\/p>\n<p><span style=\"color: #000000;\">A t\u00eb p\u00eblqen puna si roje shkolle?<\/span><\/p>\n<p><span style=\"color: #000000;\">Jam i lumtur, tha Saliu, un\u00eb di emrat e 400 nx\u00ebn\u00ebsve dhe \u00e7do problem q\u00eb ka secili prej tyre.<\/span><\/p>\n<p><span style=\"color: #000000;\">B\u00ebjm\u00eb nj\u00eb foto, i thash\u00eb.<\/span><\/p>\n<p><span style=\"color: #000000;\">Sa t\u00eb duash, tha.<\/span><\/p>\n<p><span style=\"color: #000000;\">Ja, rri pas asaj lules, thash\u00eb un\u00eb.<\/span><\/p>\n<p><span style=\"color: #000000;\">Her\u00ebn e kaluar m\u00eb ke b\u00ebr\u00eb foto n\u00eb maj\u00ebn e Kull\u00ebs s\u00eb Sahatit.<\/span><\/p>\n<p><span style=\"color: #000000;\">Aty lart m\u2019u mor\u00ebn mendt\u00eb, thash\u00eb un\u00eb, m\u00eb mir\u00eb n\u00eb tok\u00eb se n\u00eb qiell.<\/span><\/p>\n<p><span style=\"color: #000000;\">E di sa shkall\u00eb ka Kulla e Sahatit?<\/span><\/p>\n<p><span style=\"color: #000000;\">Pse ti e di, pyeta un\u00eb.<\/span><\/p>\n<p><span style=\"color: #000000;\">Sigurisht, tha Saliu, 69 shkall\u00eb.<\/span><\/p>\n<p><span style=\"color: #000000;\">U kthyem prap\u00eb te Xhamia e Vjet\u00ebr ngjitur me Sahatin.<\/span><\/p>\n<p><span style=\"color: #000000;\">Ja dhe Qamili q\u00eb takove kur erdhe, tha Saliu.<\/span><\/p>\n<p><span style=\"color: #000000;\">Selam alekum Qamil, i thash\u00eb.<\/span><\/p>\n<p><span style=\"color: #000000;\">Alekum Selam, tha Qamili.<\/span><\/p>\n<p><span style=\"color: #000000;\">Do blej hurma, i thash\u00eb.<\/span><\/p>\n<p><span style=\"color: #000000;\">Jan\u00eb hallall, tha Qamili, merr k\u00ebto t\u00eb Arabis\u00eb Saudite.<\/span><\/p>\n<p><span style=\"color: #000000;\">Po ata libra \u00e7far\u00eb jan\u00eb, e pyeta.<\/span><\/p>\n<p><span style=\"color: #000000;\">Ja tha, Historia e Perandoris\u00eb Osmane, n\u00eb dy v\u00ebllime.<\/span><\/p>\n<p><span style=\"color: #000000;\">Po pse nuk ke dhe historin\u00eb e Perandoris\u00eb Austro-Hungareze?<\/span><\/p>\n<p><span style=\"color: #000000;\">Shiko, tha Qamili, \u00e7a ke ti me Turqin\u00eb? N\u00eb parlament nuk ke folur mir\u00eb p\u00ebr Erdoganin.<\/span><\/p>\n<p><span style=\"color: #000000;\">Erdogani tha q\u00eb do nd\u00ebrtoj\u00eb parlamentin e ri t\u00eb Shqip\u00ebris\u00eb, thash\u00eb un\u00eb. \u00c7do shtet i lir\u00eb parlamentin e b\u00ebn me parat\u00eb e veta dhe jo t\u00eb t\u00eb huajve.<\/span><\/p>\n<p><span style=\"color: #000000;\">Ai \u00ebsht\u00eb burr\u00eb shteti, tha Qamili, mos u merr me t\u00eb.<\/span><\/p>\n<p><span style=\"color: #000000;\">Ai na k\u00ebrkon t\u00eb mbyllim shkollat, thash\u00eb un\u00eb.<\/span><\/p>\n<p><span style=\"color: #000000;\">E po, ato shkolla jan\u00eb gylen, tha Qamili, ata b\u00ebn\u00eb grusht shteti n\u00eb Turqi.<\/span><\/p>\n<p><span style=\"color: #000000;\">A t\u00eb bindi Saliu t\u00eb b\u00ebhesh mysliman? erdhi avokati.<\/span><\/p>\n<p><span style=\"color: #000000;\">Nuk besoj, i thash\u00eb, por n\u00ebse nj\u00eb dit\u00eb do b\u00ebhesha mysliman, do doja t\u00eb isha si Saliu.<\/span><\/p>\n<p><span style=\"color: #000000;\">Normal, tha avokati, p\u00ebr t\u00eb mbajtur nj\u00eb pal\u00eb mustaqe \u00e7far\u00eb nuk b\u00ebn njeriu.<\/span><\/p>\n<p><span style=\"color: #000000;\">Hajde pas Ramazanit, tha Saliu, shkojm\u00eb te restoranti i Redit p\u00ebr drek\u00eb.<\/span><\/p>\n<p><span style=\"color: #000000;\">Un\u00eb do pi birr\u00eb, i thash\u00eb.<\/span><\/p>\n<p><span style=\"color: #000000;\">Edhe un\u00eb, tha Saliu, pa alkool.<\/span><\/p>\n<p><span style=\"color: #000000;\">Shiko Sali, i thash\u00eb, n\u00ebse do e kisha n\u00eb dor\u00eb, bashk\u00eb me \u00e7el\u00ebsin e sahatit, t\u00eb xhamis\u00eb dhe t\u00eb shkoll\u00ebs do t\u00eb kisha dh\u00ebn\u00eb ty edhe \u00e7el\u00ebsin e qytetit.<\/span><\/p>\n<p><span style=\"color: #000000;\">A i mban dot kat\u00ebr \u00e7el\u00ebsa?<\/span><\/p>\n<p><span style=\"color: #000000;\">I mbaj, tha Saliu.<\/span><\/p>\n","protected":false,"gt_translate_keys":[{"key":"rendered","format":"html"}]},"excerpt":{"rendered":"<p>Nga Ben Blushi SI T\u00cb B\u00cbHESH MYSLIMAN N\u00cb KAVAJ\u00cb Shkova n\u00eb Kavaj\u00eb p\u00ebr t\u00eb takuar Sali Damarjen. E kisha fotografuar para dy muajsh. Saliu mban tre \u00e7el\u00ebsat kryesor\u00eb t\u00eb qytetit. \u00c7el\u00ebsin e Sahatit. \u00c7el\u00ebsin e Xhamis\u00eb. \u00c7el\u00ebsin e Shkoll\u00ebs. Ndalova para xhamis\u00eb. Nj\u00eb burr\u00eb shiste hurma dhe libra fetar\u00eb. Ku \u00ebsht\u00eb Saliu, roja i shkoll\u00ebs [&hellip;]<\/p>\n","protected":false,"gt_translate_keys":[{"key":"rendered","format":"html"}]},"author":30,"featured_media":585503,"comment_status":"closed","ping_status":"closed","sticky":false,"template":"","format":"standard","meta":{"footnotes":""},"categories":[20],"tags":[],"class_list":["post-585502","post","type-post","status-publish","format-standard","has-post-thumbnail","hentry","category-blog"],"gt_translate_keys":[{"key":"link","format":"url"}],"_links":{"self":[{"href":"https:\/\/www.hashtag.al\/index.php\/wp-json\/wp\/v2\/posts\/585502","targetHints":{"allow":["GET"]}}],"collection":[{"href":"https:\/\/www.hashtag.al\/index.php\/wp-json\/wp\/v2\/posts"}],"about":[{"href":"https:\/\/www.hashtag.al\/index.php\/wp-json\/wp\/v2\/types\/post"}],"author":[{"embeddable":true,"href":"https:\/\/www.hashtag.al\/index.php\/wp-json\/wp\/v2\/users\/30"}],"replies":[{"embeddable":true,"href":"https:\/\/www.hashtag.al\/index.php\/wp-json\/wp\/v2\/comments?post=585502"}],"version-history":[{"count":0,"href":"https:\/\/www.hashtag.al\/index.php\/wp-json\/wp\/v2\/posts\/585502\/revisions"}],"wp:featuredmedia":[{"embeddable":true,"href":"https:\/\/www.hashtag.al\/index.php\/wp-json\/wp\/v2\/media\/585503"}],"wp:attachment":[{"href":"https:\/\/www.hashtag.al\/index.php\/wp-json\/wp\/v2\/media?parent=585502"}],"wp:term":[{"taxonomy":"category","embeddable":true,"href":"https:\/\/www.hashtag.al\/index.php\/wp-json\/wp\/v2\/categories?post=585502"},{"taxonomy":"post_tag","embeddable":true,"href":"https:\/\/www.hashtag.al\/index.php\/wp-json\/wp\/v2\/tags?post=585502"}],"curies":[{"name":"wp","href":"https:\/\/api.w.org\/{rel}","templated":true}]}}