{"id":585496,"date":"2023-03-18T16:07:43","date_gmt":"2023-03-18T15:07:43","guid":{"rendered":"https:\/\/www.hashtag.al\/?p=585496"},"modified":"2023-03-18T16:08:13","modified_gmt":"2023-03-18T15:08:13","slug":"te-shtena-me-arme-zjarri-ne-prishtine-humb-jeten-nje-person-plagosen-dy-te-tjere","status":"publish","type":"post","link":"https:\/\/www.hashtag.al\/index.php\/2023\/03\/18\/te-shtena-me-arme-zjarri-ne-prishtine-humb-jeten-nje-person-plagosen-dy-te-tjere\/","title":{"rendered":"T\u00eb sht\u00ebna me arm\u00eb zjarri n\u00eb Prishtin\u00eb, humb jet\u00ebn nj\u00eb person, plagosen dy t\u00eb tjer\u00eb","gt_translate_keys":[{"key":"rendered","format":"text"}]},"content":{"rendered":"<p><span style=\"color: #000000;\"><a href=\"https:\/\/www.hashtag.al\/wp-content\/uploads\/2023\/03\/polici-kosove.jpg\"><img loading=\"lazy\" decoding=\"async\" class=\"aligncenter size-full wp-image-585497\" src=\"https:\/\/www.hashtag.al\/wp-content\/uploads\/2023\/03\/polici-kosove.jpg\" alt=\"\" width=\"628\" height=\"439\" srcset=\"https:\/\/www.hashtag.al\/wp-content\/uploads\/2023\/03\/polici-kosove.jpg 628w, https:\/\/www.hashtag.al\/wp-content\/uploads\/2023\/03\/polici-kosove-300x210.jpg 300w, https:\/\/www.hashtag.al\/wp-content\/uploads\/2023\/03\/polici-kosove-360x252.jpg 360w\" sizes=\"auto, (max-width: 628px) 100vw, 628px\" \/><\/a><\/span><\/p>\n<p><span style=\"color: #000000;\">T\u00eb sht\u00ebna me arm\u00eb jan\u00eb konstatuar dit\u00ebn e sotme n\u00eb Prishtin\u00eb, ku nj\u00eb person ka nd\u00ebrruar jet\u00eb nga t\u00eb sht\u00ebnat me arm\u00eb zjarri dhe dy t\u00eb tjer\u00eb jan\u00eb plagosur me arm\u00eb t\u00eb ftohta.<\/span><\/p>\n<p><span style=\"color: #000000;\">Ngjarja ka ndodhur rreth or\u00ebs 13:20 n\u00eb lagjen \u201cArb\u00ebria\u201d.<\/span><\/p>\n<p><span style=\"color: #000000;\">Lajmin e ka konfirmuar z\u00ebdh\u00ebn\u00ebsja e Policis\u00eb s\u00eb Kosov\u00ebs p\u00ebr rajonin e Prishtin\u00ebs, Flora Ahmeti, p\u00ebr mediat vendase.<\/span><\/p>\n<p><span style=\"color: #000000;\">\u201c<em>Sot rreth or\u00ebs 13:20 policia ka marr\u00eb informat\u00ebn p\u00ebr t\u00eb sht\u00ebna me arm\u00eb zjarri, n\u00eb lagjen Arb\u00ebria t\u00eb Prishtin\u00ebs, sakt\u00ebsisht n\u00eb nj\u00eb hotel. Menj\u00ebher\u00eb n\u00eb vendin e ngjarjes kan\u00eb dal\u00eb nj\u00ebsitet e nevojshme policore dhe ekipi mjek\u00ebsor.<\/em><\/span><\/p>\n<p><span style=\"color: #000000;\"><em>Bazuar n\u00eb t\u00eb dh\u00ebnat fillestare nga arma e zjarrit l\u00ebndime ka p\u00ebsuar nj\u00eb person, i cili n\u00eb vendngjarje ka nd\u00ebrruar jet\u00eb, vdekjen e tij e ka konstatuar ekipi mjek\u00ebsor.<\/em><\/span><\/p>\n<p><span style=\"color: #000000;\"><em>Nd\u00ebrsa, dy persona t\u00eb tjer\u00eb t\u00eb l\u00ebnduar (dyshohet me mjet t\u00eb mpreht\u00eb) jan\u00eb d\u00ebrguar p\u00ebr tretman mjek\u00ebsor\u201d,<\/em> ka th\u00ebn\u00eb Ahmeti.<\/span><\/p>\n<p><span style=\"color: #000000;\">Sipas saj, aktualisht hetuesit policor, n\u00eb koordinim me prokurorin e shtetit jan\u00eb duke punuar p\u00ebr t\u00eb sqaruar t\u00eb gjitha rrethanat q\u00eb kan\u00eb t\u00eb b\u00ebjn\u00eb me k\u00ebt\u00eb ngjarje.<\/span><\/p>\n","protected":false,"gt_translate_keys":[{"key":"rendered","format":"html"}]},"excerpt":{"rendered":"<p>T\u00eb sht\u00ebna me arm\u00eb jan\u00eb konstatuar dit\u00ebn e sotme n\u00eb Prishtin\u00eb, ku nj\u00eb person ka nd\u00ebrruar jet\u00eb nga t\u00eb sht\u00ebnat me arm\u00eb zjarri dhe dy t\u00eb tjer\u00eb jan\u00eb plagosur me arm\u00eb t\u00eb ftohta. Ngjarja ka ndodhur rreth or\u00ebs 13:20 n\u00eb lagjen \u201cArb\u00ebria\u201d. Lajmin e ka konfirmuar z\u00ebdh\u00ebn\u00ebsja e Policis\u00eb s\u00eb Kosov\u00ebs p\u00ebr rajonin e Prishtin\u00ebs, [&hellip;]<\/p>\n","protected":false,"gt_translate_keys":[{"key":"rendered","format":"html"}]},"author":30,"featured_media":585497,"comment_status":"closed","ping_status":"closed","sticky":false,"template":"","format":"standard","meta":{"footnotes":""},"categories":[149],"tags":[],"class_list":["post-585496","post","type-post","status-publish","format-standard","has-post-thumbnail","hentry","category-kosoverajon"],"gt_translate_keys":[{"key":"link","format":"url"}],"_links":{"self":[{"href":"https:\/\/www.hashtag.al\/index.php\/wp-json\/wp\/v2\/posts\/585496","targetHints":{"allow":["GET"]}}],"collection":[{"href":"https:\/\/www.hashtag.al\/index.php\/wp-json\/wp\/v2\/posts"}],"about":[{"href":"https:\/\/www.hashtag.al\/index.php\/wp-json\/wp\/v2\/types\/post"}],"author":[{"embeddable":true,"href":"https:\/\/www.hashtag.al\/index.php\/wp-json\/wp\/v2\/users\/30"}],"replies":[{"embeddable":true,"href":"https:\/\/www.hashtag.al\/index.php\/wp-json\/wp\/v2\/comments?post=585496"}],"version-history":[{"count":0,"href":"https:\/\/www.hashtag.al\/index.php\/wp-json\/wp\/v2\/posts\/585496\/revisions"}],"wp:featuredmedia":[{"embeddable":true,"href":"https:\/\/www.hashtag.al\/index.php\/wp-json\/wp\/v2\/media\/585497"}],"wp:attachment":[{"href":"https:\/\/www.hashtag.al\/index.php\/wp-json\/wp\/v2\/media?parent=585496"}],"wp:term":[{"taxonomy":"category","embeddable":true,"href":"https:\/\/www.hashtag.al\/index.php\/wp-json\/wp\/v2\/categories?post=585496"},{"taxonomy":"post_tag","embeddable":true,"href":"https:\/\/www.hashtag.al\/index.php\/wp-json\/wp\/v2\/tags?post=585496"}],"curies":[{"name":"wp","href":"https:\/\/api.w.org\/{rel}","templated":true}]}}