{"id":585448,"date":"2023-03-18T11:56:53","date_gmt":"2023-03-18T10:56:53","guid":{"rendered":"https:\/\/www.hashtag.al\/?p=585448"},"modified":"2023-03-18T11:56:53","modified_gmt":"2023-03-18T10:56:53","slug":"kqz-shqyrton-koalicionet-per-zgjedhjet-e-14-majit-perfaqesuesi-i-alibeajt-po-perdorin-logon-dhe-emrin-tone","status":"publish","type":"post","link":"https:\/\/www.hashtag.al\/index.php\/2023\/03\/18\/kqz-shqyrton-koalicionet-per-zgjedhjet-e-14-majit-perfaqesuesi-i-alibeajt-po-perdorin-logon-dhe-emrin-tone\/","title":{"rendered":"KQZ shqyrton koalicionet p\u00ebr zgjedhjet e 14 majit, p\u00ebrfaq\u00ebsuesi i Alibeajt: Po p\u00ebrdorin logon dhe emrin ton\u00eb","gt_translate_keys":[{"key":"rendered","format":"text"}]},"content":{"rendered":"<p><span style=\"color: #000000;\"><a style=\"color: #000000;\" href=\"https:\/\/www.hashtag.al\/wp-content\/uploads\/2023\/03\/sefa-1.png\"><img loading=\"lazy\" decoding=\"async\" class=\"aligncenter size-full wp-image-585449\" src=\"https:\/\/www.hashtag.al\/wp-content\/uploads\/2023\/03\/sefa-1.png\" alt=\"\" width=\"1155\" height=\"511\" srcset=\"https:\/\/www.hashtag.al\/wp-content\/uploads\/2023\/03\/sefa-1.png 1155w, https:\/\/www.hashtag.al\/wp-content\/uploads\/2023\/03\/sefa-1-300x133.png 300w, https:\/\/www.hashtag.al\/wp-content\/uploads\/2023\/03\/sefa-1-1024x453.png 1024w, https:\/\/www.hashtag.al\/wp-content\/uploads\/2023\/03\/sefa-1-768x340.png 768w\" sizes=\"auto, (max-width: 1155px) 100vw, 1155px\" \/><\/a><\/span><\/p>\n<p><span style=\"color: #000000;\">Komisioni Qendror i Zgjedhjeve shqyrton dit\u00ebn e sotme k\u00ebrkesat p\u00ebr regjistrim si koalicion n\u00eb zgjedhjet e 14 majit.<\/span><\/p>\n<p><span style=\"color: #000000;\">Nd\u00ebr to \u00ebsht\u00eb po shqyrtohet dhe k\u00ebrkesa e Partis\u00eb s\u00eb Liris\u00eb s\u00eb Ilir Met\u00ebs me 2 parti t\u00eb tjer\u00eb, ku n\u00eb marr\u00ebveshje kan\u00eb futur edhe Partia Demokratike me kryetar Sali Berish\u00ebn.<\/span><\/p>\n<p><span style=\"color: #000000;\">P\u00ebrfaq\u00ebsuesi i PD-s\u00eb s\u00eb Enkelejd Alibeajt Indrit Sefa ka kund\u00ebshtuar p\u00ebrdorimin e emrit duke k\u00ebrkuar t\u00eb merren masa ndaj k\u00ebtyre personave q\u00eb e kan\u00eb sjell\u00eb k\u00ebt\u00eb k\u00ebrkes\u00eb.<\/span><\/p>\n<p><span style=\"color: #000000;\"><em>\u201cJu konfirmoj q\u00eb Partia Demokratike nuk ka b\u00ebr\u00eb asnj\u00eb koalicion. \u00cbshtt\u00eb p\u00ebrdorur logo, emri dhe karakteristikat e Partis\u00eb Demokratike nga persona t\u00eb paautorizuar dhe t\u00eb palegjitimuar. Komisioneri duhet t\u00eb konstatoj\u00eb q\u00eb kjo marr\u00ebveshje \u00ebsht\u00eb b\u00ebr\u00eb n\u00eb mashtrim t\u00eb ligjit dhe mashtrim t\u00eb zgjedh\u00ebsve. Partia Demokratike e Shqip\u00ebris\u00eb nuk ka paraqitur asnj\u00eb k\u00ebrkes\u00eb p\u00ebr koalicion. Nuk \u00ebsht\u00eb kush \u00ebsht\u00eb ky person q\u00eb e ka b\u00ebr\u00eb k\u00ebt\u00eb k\u00ebrkes\u00eb. Komisioneri t\u00eb marr\u00eb masa dhe t\u00eb nd\u00ebrmarr\u00eb t\u00eb gjitha hapat ligjor\u00eb p\u00ebr t\u00eb vendosur n\u00eb vend drejt\u00ebsin\u00eb. Kjo k\u00ebrkes\u00eb duhet rr\u00ebzuar\u201d, <\/em>tha Sefa.<\/span><\/p>\n<p><span style=\"color: #000000;\">Nd\u00ebrkoh\u00eb q\u00eb p\u00ebrfaq\u00ebsuesi i Partis\u00eb s\u00eb Liris\u00eb tha se Sefa flet si p\u00ebrfaq\u00ebsues i nj\u00eb partie ende t\u00eb paregjistruar.<\/span><\/p>\n<p><span style=\"color: #000000;\"><em>\u201cKolegu Sefa flet n\u00eb em\u00ebr t\u00eb nj\u00eb partie q\u00eb ende nuk \u00ebsht\u00eb regjistruar, p\u00ebr t\u00eb kund\u00ebrshtuar disa parti q\u00eb jan\u00eb regjistruar e duan t\u00eb b\u00ebjn\u00eb nj\u00eb koalicion. \u00cbsht\u00eb ende afati p\u00ebr ta ankimuar at\u00eb vendim\u201d, <\/em>tha Kaziaj.<\/span><\/p>\n<p>&nbsp;<\/p>\n","protected":false,"gt_translate_keys":[{"key":"rendered","format":"html"}]},"excerpt":{"rendered":"<p>Komisioni Qendror i Zgjedhjeve shqyrton dit\u00ebn e sotme k\u00ebrkesat p\u00ebr regjistrim si koalicion n\u00eb zgjedhjet e 14 majit. Nd\u00ebr to \u00ebsht\u00eb po shqyrtohet dhe k\u00ebrkesa e Partis\u00eb s\u00eb Liris\u00eb s\u00eb Ilir Met\u00ebs me 2 parti t\u00eb tjer\u00eb, ku n\u00eb marr\u00ebveshje kan\u00eb futur edhe Partia Demokratike me kryetar Sali Berish\u00ebn. P\u00ebrfaq\u00ebsuesi i PD-s\u00eb s\u00eb Enkelejd Alibeajt [&hellip;]<\/p>\n","protected":false,"gt_translate_keys":[{"key":"rendered","format":"html"}]},"author":32,"featured_media":585449,"comment_status":"closed","ping_status":"closed","sticky":false,"template":"","format":"standard","meta":{"footnotes":""},"categories":[65,13],"tags":[],"class_list":["post-585448","post","type-post","status-publish","format-standard","has-post-thumbnail","hentry","category-lajme","category-te-fundit"],"gt_translate_keys":[{"key":"link","format":"url"}],"_links":{"self":[{"href":"https:\/\/www.hashtag.al\/index.php\/wp-json\/wp\/v2\/posts\/585448","targetHints":{"allow":["GET"]}}],"collection":[{"href":"https:\/\/www.hashtag.al\/index.php\/wp-json\/wp\/v2\/posts"}],"about":[{"href":"https:\/\/www.hashtag.al\/index.php\/wp-json\/wp\/v2\/types\/post"}],"author":[{"embeddable":true,"href":"https:\/\/www.hashtag.al\/index.php\/wp-json\/wp\/v2\/users\/32"}],"replies":[{"embeddable":true,"href":"https:\/\/www.hashtag.al\/index.php\/wp-json\/wp\/v2\/comments?post=585448"}],"version-history":[{"count":0,"href":"https:\/\/www.hashtag.al\/index.php\/wp-json\/wp\/v2\/posts\/585448\/revisions"}],"wp:featuredmedia":[{"embeddable":true,"href":"https:\/\/www.hashtag.al\/index.php\/wp-json\/wp\/v2\/media\/585449"}],"wp:attachment":[{"href":"https:\/\/www.hashtag.al\/index.php\/wp-json\/wp\/v2\/media?parent=585448"}],"wp:term":[{"taxonomy":"category","embeddable":true,"href":"https:\/\/www.hashtag.al\/index.php\/wp-json\/wp\/v2\/categories?post=585448"},{"taxonomy":"post_tag","embeddable":true,"href":"https:\/\/www.hashtag.al\/index.php\/wp-json\/wp\/v2\/tags?post=585448"}],"curies":[{"name":"wp","href":"https:\/\/api.w.org\/{rel}","templated":true}]}}