{"id":585370,"date":"2023-03-17T19:54:06","date_gmt":"2023-03-17T18:54:06","guid":{"rendered":"https:\/\/www.hashtag.al\/?p=585370"},"modified":"2023-03-17T19:54:06","modified_gmt":"2023-03-17T18:54:06","slug":"zjarri-i-katedrales-notre-dame-con-ne-zbulime-te-reja","status":"publish","type":"post","link":"https:\/\/www.hashtag.al\/index.php\/2023\/03\/17\/zjarri-i-katedrales-notre-dame-con-ne-zbulime-te-reja\/","title":{"rendered":"Zjarri i katedrales Notre Dame \u00e7on n\u00eb zbulime t\u00eb reja","gt_translate_keys":[{"key":"rendered","format":"text"}]},"content":{"rendered":"<p><img loading=\"lazy\" decoding=\"async\" class=\"aligncenter size-full wp-image-585371\" src=\"https:\/\/www.hashtag.al\/wp-content\/uploads\/2023\/03\/notredame.jpg\" alt=\"\" width=\"1240\" height=\"697\" srcset=\"https:\/\/www.hashtag.al\/wp-content\/uploads\/2023\/03\/notredame.jpg 1240w, https:\/\/www.hashtag.al\/wp-content\/uploads\/2023\/03\/notredame-300x169.jpg 300w, https:\/\/www.hashtag.al\/wp-content\/uploads\/2023\/03\/notredame-1024x576.jpg 1024w, https:\/\/www.hashtag.al\/wp-content\/uploads\/2023\/03\/notredame-768x432.jpg 768w\" sizes=\"auto, (max-width: 1240px) 100vw, 1240px\" \/><\/p>\n<p><span style=\"color: #000000;\">Zjarri shkat\u00ebrrues i vitit 2019 n\u00eb katedralen Notre-Dame de Paris ka \u00e7uar n\u00eb nj\u00eb zbulim t\u00eb ri n\u00eb lidhje me metodat e p\u00ebrdorura p\u00ebr t\u00eb nd\u00ebrtuar monumentin ikon\u00eb, pasi ekspert\u00ebt q\u00eb drejtojn\u00eb p\u00ebrpjekjet p\u00ebr restaurimin e katedrales hetuan pjes\u00eb t\u00eb fshehura m\u00eb par\u00eb t\u00eb nd\u00ebrtes\u00ebs.<\/span><\/p>\n<p><span style=\"color: #000000;\">Gjetjet u botuan n\u00eb revist\u00ebn PLOS ONE t\u00eb m\u00ebrkur\u00ebn nga Maxime L&#8217;Heritier i Universitetit Paris 8 dhe ekipi i tij. Ata zbuluan se Notre-Dame de Paris mund t\u00eb jet\u00eb katedralja e par\u00eb gotike e njohur q\u00eb p\u00ebrdor kryesisht hekur p\u00ebr t\u00eb lidhur gur\u00ebt gjat\u00eb nd\u00ebrtimit t\u00eb saj.<\/span><\/p>\n<p><span style=\"color: #000000;\">Katedralja u nd\u00ebrtua n\u00eb mesin e shekullit t\u00eb 12-t\u00eb dhe ishte nd\u00ebrtesa m\u00eb e lart\u00eb e ngritur ndonj\u00ebher\u00eb n\u00eb at\u00eb koh\u00eb, me qemer\u00eb q\u00eb arrinin kulmin n\u00eb 32 metra (104 k\u00ebmb\u00eb) n\u00eb lart\u00ebsi. <\/span><\/p>\n<p><span style=\"color: #000000;\">Megjith\u00ebse k\u00ebrkimet e m\u00ebparshme sugjeruan se ky rekord u arrit duke kombinuar nj\u00eb s\u00ebr\u00eb risive arkitekturore, deri m\u00eb tani, ekspert\u00ebt ende nuk kishin nj\u00eb kuptim t\u00eb plot\u00eb t\u00eb materialeve t\u00eb p\u00ebrdorura n\u00eb nd\u00ebrtim ose se sa rol luajti hekuri n\u00eb k\u00ebt\u00eb p\u00ebrpjekje.<\/span><\/p>\n<p><span style=\"color: #000000;\">Zjarri i vitit 2019, megjithat\u00eb, i ka lejuar arkeolog\u00ebt t\u00eb ken\u00eb qasje n\u00eb pjes\u00eb t\u00eb papara m\u00eb par\u00eb t\u00eb Notre-Dame. L&#8217;Heritier dhe ekipi i tij ishin n\u00eb gjendje t\u00eb merrnin mostra t\u00eb materialit nga 12 kap\u00ebse hekuri t\u00eb p\u00ebrdorura p\u00ebr t\u00eb lidhur gur\u00ebt s\u00eb bashku n\u00eb pjes\u00eb t\u00eb ndryshme t\u00eb nd\u00ebrtes\u00ebs, duke p\u00ebrfshir\u00eb tribunat, korridoret dhe muret e sip\u00ebrme.<\/span><\/p>\n<p><span style=\"color: #000000;\">Studiuesit p\u00ebrdor\u00ebn nj\u00eb s\u00ebr\u00eb metodash analize, duke p\u00ebrfshir\u00eb datimin me radiokarbon, si dhe analizat mikroskopike, kimike dhe metalurgjike. Ekipi zbuloi se kap\u00ebse hekuri u p\u00ebrdor\u00ebn n\u00eb fazat m\u00eb t\u00eb hershme t\u00eb nd\u00ebrtimit n\u00eb vitet 1160, duke e b\u00ebr\u00eb at\u00eb nd\u00ebrtes\u00ebn e par\u00eb t\u00eb till\u00eb q\u00eb p\u00ebrdorte kap\u00ebse hekuri n\u00eb t\u00eb gjith\u00eb struktur\u00ebn e saj.<\/span><\/p>\n<p><span style=\"color: #000000;\">Analiza ka \u00e7uar jo vet\u00ebm n\u00eb nj\u00eb kuptim m\u00eb t\u00eb mir\u00eb t\u00eb m\u00ebnyr\u00ebs sesi mjeshtrit murator\u00eb parizian\u00eb e nd\u00ebrtuan katedralen, por gjithashtu ka hedhur holl\u00ebsi mbi furnizimin me hekur t\u00eb oborrit t\u00eb nd\u00ebrtes\u00ebs dhe qarkullimin, tregtimin dhe fark\u00ebtimin e hekurit n\u00eb Parisin e shekujve 12 dhe 13.<\/span><\/p>\n<p><span style=\"color: #000000;\">Rind\u00ebrtimi i katedrales Notre Dame de Paris pas zjarrit t\u00eb 15 prillit 2019 \u00ebsht\u00eb ende n\u00eb vazhdim dhe pritet t\u00eb marr\u00eb rreth nj\u00ebzet vjet p\u00ebr t&#8217;u p\u00ebrfunduar. Megjithat\u00eb, p\u00ebrpjekjet e restaurimit kan\u00eb \u00e7uar n\u00eb disa zbulime t\u00eb r\u00ebnd\u00ebsishme. <\/span><\/p>\n<p><span style=\"color: #000000;\">M\u00eb par\u00eb, arkeolog\u00ebt kishin gjetur disa varre dhe nj\u00eb sarkofag t\u00eb shekullit t\u00eb 14-t\u00eb &#8211; t\u00eb dyja \u2018me vlera t\u00eb jasht\u00ebzakonshme shkencore\u2019, si dhe pjes\u00eb t\u00eb skulpturave t\u00eb pikturuara q\u00eb mendohet se jan\u00eb pjes\u00eb e dekorimeve origjinale.<\/span><\/p>\n","protected":false,"gt_translate_keys":[{"key":"rendered","format":"html"}]},"excerpt":{"rendered":"<p>Zjarri shkat\u00ebrrues i vitit 2019 n\u00eb katedralen Notre-Dame de Paris ka \u00e7uar n\u00eb nj\u00eb zbulim t\u00eb ri n\u00eb lidhje me metodat e p\u00ebrdorura p\u00ebr t\u00eb nd\u00ebrtuar monumentin ikon\u00eb, pasi ekspert\u00ebt q\u00eb drejtojn\u00eb p\u00ebrpjekjet p\u00ebr restaurimin e katedrales hetuan pjes\u00eb t\u00eb fshehura m\u00eb par\u00eb t\u00eb nd\u00ebrtes\u00ebs. Gjetjet u botuan n\u00eb revist\u00ebn PLOS ONE t\u00eb m\u00ebrkur\u00ebn nga [&hellip;]<\/p>\n","protected":false,"gt_translate_keys":[{"key":"rendered","format":"html"}]},"author":51,"featured_media":585371,"comment_status":"closed","ping_status":"closed","sticky":false,"template":"","format":"standard","meta":{"footnotes":""},"categories":[53],"tags":[],"class_list":["post-585370","post","type-post","status-publish","format-standard","has-post-thumbnail","hentry","category-fast-foodi"],"gt_translate_keys":[{"key":"link","format":"url"}],"_links":{"self":[{"href":"https:\/\/www.hashtag.al\/index.php\/wp-json\/wp\/v2\/posts\/585370","targetHints":{"allow":["GET"]}}],"collection":[{"href":"https:\/\/www.hashtag.al\/index.php\/wp-json\/wp\/v2\/posts"}],"about":[{"href":"https:\/\/www.hashtag.al\/index.php\/wp-json\/wp\/v2\/types\/post"}],"author":[{"embeddable":true,"href":"https:\/\/www.hashtag.al\/index.php\/wp-json\/wp\/v2\/users\/51"}],"replies":[{"embeddable":true,"href":"https:\/\/www.hashtag.al\/index.php\/wp-json\/wp\/v2\/comments?post=585370"}],"version-history":[{"count":0,"href":"https:\/\/www.hashtag.al\/index.php\/wp-json\/wp\/v2\/posts\/585370\/revisions"}],"wp:featuredmedia":[{"embeddable":true,"href":"https:\/\/www.hashtag.al\/index.php\/wp-json\/wp\/v2\/media\/585371"}],"wp:attachment":[{"href":"https:\/\/www.hashtag.al\/index.php\/wp-json\/wp\/v2\/media?parent=585370"}],"wp:term":[{"taxonomy":"category","embeddable":true,"href":"https:\/\/www.hashtag.al\/index.php\/wp-json\/wp\/v2\/categories?post=585370"},{"taxonomy":"post_tag","embeddable":true,"href":"https:\/\/www.hashtag.al\/index.php\/wp-json\/wp\/v2\/tags?post=585370"}],"curies":[{"name":"wp","href":"https:\/\/api.w.org\/{rel}","templated":true}]}}