{"id":585331,"date":"2023-03-17T17:20:58","date_gmt":"2023-03-17T16:20:58","guid":{"rendered":"https:\/\/www.hashtag.al\/?p=585331"},"modified":"2023-03-17T17:28:36","modified_gmt":"2023-03-17T16:28:36","slug":"gjykata-nderkombetare-leshon-urdherarrest-per-presidentin-rus-putin-e-akuzon-per-krime-lufte-ne-ukraine","status":"publish","type":"post","link":"https:\/\/www.hashtag.al\/index.php\/2023\/03\/17\/gjykata-nderkombetare-leshon-urdherarrest-per-presidentin-rus-putin-e-akuzon-per-krime-lufte-ne-ukraine\/","title":{"rendered":"Gjykata Nd\u00ebrkomb\u00ebtare l\u00ebshon urdh\u00ebrarrest p\u00ebr presidentin rus Putin, e akuzon p\u00ebr krime lufte n\u00eb Ukrain\u00eb","gt_translate_keys":[{"key":"rendered","format":"text"}]},"content":{"rendered":"<p><span style=\"color: #000000;\"><img loading=\"lazy\" decoding=\"async\" class=\"aligncenter size-full wp-image-585332\" src=\"https:\/\/www.hashtag.al\/wp-content\/uploads\/2023\/03\/ezgif.com-webp-to-jpg-13-e1679070043290.jpg\" alt=\"\" width=\"1000\" height=\"667\" srcset=\"https:\/\/www.hashtag.al\/wp-content\/uploads\/2023\/03\/ezgif.com-webp-to-jpg-13-e1679070043290.jpg 1000w, https:\/\/www.hashtag.al\/wp-content\/uploads\/2023\/03\/ezgif.com-webp-to-jpg-13-e1679070043290-300x200.jpg 300w, https:\/\/www.hashtag.al\/wp-content\/uploads\/2023\/03\/ezgif.com-webp-to-jpg-13-e1679070043290-768x512.jpg 768w\" sizes=\"auto, (max-width: 1000px) 100vw, 1000px\" \/><\/span><\/p>\n<p><span style=\"color: #000000;\">Gjykata Nd\u00ebrkomb\u00ebtare Penale tha t\u00eb premten se ka l\u00ebshuar nj\u00eb urdh\u00ebr arresti p\u00ebr presidentin rus Vladimir Putin p\u00ebr krime lufte p\u00ebr shkak t\u00eb p\u00ebrfshirjes s\u00eb tij t\u00eb dyshuar n\u00eb rr\u00ebmbimet e f\u00ebmij\u00ebve nga Ukraina.<\/span><\/p>\n<p><span style=\"color: #000000;\">Gjykata tha n\u00eb nj\u00eb deklarat\u00eb se Putini \u2018dyshohet se \u00ebsht\u00eb p\u00ebrgjegj\u00ebs p\u00ebr krimin e luft\u00ebs t\u00eb d\u00ebbimit t\u00eb paligjsh\u00ebm t\u00eb popullsis\u00eb (f\u00ebmij\u00ebve) dhe at\u00eb t\u00eb transferimit t\u00eb paligjsh\u00ebm t\u00eb popullsis\u00eb (f\u00ebmij\u00ebve) nga zonat e pushtuara t\u00eb Ukrain\u00ebs n\u00eb Federat\u00ebn Ruse\u2019.<\/span><\/p>\n<p><span style=\"color: #000000;\">Ajo l\u00ebshoi \u200b\u200bgjithashtu nj\u00eb urdh\u00ebr t\u00eb premten p\u00ebr arrestimin e Maria Alekseyevna Lvova-Belova, Komisionerja p\u00ebr t\u00eb Drejtat e F\u00ebmij\u00ebve n\u00eb Zyr\u00ebn e Presidentit t\u00eb Federat\u00ebs Ruse, p\u00ebr akuza t\u00eb ngjashme.<\/span><\/p>\n<p><span style=\"color: #000000;\">Presidenti i gjykat\u00ebs, Piotr Hofmanski, tha n\u00eb nj\u00eb deklarat\u00eb video se nd\u00ebrsa gjyqtar\u00ebt e GJNP-s\u00eb kan\u00eb l\u00ebshuar urdhrat, do t\u00eb jet\u00eb n\u00eb dor\u00ebn e bashk\u00ebsis\u00eb nd\u00ebrkomb\u00ebtare t&#8217;i zbatoj\u00eb ato. Gjykata nuk ka forc\u00eb t\u00eb saj policore p\u00ebr t\u00eb zbatuar urdh\u00ebrat.<\/span><\/p>\n<p><span style=\"color: #000000;\"><em>\u201cGjykata Nd\u00ebrkomb\u00ebtare po b\u00ebn pjes\u00ebn e saj t\u00eb pun\u00ebs.\u201d<\/em> &#8211; tha ai. \u201cGjyqtar\u00ebt l\u00ebshuan urdh\u00ebrarrestin. Ekzekutimi varet nga bashk\u00ebpunimi nd\u00ebrkomb\u00ebtar.\u201d<\/span><\/p>\n<p><span style=\"color: #000000;\">Nj\u00eb gjykim i mundsh\u00ebm i ndonj\u00eb shtetas rus n\u00eb Gjykat\u00ebn Nd\u00ebrkomb\u00ebtare Penale mbetet shum\u00eb larg, pasi Moska nuk e njeh juridiksionin e gjykat\u00ebs, nj\u00eb q\u00ebndrim i rikonfirmuar t\u00eb premten nga z\u00ebdh\u00ebn\u00ebsja e Ministris\u00eb s\u00eb Jashtme ruse Maria Zakharova n\u00eb nj\u00eb reagim t\u00eb par\u00eb ndaj urdh\u00ebrarresteve, shkruan <span style=\"color: #0000ff;\"><a style=\"color: #0000ff;\" href=\"https:\/\/apnews.com\/article\/icc-putin-war-crimes-ukraine-9857eb68d827340394960eccf0589253?utm_source=homepage&amp;utm_medium=TopNews&amp;utm_campaign=position_01\">AP<\/a><\/span>.<\/span><\/p>\n<p><span style=\"color: #000000;\"><em>\u201cVendimet e Gjykat\u00ebs Nd\u00ebrkomb\u00ebtare Penale nuk kan\u00eb asnj\u00eb kuptim p\u00ebr vendin ton\u00eb, p\u00ebrfshir\u00eb edhe nga pik\u00ebpamja juridike,\u201d<\/em> tha ajo.<\/span><\/p>\n<p><span style=\"color: #000000;\">Ukraina gjithashtu nuk \u00ebsht\u00eb an\u00ebtare e gjykat\u00ebs, por ajo i ka dh\u00ebn\u00eb juridiksionin Gjykat\u00ebs Nd\u00ebrkomb\u00ebtare Penale mbi territorin e saj dhe prokurori i saj, Karim Khan e ka vizituar kat\u00ebr her\u00eb vendin q\u00eb nga hapja e nj\u00eb hetimi nj\u00eb vit m\u00eb par\u00eb.<\/span><\/p>\n<p><span style=\"color: #000000;\">Gjykata tha se dhoma e saj e procedur\u00ebs paraprake gjeti se kishte \u2018baza t\u00eb arsyeshme p\u00ebr t\u00eb besuar se \u00e7do i dyshuar mban p\u00ebrgjegj\u00ebsi p\u00ebr krimin e luft\u00ebs t\u00eb d\u00ebbimit t\u00eb paligjsh\u00ebm t\u00eb popullsis\u00eb dhe at\u00eb t\u00eb transferimit t\u00eb paligjsh\u00ebm t\u00eb popullsis\u00eb nga zonat e pushtuara t\u00eb Ukrain\u00ebs n\u00eb Federat\u00ebn Ruse, duke d\u00ebmtuar f\u00ebmij\u00ebt ukrainas\u2019.<\/span><\/p>\n<p><span style=\"color: #000000;\">Deklarata e gjykat\u00ebs tha se \u2018ka arsye t\u00eb arsyeshme p\u00ebr t\u00eb besuar se z. Putin mban p\u00ebrgjegj\u00ebsi penale individuale\u2019 p\u00ebr rr\u00ebmbimet e f\u00ebmij\u00ebve \u2018p\u00ebr kryerjen e veprimeve drejtp\u00ebrdrejt, s\u00eb bashku me t\u00eb tjer\u00ebt dhe\/ose n\u00ebp\u00ebrmjet t\u00eb tjer\u00ebve (dhe) p\u00ebr d\u00ebshtimin e tij p\u00ebr t\u00eb ushtruar kontrollin si\u00e7 duhet. mbi vart\u00ebsit civil\u00eb dhe ushtarak\u00eb q\u00eb kryen aktet\u2019.<\/span><\/p>\n<p><span style=\"color: #000000;\">Nd\u00ebrsa Rusia i hodhi posht\u00eb pretendimet dhe urdhrat e gjykat\u00ebs si t\u00eb pavlefshme, t\u00eb tjer\u00eb persona than\u00eb se veprimi i Gjykat\u00ebs Nd\u00ebrkomb\u00ebtare do ket\u00eb nj\u00eb ndikim t\u00eb r\u00ebnd\u00ebsish\u00ebm.<\/span><\/p>\n<p><span style=\"color: #000000;\"><em>\u201cGjykata e ka b\u00ebr\u00eb Putinin nj\u00eb njeri t\u00eb k\u00ebrkuar dhe ka nd\u00ebrmarr\u00eb hapin e saj t\u00eb par\u00eb p\u00ebr t&#8217;i dh\u00ebn\u00eb fund mosnd\u00ebshkimit q\u00eb ka trim\u00ebruar autor\u00ebt n\u00eb luft\u00ebn e Rusis\u00eb kund\u00ebr Ukrain\u00ebs p\u00ebr nj\u00eb koh\u00eb t\u00eb gjat\u00eb\u201d<\/em>, tha Balkees Jarrah, drejtor i asociuar i drejt\u00ebsis\u00eb nd\u00ebrkomb\u00ebtare n\u00eb Human Rights Watch.<\/span><\/p>\n<p><span style=\"color: #000000;\"><em>\u201cUrdh\u00ebresat d\u00ebrgojn\u00eb nj\u00eb mesazh t\u00eb qart\u00eb se dh\u00ebnia e urdhrave p\u00ebr t\u00eb kryer ose toleruar krime t\u00eb r\u00ebnda kund\u00ebr civil\u00ebve mund t\u00eb \u00e7oj\u00eb n\u00eb nj\u00eb qeli burgu n\u00eb Hag\u00eb.\u201d<\/em><\/span><\/p>\n<p><span style=\"color: #000000;\">Prof. David Crane, i cili paditi Presidentin e Liberis\u00eb Charles Taylor 20 vjet m\u00eb par\u00eb p\u00ebr krime n\u00eb Sierra Leone, tha se diktator\u00ebt dhe tiran\u00ebt n\u00eb mbar\u00eb bot\u00ebn \u2018tashm\u00eb jan\u00eb v\u00ebn\u00eb n\u00eb dijeni se ata q\u00eb kryejn\u00eb krime nd\u00ebrkomb\u00ebtare do mbahen p\u00ebrgjegj\u00ebs, p\u00ebrfshir\u00eb krer\u00ebt e shteteve\u2019.<\/span><\/p>\n<p><span style=\"color: #000000;\">Taylor p\u00ebrfundimisht u arrestua dhe u gjykua n\u00eb nj\u00eb gjykat\u00eb speciale n\u00eb Holand\u00eb. Ai u d\u00ebnua me 50 vjet burg.<\/span><\/p>\n","protected":false,"gt_translate_keys":[{"key":"rendered","format":"html"}]},"excerpt":{"rendered":"<p>Gjykata Nd\u00ebrkomb\u00ebtare Penale tha t\u00eb premten se ka l\u00ebshuar nj\u00eb urdh\u00ebr arresti p\u00ebr presidentin rus Vladimir Putin p\u00ebr krime lufte p\u00ebr shkak t\u00eb p\u00ebrfshirjes s\u00eb tij t\u00eb dyshuar n\u00eb rr\u00ebmbimet e f\u00ebmij\u00ebve nga Ukraina. Gjykata tha n\u00eb nj\u00eb deklarat\u00eb se Putini \u2018dyshohet se \u00ebsht\u00eb p\u00ebrgjegj\u00ebs p\u00ebr krimin e luft\u00ebs t\u00eb d\u00ebbimit t\u00eb paligjsh\u00ebm t\u00eb popullsis\u00eb [&hellip;]<\/p>\n","protected":false,"gt_translate_keys":[{"key":"rendered","format":"html"}]},"author":51,"featured_media":585332,"comment_status":"closed","ping_status":"closed","sticky":false,"template":"","format":"standard","meta":{"footnotes":""},"categories":[22,53],"tags":[],"class_list":["post-585331","post","type-post","status-publish","format-standard","has-post-thumbnail","hentry","category-ballina","category-fast-foodi"],"gt_translate_keys":[{"key":"link","format":"url"}],"_links":{"self":[{"href":"https:\/\/www.hashtag.al\/index.php\/wp-json\/wp\/v2\/posts\/585331","targetHints":{"allow":["GET"]}}],"collection":[{"href":"https:\/\/www.hashtag.al\/index.php\/wp-json\/wp\/v2\/posts"}],"about":[{"href":"https:\/\/www.hashtag.al\/index.php\/wp-json\/wp\/v2\/types\/post"}],"author":[{"embeddable":true,"href":"https:\/\/www.hashtag.al\/index.php\/wp-json\/wp\/v2\/users\/51"}],"replies":[{"embeddable":true,"href":"https:\/\/www.hashtag.al\/index.php\/wp-json\/wp\/v2\/comments?post=585331"}],"version-history":[{"count":0,"href":"https:\/\/www.hashtag.al\/index.php\/wp-json\/wp\/v2\/posts\/585331\/revisions"}],"wp:featuredmedia":[{"embeddable":true,"href":"https:\/\/www.hashtag.al\/index.php\/wp-json\/wp\/v2\/media\/585332"}],"wp:attachment":[{"href":"https:\/\/www.hashtag.al\/index.php\/wp-json\/wp\/v2\/media?parent=585331"}],"wp:term":[{"taxonomy":"category","embeddable":true,"href":"https:\/\/www.hashtag.al\/index.php\/wp-json\/wp\/v2\/categories?post=585331"},{"taxonomy":"post_tag","embeddable":true,"href":"https:\/\/www.hashtag.al\/index.php\/wp-json\/wp\/v2\/tags?post=585331"}],"curies":[{"name":"wp","href":"https:\/\/api.w.org\/{rel}","templated":true}]}}