{"id":585268,"date":"2023-03-17T12:05:22","date_gmt":"2023-03-17T11:05:22","guid":{"rendered":"https:\/\/www.hashtag.al\/?p=585268"},"modified":"2023-03-17T12:05:22","modified_gmt":"2023-03-17T11:05:22","slug":"alibeaj-dorezon-ne-kqz-deklaraten-solemne-te-firmosur-si-kryetar-i-komanduar-i-pd-se","status":"publish","type":"post","link":"https:\/\/www.hashtag.al\/index.php\/2023\/03\/17\/alibeaj-dorezon-ne-kqz-deklaraten-solemne-te-firmosur-si-kryetar-i-komanduar-i-pd-se\/","title":{"rendered":"Alibeaj dor\u00ebzon n\u00eb KQZ deklarat\u00ebn solemne t\u00eb firmosur si kryetar i Komanduar i PD-s\u00eb","gt_translate_keys":[{"key":"rendered","format":"text"}]},"content":{"rendered":"<p><span style=\"color: #000000;\"><a style=\"color: #000000;\" href=\"https:\/\/www.hashtag.al\/wp-content\/uploads\/2023\/03\/enkelejd-alibeaj.jpg\"><img loading=\"lazy\" decoding=\"async\" class=\"aligncenter size-full wp-image-584140\" src=\"https:\/\/www.hashtag.al\/wp-content\/uploads\/2023\/03\/enkelejd-alibeaj.jpg\" alt=\"\" width=\"844\" height=\"496\" srcset=\"https:\/\/www.hashtag.al\/wp-content\/uploads\/2023\/03\/enkelejd-alibeaj.jpg 844w, https:\/\/www.hashtag.al\/wp-content\/uploads\/2023\/03\/enkelejd-alibeaj-300x176.jpg 300w, https:\/\/www.hashtag.al\/wp-content\/uploads\/2023\/03\/enkelejd-alibeaj-768x451.jpg 768w\" sizes=\"auto, (max-width: 844px) 100vw, 844px\" \/><\/a><\/span><\/p>\n<p><span style=\"color: #000000;\">Pas vendimit t\u00eb Komisionit t\u00eb Ankesave dhe Sanksioneve p\u00ebr t\u00eb regjistruar PD-n\u00eb zyrtare n\u00eb zgjedhjet e 14 majit, Enkelejd Alibeaj ka dor\u00ebzuar n\u00eb KQZ deklarat\u00ebn solemne t\u00eb firmosur si Kryetar i Komanduar.<\/span><\/p>\n<p><span style=\"color: #000000;\">Deklarata p\u00ebrmban angazhimin e Partis\u00eb p\u00ebr pjes\u00ebmarrjen n\u00eb zgjedhjet dhe zbatimin nga strukturat e saj t\u00eb ligjit zgjedhor.<\/span><\/p>\n<p><span style=\"color: #000000;\">N\u00eb letr\u00ebn p\u00ebrcjell\u00ebse vihet re dhe ndryshimi i adres\u00ebs s\u00eb selis\u00eb me adres\u00eb n\u00eb Rrug\u00ebn Donika Kastrioti dhe jo n\u00eb selin\u00eb blu q\u00eb tashm\u00eb \u00ebsht\u00eb marr\u00eb n\u00eb zot\u00ebrim nga Sali Berisha.<\/span><\/p>\n<p><span style=\"color: #000000;\"><a style=\"color: #000000;\" href=\"https:\/\/www.hashtag.al\/wp-content\/uploads\/2023\/03\/deklarata-1.png\"><img loading=\"lazy\" decoding=\"async\" class=\"aligncenter size-full wp-image-585269\" src=\"https:\/\/www.hashtag.al\/wp-content\/uploads\/2023\/03\/deklarata-1.png\" alt=\"\" width=\"705\" height=\"858\" srcset=\"https:\/\/www.hashtag.al\/wp-content\/uploads\/2023\/03\/deklarata-1.png 705w, https:\/\/www.hashtag.al\/wp-content\/uploads\/2023\/03\/deklarata-1-247x300.png 247w\" sizes=\"auto, (max-width: 705px) 100vw, 705px\" \/><\/a><a style=\"color: #000000;\" href=\"https:\/\/www.hashtag.al\/wp-content\/uploads\/2023\/03\/deklarata-2.png\"><img loading=\"lazy\" decoding=\"async\" class=\"aligncenter size-full wp-image-585270\" src=\"https:\/\/www.hashtag.al\/wp-content\/uploads\/2023\/03\/deklarata-2.png\" alt=\"\" width=\"704\" height=\"857\" srcset=\"https:\/\/www.hashtag.al\/wp-content\/uploads\/2023\/03\/deklarata-2.png 704w, https:\/\/www.hashtag.al\/wp-content\/uploads\/2023\/03\/deklarata-2-246x300.png 246w\" sizes=\"auto, (max-width: 704px) 100vw, 704px\" \/><\/a><\/span><\/p>\n","protected":false,"gt_translate_keys":[{"key":"rendered","format":"html"}]},"excerpt":{"rendered":"<p>Pas vendimit t\u00eb Komisionit t\u00eb Ankesave dhe Sanksioneve p\u00ebr t\u00eb regjistruar PD-n\u00eb zyrtare n\u00eb zgjedhjet e 14 majit, Enkelejd Alibeaj ka dor\u00ebzuar n\u00eb KQZ deklarat\u00ebn solemne t\u00eb firmosur si Kryetar i Komanduar. Deklarata p\u00ebrmban angazhimin e Partis\u00eb p\u00ebr pjes\u00ebmarrjen n\u00eb zgjedhjet dhe zbatimin nga strukturat e saj t\u00eb ligjit zgjedhor. N\u00eb letr\u00ebn p\u00ebrcjell\u00ebse vihet re [&hellip;]<\/p>\n","protected":false,"gt_translate_keys":[{"key":"rendered","format":"html"}]},"author":32,"featured_media":584140,"comment_status":"closed","ping_status":"closed","sticky":false,"template":"","format":"standard","meta":{"footnotes":""},"categories":[65,13],"tags":[],"class_list":["post-585268","post","type-post","status-publish","format-standard","has-post-thumbnail","hentry","category-lajme","category-te-fundit"],"gt_translate_keys":[{"key":"link","format":"url"}],"_links":{"self":[{"href":"https:\/\/www.hashtag.al\/index.php\/wp-json\/wp\/v2\/posts\/585268","targetHints":{"allow":["GET"]}}],"collection":[{"href":"https:\/\/www.hashtag.al\/index.php\/wp-json\/wp\/v2\/posts"}],"about":[{"href":"https:\/\/www.hashtag.al\/index.php\/wp-json\/wp\/v2\/types\/post"}],"author":[{"embeddable":true,"href":"https:\/\/www.hashtag.al\/index.php\/wp-json\/wp\/v2\/users\/32"}],"replies":[{"embeddable":true,"href":"https:\/\/www.hashtag.al\/index.php\/wp-json\/wp\/v2\/comments?post=585268"}],"version-history":[{"count":0,"href":"https:\/\/www.hashtag.al\/index.php\/wp-json\/wp\/v2\/posts\/585268\/revisions"}],"wp:featuredmedia":[{"embeddable":true,"href":"https:\/\/www.hashtag.al\/index.php\/wp-json\/wp\/v2\/media\/584140"}],"wp:attachment":[{"href":"https:\/\/www.hashtag.al\/index.php\/wp-json\/wp\/v2\/media?parent=585268"}],"wp:term":[{"taxonomy":"category","embeddable":true,"href":"https:\/\/www.hashtag.al\/index.php\/wp-json\/wp\/v2\/categories?post=585268"},{"taxonomy":"post_tag","embeddable":true,"href":"https:\/\/www.hashtag.al\/index.php\/wp-json\/wp\/v2\/tags?post=585268"}],"curies":[{"name":"wp","href":"https:\/\/api.w.org\/{rel}","templated":true}]}}