{"id":585256,"date":"2023-03-17T11:25:27","date_gmt":"2023-03-17T10:25:27","guid":{"rendered":"https:\/\/www.hashtag.al\/?p=585256"},"modified":"2023-03-17T11:25:27","modified_gmt":"2023-03-17T10:25:27","slug":"ish-kryebashkiaku-i-durresit-merret-ne-pyetje-nga-spak","status":"publish","type":"post","link":"https:\/\/www.hashtag.al\/index.php\/2023\/03\/17\/ish-kryebashkiaku-i-durresit-merret-ne-pyetje-nga-spak\/","title":{"rendered":"Ish-kryebashkiaku i Durr\u00ebsit merret n\u00eb pyetje nga SPAK","gt_translate_keys":[{"key":"rendered","format":"text"}]},"content":{"rendered":"<p><span style=\"color: #000000;\"><a style=\"color: #000000;\" href=\"https:\/\/www.hashtag.al\/wp-content\/uploads\/2019\/07\/dako30korrik.jpg2_.jpg\"><img loading=\"lazy\" decoding=\"async\" class=\"aligncenter size-full wp-image-312649\" src=\"https:\/\/www.hashtag.al\/wp-content\/uploads\/2019\/07\/dako30korrik.jpg2_.jpg\" alt=\"\" width=\"1280\" height=\"854\" srcset=\"https:\/\/www.hashtag.al\/wp-content\/uploads\/2019\/07\/dako30korrik.jpg2_.jpg 1280w, https:\/\/www.hashtag.al\/wp-content\/uploads\/2019\/07\/dako30korrik.jpg2_-300x200.jpg 300w, https:\/\/www.hashtag.al\/wp-content\/uploads\/2019\/07\/dako30korrik.jpg2_-768x512.jpg 768w, https:\/\/www.hashtag.al\/wp-content\/uploads\/2019\/07\/dako30korrik.jpg2_-1024x683.jpg 1024w\" sizes=\"auto, (max-width: 1280px) 100vw, 1280px\" \/><\/a><\/span><\/p>\n<p><span style=\"color: #000000;\">Ish-kryebashkiaku i Durr\u00ebsit Vangjush Dako \u00ebsht\u00eb marr\u00eb dit\u00ebn e djeshme n\u00eb pyetje nga SPAK.<\/span><\/p>\n<p><span style=\"color: #000000;\">Gazetarja Klodiana Lala raportoi p\u00ebr \u201cBalkanWeb\u201d se Dako \u00ebsht\u00eb pyetur dje p\u00ebr disa or\u00eb nga hetuesit n\u00eb lidhje me nj\u00eb objekt pa leje.<\/span><\/p>\n<p><span style=\"color: #000000;\">B\u00ebhet fjal\u00eb p\u00ebr nj\u00eb nd\u00ebrtim q\u00eb ka p\u00ebsuar d\u00ebmtime t\u00eb r\u00ebnda nga t\u00ebrmeti.<\/span><\/p>\n<p><span style=\"color: #000000;\">Dako \u00ebsht\u00eb pyetur n\u00eb cil\u00ebsin\u00eb e personit q\u00eb ka dijeni p\u00ebr rrethanat e hetimit.<\/span><\/p>\n<p><span style=\"color: #000000;\">Brenda dy dit\u00ebsh dy kryebashkiak\u00eb t\u00eb dhe nj\u00eb ish-kryetar bashkie socialist jan\u00eb paraqitur n\u00eb SPAK.<\/span><br \/>\n<span style=\"color: #000000;\">Lefter Alla, kryetari i bashkis\u00eb Bulqiz\u00eb u arrestua dje nga SPAK p\u00ebr abuzim me tendera. Sot Artur Bushi i Kruj\u00ebs u thirr nga SPAK p\u00ebr disa \u00e7\u00ebshtje t\u00eb hapura.<\/span><\/p>\n<p>&nbsp;<\/p>\n","protected":false,"gt_translate_keys":[{"key":"rendered","format":"html"}]},"excerpt":{"rendered":"<p>Ish-kryebashkiaku i Durr\u00ebsit Vangjush Dako \u00ebsht\u00eb marr\u00eb dit\u00ebn e djeshme n\u00eb pyetje nga SPAK. Gazetarja Klodiana Lala raportoi p\u00ebr \u201cBalkanWeb\u201d se Dako \u00ebsht\u00eb pyetur dje p\u00ebr disa or\u00eb nga hetuesit n\u00eb lidhje me nj\u00eb objekt pa leje. B\u00ebhet fjal\u00eb p\u00ebr nj\u00eb nd\u00ebrtim q\u00eb ka p\u00ebsuar d\u00ebmtime t\u00eb r\u00ebnda nga t\u00ebrmeti. Dako \u00ebsht\u00eb pyetur n\u00eb cil\u00ebsin\u00eb [&hellip;]<\/p>\n","protected":false,"gt_translate_keys":[{"key":"rendered","format":"html"}]},"author":32,"featured_media":312649,"comment_status":"closed","ping_status":"closed","sticky":false,"template":"","format":"standard","meta":{"footnotes":""},"categories":[65,13],"tags":[],"class_list":["post-585256","post","type-post","status-publish","format-standard","has-post-thumbnail","hentry","category-lajme","category-te-fundit"],"gt_translate_keys":[{"key":"link","format":"url"}],"_links":{"self":[{"href":"https:\/\/www.hashtag.al\/index.php\/wp-json\/wp\/v2\/posts\/585256","targetHints":{"allow":["GET"]}}],"collection":[{"href":"https:\/\/www.hashtag.al\/index.php\/wp-json\/wp\/v2\/posts"}],"about":[{"href":"https:\/\/www.hashtag.al\/index.php\/wp-json\/wp\/v2\/types\/post"}],"author":[{"embeddable":true,"href":"https:\/\/www.hashtag.al\/index.php\/wp-json\/wp\/v2\/users\/32"}],"replies":[{"embeddable":true,"href":"https:\/\/www.hashtag.al\/index.php\/wp-json\/wp\/v2\/comments?post=585256"}],"version-history":[{"count":0,"href":"https:\/\/www.hashtag.al\/index.php\/wp-json\/wp\/v2\/posts\/585256\/revisions"}],"wp:featuredmedia":[{"embeddable":true,"href":"https:\/\/www.hashtag.al\/index.php\/wp-json\/wp\/v2\/media\/312649"}],"wp:attachment":[{"href":"https:\/\/www.hashtag.al\/index.php\/wp-json\/wp\/v2\/media?parent=585256"}],"wp:term":[{"taxonomy":"category","embeddable":true,"href":"https:\/\/www.hashtag.al\/index.php\/wp-json\/wp\/v2\/categories?post=585256"},{"taxonomy":"post_tag","embeddable":true,"href":"https:\/\/www.hashtag.al\/index.php\/wp-json\/wp\/v2\/tags?post=585256"}],"curies":[{"name":"wp","href":"https:\/\/api.w.org\/{rel}","templated":true}]}}