{"id":585253,"date":"2023-03-17T11:22:01","date_gmt":"2023-03-17T10:22:01","guid":{"rendered":"https:\/\/www.hashtag.al\/?p=585253"},"modified":"2023-03-17T11:22:01","modified_gmt":"2023-03-17T10:22:01","slug":"rama-shkon-ne-presidence-ceshtjet-e-diskutuara","status":"publish","type":"post","link":"https:\/\/www.hashtag.al\/index.php\/2023\/03\/17\/rama-shkon-ne-presidence-ceshtjet-e-diskutuara\/","title":{"rendered":"Rama shkon n\u00eb Presidenc\u00eb, \u00e7\u00ebshtjet e diskutuara \u00a0","gt_translate_keys":[{"key":"rendered","format":"text"}]},"content":{"rendered":"<p><span style=\"color: #000000;\"><a style=\"color: #000000;\" href=\"https:\/\/www.hashtag.al\/wp-content\/uploads\/2023\/03\/rama-begaj.jpg\"><img loading=\"lazy\" decoding=\"async\" class=\"aligncenter size-full wp-image-585254\" src=\"https:\/\/www.hashtag.al\/wp-content\/uploads\/2023\/03\/rama-begaj.jpg\" alt=\"\" width=\"770\" height=\"433\" srcset=\"https:\/\/www.hashtag.al\/wp-content\/uploads\/2023\/03\/rama-begaj.jpg 770w, https:\/\/www.hashtag.al\/wp-content\/uploads\/2023\/03\/rama-begaj-300x169.jpg 300w, https:\/\/www.hashtag.al\/wp-content\/uploads\/2023\/03\/rama-begaj-768x432.jpg 768w\" sizes=\"auto, (max-width: 770px) 100vw, 770px\" \/><\/a><\/span><\/p>\n<p><span style=\"color: #000000;\">Kryeministri Edi Rama ka zhvilluar dit\u00ebn e sotme nj\u00eb vizit\u00eb n\u00eb Presidenc\u00eb, ku zhvilloi nj\u00eb takim me Presidentin Bajram Begaj.<\/span><\/p>\n<p><span style=\"color: #000000;\">N\u00eb k\u00ebt\u00eb takim jan\u00eb prekur disa \u00e7\u00ebshtje t\u00eb ve\u00e7anta q\u00eb k\u00ebrkojn\u00eb bashk\u00ebpunim mes qeveris\u00eb dhe institucionit t\u00eb Presidenc\u00ebs nd\u00ebr to edhe \u00e7\u00ebshtja e detit, raporton News24.<\/span><\/p>\n<p><span style=\"color: #000000;\">Shqip\u00ebria \u00ebsht\u00eb n\u00eb nj\u00eb moment t\u00eb p\u00ebrcaktimit t\u00eb kufirit detar me shtetin grek p\u00ebr \u00e7\u00ebshtjen e Jonit, dhe \u00ebsht\u00eb r\u00ebn\u00eb dakord q\u00eb \u00e7\u00ebshtja do shqyrtohet n\u00eb gjykat\u00ebn nd\u00ebrkomb\u00ebtare t\u00eb Hag\u00ebs.<\/span><\/p>\n<p><span style=\"color: #000000;\">Nd\u00ebrkoh\u00eb Presidentit i takon t\u00eb jap\u00eb plotfuqin\u00eb p\u00ebr p\u00ebrcaktimin e grupit q\u00eb do merret me \u00e7\u00ebshtjen pasi me ish-Presidentin Meta kjo gj\u00eb nuk kishte ndodhur p\u00ebr shkak t\u00eb p\u00ebrplasjeve mes qeveris\u00eb dhe presidenc\u00ebs s\u00eb at\u00ebhershme duke mbetur pezull nga ana juridike nd\u00ebrkoh\u00eb q\u00eb siduket mes dy qeverive (shqiptare dhe greke) diskutimet avanconin.<\/span><\/p>\n","protected":false,"gt_translate_keys":[{"key":"rendered","format":"html"}]},"excerpt":{"rendered":"<p>Kryeministri Edi Rama ka zhvilluar dit\u00ebn e sotme nj\u00eb vizit\u00eb n\u00eb Presidenc\u00eb, ku zhvilloi nj\u00eb takim me Presidentin Bajram Begaj. N\u00eb k\u00ebt\u00eb takim jan\u00eb prekur disa \u00e7\u00ebshtje t\u00eb ve\u00e7anta q\u00eb k\u00ebrkojn\u00eb bashk\u00ebpunim mes qeveris\u00eb dhe institucionit t\u00eb Presidenc\u00ebs nd\u00ebr to edhe \u00e7\u00ebshtja e detit, raporton News24. Shqip\u00ebria \u00ebsht\u00eb n\u00eb nj\u00eb moment t\u00eb p\u00ebrcaktimit t\u00eb kufirit [&hellip;]<\/p>\n","protected":false,"gt_translate_keys":[{"key":"rendered","format":"html"}]},"author":32,"featured_media":585254,"comment_status":"closed","ping_status":"closed","sticky":false,"template":"","format":"standard","meta":{"footnotes":""},"categories":[65,13],"tags":[],"class_list":["post-585253","post","type-post","status-publish","format-standard","has-post-thumbnail","hentry","category-lajme","category-te-fundit"],"gt_translate_keys":[{"key":"link","format":"url"}],"_links":{"self":[{"href":"https:\/\/www.hashtag.al\/index.php\/wp-json\/wp\/v2\/posts\/585253","targetHints":{"allow":["GET"]}}],"collection":[{"href":"https:\/\/www.hashtag.al\/index.php\/wp-json\/wp\/v2\/posts"}],"about":[{"href":"https:\/\/www.hashtag.al\/index.php\/wp-json\/wp\/v2\/types\/post"}],"author":[{"embeddable":true,"href":"https:\/\/www.hashtag.al\/index.php\/wp-json\/wp\/v2\/users\/32"}],"replies":[{"embeddable":true,"href":"https:\/\/www.hashtag.al\/index.php\/wp-json\/wp\/v2\/comments?post=585253"}],"version-history":[{"count":0,"href":"https:\/\/www.hashtag.al\/index.php\/wp-json\/wp\/v2\/posts\/585253\/revisions"}],"wp:featuredmedia":[{"embeddable":true,"href":"https:\/\/www.hashtag.al\/index.php\/wp-json\/wp\/v2\/media\/585254"}],"wp:attachment":[{"href":"https:\/\/www.hashtag.al\/index.php\/wp-json\/wp\/v2\/media?parent=585253"}],"wp:term":[{"taxonomy":"category","embeddable":true,"href":"https:\/\/www.hashtag.al\/index.php\/wp-json\/wp\/v2\/categories?post=585253"},{"taxonomy":"post_tag","embeddable":true,"href":"https:\/\/www.hashtag.al\/index.php\/wp-json\/wp\/v2\/tags?post=585253"}],"curies":[{"name":"wp","href":"https:\/\/api.w.org\/{rel}","templated":true}]}}