{"id":585184,"date":"2023-03-16T18:15:04","date_gmt":"2023-03-16T17:15:04","guid":{"rendered":"https:\/\/www.hashtag.al\/?p=585184"},"modified":"2023-03-16T18:15:04","modified_gmt":"2023-03-16T17:15:04","slug":"izraelitet-vazhdojne-mitingjet-antiqeveritare-nen-moton-rezistenca-ne-rritje","status":"publish","type":"post","link":"https:\/\/www.hashtag.al\/index.php\/2023\/03\/16\/izraelitet-vazhdojne-mitingjet-antiqeveritare-nen-moton-rezistenca-ne-rritje\/","title":{"rendered":"Izraelit\u00ebt vazhdojn\u00eb mitingjet antiqeveritare n\u00ebn moton &#8216;rezistenca n\u00eb rritje&#8217;","gt_translate_keys":[{"key":"rendered","format":"text"}]},"content":{"rendered":"<p><a href=\"https:\/\/www.hashtag.al\/wp-content\/uploads\/2023\/03\/thumbs_b_c_6dbd77e305e8987e6a1e404cd51d055e.jpg\"><img loading=\"lazy\" decoding=\"async\" class=\"aligncenter size-full wp-image-585185\" src=\"https:\/\/www.hashtag.al\/wp-content\/uploads\/2023\/03\/thumbs_b_c_6dbd77e305e8987e6a1e404cd51d055e.jpg\" alt=\"\" width=\"864\" height=\"486\" srcset=\"https:\/\/www.hashtag.al\/wp-content\/uploads\/2023\/03\/thumbs_b_c_6dbd77e305e8987e6a1e404cd51d055e.jpg 864w, https:\/\/www.hashtag.al\/wp-content\/uploads\/2023\/03\/thumbs_b_c_6dbd77e305e8987e6a1e404cd51d055e-300x169.jpg 300w, https:\/\/www.hashtag.al\/wp-content\/uploads\/2023\/03\/thumbs_b_c_6dbd77e305e8987e6a1e404cd51d055e-768x432.jpg 768w\" sizes=\"auto, (max-width: 864px) 100vw, 864px\" \/><\/a><\/p>\n<p><span style=\"color: #000000;\">Mij\u00ebra izraelit\u00eb t\u00eb enjten pritet t&#8217;i bashkohen tubimeve antiqeveritare n\u00eb t\u00eb gjith\u00eb Izraelin, duke protestuar ndaj planeve t\u00eb qeveris\u00eb p\u00ebr t\u00eb shkaktuar ndryshime rr\u00ebnj\u00ebsore n\u00eb struktur\u00ebn e autoritetit gjyq\u00ebsor t\u00eb Izraelit, sipas <span style=\"color: #000080;\"><a style=\"color: #000080;\" href=\"https:\/\/www.aa.com.tr\/en\/middle-east\/israelis-continue-anti-government-rallies-on-day-of-escalating-resistance\/2847437\">AA<\/a><\/span>.<\/span><\/p>\n<p><span style=\"color: #000000;\">Tubimet e s\u00eb enjtes u mbajt\u00ebn n\u00ebn flamurin e &#8220;rezistenc\u00ebs n\u00eb rritje&#8221; me mitingun kryesor q\u00eb u zhvillua n\u00eb qytetin qendror t\u00eb Tel Avivit.<\/span><\/p>\n<p><span style=\"color: #000000;\">Tubimet vijn\u00eb pasi kreu i opozit\u00ebs izraelite, Yair Lapid, ra dakord mbi propozimin e presidentit izraelit Isaac Herzog p\u00ebr t\u00eb zgjidhur kriz\u00ebn n\u00eb vazhdim, nd\u00ebrsa qeveria izraelite e refuzoi at\u00eb.<\/span><\/p>\n<p><span style=\"color: #000000;\">T\u00eb m\u00ebrkur\u00ebn, Herzog paraqiti nj\u00eb plan t\u00eb modifikuar p\u00ebr t\u00eb reformuar gjyq\u00ebsorin, pasi plani origjinal i paraqitur nga qeveria ndezi nj\u00eb ndarje t\u00eb madhe brenda shoq\u00ebris\u00eb.<\/span><\/p>\n<p><span style=\"color: #000000;\">Kryeministri izraelit Benjamin Netanyahu, megjithat\u00eb, njoftoi refuzimin e tij ndaj planit t\u00eb Herzogut dhe tha n\u00eb nj\u00eb postim n\u00eb Twitter se &#8220;<em>\u00e7do p\u00ebrpjekje p\u00ebr t\u00eb arritur nj\u00eb mir\u00ebkuptim dhe bised\u00eb \u00ebsht\u00eb sigurisht e p\u00ebrshtatshme &#8230; por p\u00ebr fat t\u00eb keq \u00e7\u00ebshtjet e paraqitura nga presidenti nuk u pajtuan nga p\u00ebrfaq\u00ebsues t\u00eb koalicionit\u201d<\/em>.<\/span><\/p>\n<p><span style=\"color: #000000;\">Gjat\u00eb nj\u00eb fjalimi m\u00eb her\u00ebt t\u00eb m\u00ebrkur\u00ebn, Herzog paralajm\u00ebroi p\u00ebr shp\u00ebrthimin e luft\u00ebs civile n\u00eb Izrael n\u00eb drit\u00ebn e ndarjes s\u00eb mpreht\u00eb n\u00eb shoq\u00ebrin\u00eb izraelite p\u00ebr shkak t\u00eb planit t\u00eb qeveris\u00eb q\u00eb dob\u00ebson autoritetin e gjyq\u00ebsorit.<\/span><\/p>\n<p><span style=\"color: #000000;\">N\u00eb dy muajt e fundit, mij\u00ebra izraelit\u00eb kan\u00eb dal\u00eb n\u00eb rrug\u00eb p\u00ebr t\u00eb protestuar ndaj planeve t\u00eb Netanyahut p\u00ebr rinovim gjyq\u00ebsor, t\u00eb par\u00eb nga opozita si nj\u00eb p\u00ebrpjekje p\u00ebr t\u00eb zvog\u00ebluar kompetencat e autoritetit gjyq\u00ebsor n\u00eb favor t\u00eb autoritetit ekzekutiv.<\/span><\/p>\n<p><span style=\"color: #000000;\">Propozuar nga Ministri i Drejt\u00ebsis\u00eb Yariv Levin, reforma, n\u00ebse miratohet, do t\u00eb ishte ndryshimi m\u00eb radikal ndonj\u00ebher\u00eb n\u00eb sistemin e qeverisjes n\u00eb Izrael.<\/span><\/p>\n<p><span style=\"color: #000000;\">Ndryshimi i planifikuar do t\u00eb kufizonte r\u00ebnd\u00eb fuqin\u00eb e Gjykat\u00ebs s\u00eb Lart\u00eb t\u00eb Drejt\u00ebsis\u00eb, do t&#8217;i jepte qeveris\u00eb fuqin\u00eb p\u00ebr t\u00eb zgjedhur gjyqtar\u00ebt dhe do t&#8217;i jepte fund em\u00ebrimit t\u00eb k\u00ebshilltar\u00ebve ligjor\u00eb n\u00eb ministri nga prokurori i p\u00ebrgjithsh\u00ebm.<\/span><\/p>\n<p><span style=\"color: #000000;\">Megjithat\u00eb, Netanyahu, i cili \u00ebsht\u00eb n\u00eb gjyq p\u00ebr korrupsion, k\u00ebmb\u00ebngul se plani i tij gjyq\u00ebsor do t\u00eb p\u00ebrmir\u00ebsonte demokracin\u00eb dhe do t\u00eb rivendoste ekuilibrin midis pushtetit legjislativ, ekzekutiv dhe gjyq\u00ebsor.<\/span><\/p>\n","protected":false,"gt_translate_keys":[{"key":"rendered","format":"html"}]},"excerpt":{"rendered":"<p>Mij\u00ebra izraelit\u00eb t\u00eb enjten pritet t&#8217;i bashkohen tubimeve antiqeveritare n\u00eb t\u00eb gjith\u00eb Izraelin, duke protestuar ndaj planeve t\u00eb qeveris\u00eb p\u00ebr t\u00eb shkaktuar ndryshime rr\u00ebnj\u00ebsore n\u00eb struktur\u00ebn e autoritetit gjyq\u00ebsor t\u00eb Izraelit, sipas AA. Tubimet e s\u00eb enjtes u mbajt\u00ebn n\u00ebn flamurin e &#8220;rezistenc\u00ebs n\u00eb rritje&#8221; me mitingun kryesor q\u00eb u zhvillua n\u00eb qytetin qendror t\u00eb [&hellip;]<\/p>\n","protected":false,"gt_translate_keys":[{"key":"rendered","format":"html"}]},"author":30,"featured_media":585185,"comment_status":"closed","ping_status":"closed","sticky":false,"template":"","format":"standard","meta":{"footnotes":""},"categories":[6,13],"tags":[],"class_list":["post-585184","post","type-post","status-publish","format-standard","has-post-thumbnail","hentry","category-nderkombetare","category-te-fundit"],"gt_translate_keys":[{"key":"link","format":"url"}],"_links":{"self":[{"href":"https:\/\/www.hashtag.al\/index.php\/wp-json\/wp\/v2\/posts\/585184","targetHints":{"allow":["GET"]}}],"collection":[{"href":"https:\/\/www.hashtag.al\/index.php\/wp-json\/wp\/v2\/posts"}],"about":[{"href":"https:\/\/www.hashtag.al\/index.php\/wp-json\/wp\/v2\/types\/post"}],"author":[{"embeddable":true,"href":"https:\/\/www.hashtag.al\/index.php\/wp-json\/wp\/v2\/users\/30"}],"replies":[{"embeddable":true,"href":"https:\/\/www.hashtag.al\/index.php\/wp-json\/wp\/v2\/comments?post=585184"}],"version-history":[{"count":0,"href":"https:\/\/www.hashtag.al\/index.php\/wp-json\/wp\/v2\/posts\/585184\/revisions"}],"wp:featuredmedia":[{"embeddable":true,"href":"https:\/\/www.hashtag.al\/index.php\/wp-json\/wp\/v2\/media\/585185"}],"wp:attachment":[{"href":"https:\/\/www.hashtag.al\/index.php\/wp-json\/wp\/v2\/media?parent=585184"}],"wp:term":[{"taxonomy":"category","embeddable":true,"href":"https:\/\/www.hashtag.al\/index.php\/wp-json\/wp\/v2\/categories?post=585184"},{"taxonomy":"post_tag","embeddable":true,"href":"https:\/\/www.hashtag.al\/index.php\/wp-json\/wp\/v2\/tags?post=585184"}],"curies":[{"name":"wp","href":"https:\/\/api.w.org\/{rel}","templated":true}]}}