{"id":585120,"date":"2023-03-16T13:25:33","date_gmt":"2023-03-16T12:25:33","guid":{"rendered":"https:\/\/www.hashtag.al\/?p=585120"},"modified":"2023-03-16T13:26:19","modified_gmt":"2023-03-16T12:26:19","slug":"borreli-ne-tirane-skema-e-shqiperise-per-pasaportat-e-arta-nuk-do-te-ndiqet-me-tej","status":"publish","type":"post","link":"https:\/\/www.hashtag.al\/index.php\/2023\/03\/16\/borreli-ne-tirane-skema-e-shqiperise-per-pasaportat-e-arta-nuk-do-te-ndiqet-me-tej\/","title":{"rendered":"Borrelli n\u00eb Tiran\u00eb: Skema e Shqip\u00ebris\u00eb p\u00ebr pasaportat e arta nuk do t\u00eb ndiqet m\u00eb tej","gt_translate_keys":[{"key":"rendered","format":"text"}]},"content":{"rendered":"<p><span style=\"color: #000000;\"><a href=\"https:\/\/www.hashtag.al\/wp-content\/uploads\/2023\/03\/1678968039_Screenshot6.jpg\"><img loading=\"lazy\" decoding=\"async\" class=\"aligncenter size-full wp-image-585121\" src=\"https:\/\/www.hashtag.al\/wp-content\/uploads\/2023\/03\/1678968039_Screenshot6.jpg\" alt=\"\" width=\"780\" height=\"440\" srcset=\"https:\/\/www.hashtag.al\/wp-content\/uploads\/2023\/03\/1678968039_Screenshot6.jpg 780w, https:\/\/www.hashtag.al\/wp-content\/uploads\/2023\/03\/1678968039_Screenshot6-300x169.jpg 300w, https:\/\/www.hashtag.al\/wp-content\/uploads\/2023\/03\/1678968039_Screenshot6-768x433.jpg 768w\" sizes=\"auto, (max-width: 780px) 100vw, 780px\" \/><\/a><\/span><\/p>\n<p><span style=\"color: #000000;\">Kryeministri Edi Rama t\u00ebrhiqet nga pasaportat e arta. Ka qen\u00eb shefi i Politik\u00ebs s\u00eb Jashtme t\u00eb Bashkimit Evropian, Josep Borrell i cili dha lajmin n\u00eb konferenc\u00eb p\u00ebr mediat.<\/span><\/p>\n<p><span style=\"color: #000000;\">Borrell tha se institucionet shqiptare duhet t\u00eb p\u00ebrshpejtojn\u00eb reformat dhe se pat\u00ebm mund\u00ebsi t\u00eb mir\u00ebpresim vendimin e kryeministrit q\u00eb skema e pasaportave t\u00eb arta nuk do t\u00eb ndiqet m\u00eb tej.<\/span><\/p>\n<p><span style=\"color: #000000;\">\u201c<em>\u00cbsht\u00eb hera e par\u00eb n\u00eb marr\u00ebdh\u00ebniet tona q\u00eb ne e mbajm\u00eb k\u00ebt\u00eb k\u00ebshill asociim stabilizimi n\u00eb Tiran\u00eb. Ne duam t\u00eb japim nj\u00eb sinjal t\u00eb fuqish\u00ebm politik p\u00ebr angazhimin e BE ndaj integrimit shqiptar si vend an\u00ebtar i BE-s\u00eb.<\/em><\/span><\/p>\n<p><span style=\"color: #000000;\"><em>E p\u00ebrdorim k\u00ebshillin si nd\u00ebrveprimin institucional m\u00eb t\u00eb r\u00ebnd\u00ebsish\u00ebm mes BE-s\u00eb dhe Shqip\u00ebris\u00eb.<\/em><\/span><\/p>\n<p><span style=\"color: #000000;\"><em>Mesazhi kryesor \u00ebsht\u00eb angazhimi yn\u00eb i patundur p\u00ebr integrimin europian t\u00eb Shqip\u00ebris\u00eb. Ne po punojm\u00eb s\u00eb bashku p\u00ebr integrimin e Shqip\u00ebris\u00eb n\u00eb t\u00eb gjitha linjat.<\/em><\/span><\/p>\n<p><span style=\"color: #000000;\"><em>Institucionet shqiptare duhet t\u00eb p\u00ebrshpejtojn\u00eb reformat duke u bazuar n\u00eb mb\u00ebshtetjen masive t\u00eb popullit shqiptar p\u00ebr integrimin.<\/em><\/span><\/p>\n<p><span style=\"color: #000000;\"><em>Ne shohim dhe mir\u00ebpresim drejtimin strategjik t\u00eb qar\u00eb t\u00eb Shqip\u00ebris\u00eb n\u00eb BE. Po punojm\u00eb p\u00ebr an\u00ebtar\u00ebsimin e Shqip\u00ebris\u00eb n\u00eb t\u00eb gjitha fushat. Dua t\u00eb pranoj dhe t\u00eb vler\u00ebsoj se ky vend ka treguar pjekuri n\u00eb t\u00eb gjitha reformat, sidomos n\u00eb drejt\u00ebsi e cila ka ecur p\u00ebrpara. Institucionet shqiptare duhet t\u00eb p\u00ebrshpejtojn\u00eb reformat. Pat\u00ebm mund\u00ebsi t\u00eb mir\u00ebpresim vendimin e kryeministrit q\u00eb skema e pasaportave t\u00eb arta nuk do t\u00eb ndiqet m\u00eb tej. Kjo mbledhje organizohet dhe mbahet n\u00eb nj\u00eb realitet t\u00eb ri dhe shum\u00eb sfidues q\u00eb \u00ebsht\u00eb shkaktuar nga agresioni rus n\u00eb Ukrain\u00eb.<\/em><\/span><\/p>\n<p><span style=\"color: #000000;\"><em>Po punojm\u00eb p\u00ebr nj\u00eb s\u00ebr\u00eb veprimesh p\u00ebr t\u00eb rritur aft\u00ebsin\u00eb p\u00ebrt\u00ebrit\u00ebse t\u00eb Shqip\u00ebris\u00eb n\u00eb fush\u00ebn e siguris\u00eb kibernetike\u201d,<\/em> deklaroi Borrell.<\/span><\/p>\n","protected":false,"gt_translate_keys":[{"key":"rendered","format":"html"}]},"excerpt":{"rendered":"<p>Kryeministri Edi Rama t\u00ebrhiqet nga pasaportat e arta. Ka qen\u00eb shefi i Politik\u00ebs s\u00eb Jashtme t\u00eb Bashkimit Evropian, Josep Borrell i cili dha lajmin n\u00eb konferenc\u00eb p\u00ebr mediat. Borrell tha se institucionet shqiptare duhet t\u00eb p\u00ebrshpejtojn\u00eb reformat dhe se pat\u00ebm mund\u00ebsi t\u00eb mir\u00ebpresim vendimin e kryeministrit q\u00eb skema e pasaportave t\u00eb arta nuk do t\u00eb [&hellip;]<\/p>\n","protected":false,"gt_translate_keys":[{"key":"rendered","format":"html"}]},"author":30,"featured_media":585121,"comment_status":"closed","ping_status":"closed","sticky":false,"template":"","format":"standard","meta":{"footnotes":""},"categories":[65],"tags":[],"class_list":["post-585120","post","type-post","status-publish","format-standard","has-post-thumbnail","hentry","category-lajme"],"gt_translate_keys":[{"key":"link","format":"url"}],"_links":{"self":[{"href":"https:\/\/www.hashtag.al\/index.php\/wp-json\/wp\/v2\/posts\/585120","targetHints":{"allow":["GET"]}}],"collection":[{"href":"https:\/\/www.hashtag.al\/index.php\/wp-json\/wp\/v2\/posts"}],"about":[{"href":"https:\/\/www.hashtag.al\/index.php\/wp-json\/wp\/v2\/types\/post"}],"author":[{"embeddable":true,"href":"https:\/\/www.hashtag.al\/index.php\/wp-json\/wp\/v2\/users\/30"}],"replies":[{"embeddable":true,"href":"https:\/\/www.hashtag.al\/index.php\/wp-json\/wp\/v2\/comments?post=585120"}],"version-history":[{"count":0,"href":"https:\/\/www.hashtag.al\/index.php\/wp-json\/wp\/v2\/posts\/585120\/revisions"}],"wp:featuredmedia":[{"embeddable":true,"href":"https:\/\/www.hashtag.al\/index.php\/wp-json\/wp\/v2\/media\/585121"}],"wp:attachment":[{"href":"https:\/\/www.hashtag.al\/index.php\/wp-json\/wp\/v2\/media?parent=585120"}],"wp:term":[{"taxonomy":"category","embeddable":true,"href":"https:\/\/www.hashtag.al\/index.php\/wp-json\/wp\/v2\/categories?post=585120"},{"taxonomy":"post_tag","embeddable":true,"href":"https:\/\/www.hashtag.al\/index.php\/wp-json\/wp\/v2\/tags?post=585120"}],"curies":[{"name":"wp","href":"https:\/\/api.w.org\/{rel}","templated":true}]}}