{"id":584616,"date":"2023-03-14T09:17:31","date_gmt":"2023-03-14T08:17:31","guid":{"rendered":"https:\/\/www.hashtag.al\/?p=584616"},"modified":"2023-03-14T11:54:01","modified_gmt":"2023-03-14T10:54:01","slug":"si-u-realizua-navalny-historia-e-dokumentarit-kushtuar-liderit-te-opozites-ruse-qe-fitoi-cmimin-oscar","status":"publish","type":"post","link":"https:\/\/www.hashtag.al\/index.php\/2023\/03\/14\/si-u-realizua-navalny-historia-e-dokumentarit-kushtuar-liderit-te-opozites-ruse-qe-fitoi-cmimin-oscar\/","title":{"rendered":"Si u realizua &#8216;Navalny&#8217;, historia e dokumentarit kushtuar liderit t\u00eb opozit\u00ebs ruse q\u00eb fitoi \u00e7mimin Oscar","gt_translate_keys":[{"key":"rendered","format":"text"}]},"content":{"rendered":"<p><span style=\"color: #000000;\"><img loading=\"lazy\" decoding=\"async\" class=\"aligncenter size-full wp-image-584626\" src=\"https:\/\/www.hashtag.al\/wp-content\/uploads\/2023\/03\/navalny2.jpeg\" alt=\"\" width=\"1000\" height=\"667\" srcset=\"https:\/\/www.hashtag.al\/wp-content\/uploads\/2023\/03\/navalny2.jpeg 1000w, https:\/\/www.hashtag.al\/wp-content\/uploads\/2023\/03\/navalny2-300x200.jpeg 300w, https:\/\/www.hashtag.al\/wp-content\/uploads\/2023\/03\/navalny2-768x512.jpeg 768w\" sizes=\"auto, (max-width: 1000px) 100vw, 1000px\" \/><\/span><\/p>\n<p><span style=\"color: #000000;\">Nj\u00eb dokumentar q\u00eb gjurmoi \u200b\u200bpolitikanin rus t\u00eb opozit\u00ebs Aleksei Navalny, nj\u00eb aktivist antikorrupsion q\u00eb \u00ebsht\u00eb nj\u00eb nga kritik\u00ebt m\u00eb t\u00eb z\u00ebsh\u00ebm t\u00eb Presidentit Vladimir Putin, teksa u sh\u00ebrua n\u00eb Berlin pasi u helmua, ka fituar \u00e7mimin Oscar n\u00eb kategorin\u00eb p\u00ebr filmin m\u00eb t\u00eb mir\u00eb dokumentar.<\/span><\/p>\n<p><span style=\"color: #000000;\">Dokumentari i regjisorit kanadez Daniel Rohres dhe i prodhuar nga nj\u00eb ekip i formuar nga producentja e aktorja Odessa Rae, Diane Becker, Melanie Miller e Shane Boris, triumfoi n\u00eb ceremonin\u00eb e 95-t\u00eb t\u00eb \u00e7mimeve Oscar n\u00eb Hollywood m\u00eb 12 mars.<\/span><\/p>\n<p><span style=\"color: #000000;\"> Fitimi i \u00e7mimit vjen teksa Navalny po vuan d\u00ebnimin me 2 vjet e gjysm\u00eb burg p\u00ebr shkeljen e kushteve t\u00eb nj\u00eb lirimi me kusht, kur ai u evakuua p\u00ebr shkaqe mjek\u00ebsore nga Siberia n\u00eb gjendje koma pasi p\u00ebsoi nj\u00eb helmim thuajse fatal n\u00eb gusht 2020. P\u00ebr helmimin \u00ebsht\u00eb faj\u00ebsuar inteligjenca ruse edhe pse Moska ka mohuar \u00e7do p\u00ebrfshirje n\u00eb ngjarje.<\/span><\/p>\n<p><span style=\"color: #000000;\">Regjisori kanadez ia kushtoi \u00e7mimin Navalny-t gjat\u00eb fjal\u00ebs s\u00eb tij teksa merrte statuj\u00ebn.<\/span><\/p>\n<div style=\"width: 640px;\" class=\"wp-video\"><video class=\"wp-video-shortcode\" id=\"video-584616-1\" width=\"640\" height=\"360\" preload=\"metadata\" controls=\"controls\"><source type=\"video\/mp4\" src=\"https:\/\/www.hashtag.al\/wp-content\/uploads\/2023\/03\/navalny2.mp4?_=1\" \/><a href=\"https:\/\/www.hashtag.al\/wp-content\/uploads\/2023\/03\/navalny2.mp4\">https:\/\/www.hashtag.al\/wp-content\/uploads\/2023\/03\/navalny2.mp4<\/a><\/video><\/div>\n<p>&nbsp;<\/p>\n<p><span style=\"color: #000000;\"><em>&#8220;Ka nj\u00eb person q\u00eb nuk mund t\u00eb ishte me ne sonte k\u00ebtu, Aleksei Navalny, lideri i opozit\u00ebs ruse, i cili mbetet n\u00eb izolim p\u00ebr at\u00eb q\u00eb ai e quan, dua t\u00eb sigurohem q\u00eb t&#8217;i kuptojm\u00eb fjal\u00ebt e tij sakt\u00ebsisht &#8211; Lufta e padrejt\u00eb e agresionit t\u00eb Putinit n\u00eb Ukrain\u00eb. Alexei, bota nuk e ka harruar mesazhin t\u00ebnd jetik p\u00ebr t\u00eb gjith\u00eb ne. Ne nuk mundemi, nuk duhet t\u00eb kemi frik\u00eb t\u00eb kund\u00ebrshtojm\u00eb diktator\u00ebt dhe autoritarizmin kudo q\u00eb ai ngre kok\u00ebn.\u201d &#8211; <\/em>tha regjisori me origjin\u00eb kanadeze Daniel Roher teksa merrte \u00e7mimin s\u00eb bashku me gruan, djalin dhe vajz\u00ebn e Navalny-t.<\/span><\/p>\n<p><span style=\"color: #000000;\">Navalny ka faj\u00ebsuar Putinin p\u00ebr helmimin e tij me nj\u00eb substanc\u00eb kimike t\u00eb stilit Novichok. Kremlini ka mohuar \u00e7do rol n\u00eb helmimin e Navalny.<\/span><\/p>\n<p><span style=\"color: #000000;\">Washington Post raportoi se Navalny mori lajmin p\u00ebr fitoren e dokumentarit kushtuar atij nga avokati i tij nd\u00ebrsa po merrte pjes\u00eb n\u00eb nj\u00eb seanc\u00eb gjyq\u00ebsore p\u00ebrmes lidhjes video nga burgu ku po mbahet.<\/span><\/p>\n<div id=\"attachment_584617\" style=\"width: 1237px\" class=\"wp-caption aligncenter\"><img loading=\"lazy\" decoding=\"async\" aria-describedby=\"caption-attachment-584617\" class=\"size-full wp-image-584617\" src=\"https:\/\/www.hashtag.al\/wp-content\/uploads\/2023\/03\/navalny.png\" alt=\"\" width=\"1227\" height=\"649\" srcset=\"https:\/\/www.hashtag.al\/wp-content\/uploads\/2023\/03\/navalny.png 1227w, https:\/\/www.hashtag.al\/wp-content\/uploads\/2023\/03\/navalny-300x159.png 300w, https:\/\/www.hashtag.al\/wp-content\/uploads\/2023\/03\/navalny-1024x542.png 1024w, https:\/\/www.hashtag.al\/wp-content\/uploads\/2023\/03\/navalny-768x406.png 768w\" sizes=\"auto, (max-width: 1227px) 100vw, 1227px\" \/><p id=\"caption-attachment-584617\" class=\"wp-caption-text\"><\/span> <span style=\"color: #000000;\">N\u00eb foto: Regjisori Daniel Roher e producentet Odessa Rae e Diane Becker<\/span><\/p><\/div>\n<p><span style=\"color: #000000;\">Roher bashk\u00ebpunoi me grupin hetimor Bellingcat p\u00ebr t\u00eb treguar historin\u00eb e asaj q\u00eb ndodhi pasi lideri 46-vje\u00e7ar i antikorrupsionit i mbijetoi helmimit dhe u p\u00ebrpoq t\u00eb zbulonte se kush q\u00ebndron pas tij.<\/span><\/p>\n<p><span style=\"color: #000000;\">D\u00ebnimi origjinal i Navalny-t konsiderohet gjer\u00ebsisht si nj\u00eb rast i sajuar, i motivuar politikisht. N\u00eb mars t\u00eb vitit 2022, atij iu dha nj\u00eb d\u00ebnim i ve\u00e7ant\u00eb n\u00ebnt\u00ebvje\u00e7ar me akuza p\u00ebr p\u00ebrvet\u00ebsim n\u00ebp\u00ebrmjet mashtrimit q\u00eb ai dhe mb\u00ebshtet\u00ebsit e tij e kan\u00eb refuzuar vazhdimisht si t\u00eb motivuar politikisht.<\/span><\/p>\n<p><span style=\"color: #000000;\"><em>&#8220;Burri im \u00ebsht\u00eb n\u00eb burg vet\u00ebm pse ka th\u00ebn\u00eb \u00ebrtet\u00ebn. Burri im \u00ebsht\u00eb n\u00eb burg vet\u00ebm p\u00ebr mbrojtjen e demokracis\u00eb,&#8221;<\/em> tha Yulia Navalnaya n\u00eb sken\u00eb gjat\u00eb ndarjes s\u00eb \u00e7mimeve.<\/span><\/p>\n<p><span style=\"color: #000000;\"><em>&#8220;Aleksei, po \u00ebnd\u00ebrroj dit\u00ebn kur ti do t\u00eb jesh i lir\u00eb dhe vendi yn\u00eb do t\u00eb jet\u00eb i lir\u00eb. Q\u00ebndro i fort\u00eb dashuria ime.&#8221;<\/em><\/span><\/p>\n<div id=\"attachment_584619\" style=\"width: 1030px\" class=\"wp-caption aligncenter\"><img loading=\"lazy\" decoding=\"async\" aria-describedby=\"caption-attachment-584619\" class=\"wp-image-584619 size-full\" src=\"https:\/\/www.hashtag.al\/wp-content\/uploads\/2023\/03\/odesarae.jpg\" alt=\"\" width=\"1020\" height=\"576\" srcset=\"https:\/\/www.hashtag.al\/wp-content\/uploads\/2023\/03\/odesarae.jpg 1020w, https:\/\/www.hashtag.al\/wp-content\/uploads\/2023\/03\/odesarae-300x169.jpg 300w, https:\/\/www.hashtag.al\/wp-content\/uploads\/2023\/03\/odesarae-768x434.jpg 768w\" sizes=\"auto, (max-width: 1020px) 100vw, 1020px\" \/><p id=\"caption-attachment-584619\" class=\"wp-caption-text\"><\/span> <span style=\"color: #000000;\">N\u00eb foto: Aleksi Navalny e nj\u00eb nga procedentet e dokumentarit &#8216;Navalny&#8217;, Odessa Rae<\/span><\/p><\/div>\n<p><span style=\"color: #000000;\">Nj\u00eb kritik i gjat\u00eb dhe kund\u00ebrshtar politik i presidentit rus Vladimir Putin, Navalny, 46 vje\u00e7, aktualisht l\u00ebngon n\u00eb nj\u00eb burg t\u00eb siguris\u00eb maksimale rreth 120 kilometra n\u00eb lindje t\u00eb Mosk\u00ebs.<\/span><\/p>\n<p><span style=\"color: #000000;\">Ai u arrestua pasi u kthye n\u00eb kryeqytetin rus n\u00eb janar 2021, pasi kaloi pes\u00eb muaj n\u00eb nj\u00eb spital gjerman p\u00ebr t\u00eb trajtuar nj\u00eb helmim t\u00eb dyshuar me agjent nervor nga inteligjenca ruse.<\/span><\/p>\n<p><span style=\"color: #000000;\">Navalny u d\u00ebnua me dy vjet e gjysm\u00eb burg nga nj\u00eb gjykat\u00eb ruse p\u00ebr dyshimin se kishte shkelur kushtet e lirimit me kusht. N\u00eb mars 2022, ai u d\u00ebnua m\u00eb pas n\u00ebnt\u00eb vjet p\u00ebr akuzat e mashtrimit.<\/span><\/p>\n<p><span style=\"color: #000000;\"><span style=\"color: #ff0000;\"><strong>VINI RE<\/strong><\/span>: Ky material \u00ebsht\u00eb pron\u00ebsi intelektuale e <span style=\"color: #0000ff;\"><a style=\"color: #0000ff;\" href=\"https:\/\/www.politico.eu\/article\/alexei-navalny-win-oscar-best-documentary\/\">Politico<\/a><\/span> e <span style=\"color: #0000ff;\"><a style=\"color: #0000ff;\" href=\"https:\/\/www.rferl.org\/a\/navalny-oscars-documentary-feature-russia\/32314983.html\">Rferl<\/a><\/span><\/span><\/p>\n","protected":false,"gt_translate_keys":[{"key":"rendered","format":"html"}]},"excerpt":{"rendered":"<p>Nj\u00eb dokumentar q\u00eb gjurmoi \u200b\u200bpolitikanin rus t\u00eb opozit\u00ebs Aleksei Navalny, nj\u00eb aktivist antikorrupsion q\u00eb \u00ebsht\u00eb nj\u00eb nga kritik\u00ebt m\u00eb t\u00eb z\u00ebsh\u00ebm t\u00eb Presidentit Vladimir Putin, teksa u sh\u00ebrua n\u00eb Berlin pasi u helmua, ka fituar \u00e7mimin Oscar n\u00eb kategorin\u00eb p\u00ebr filmin m\u00eb t\u00eb mir\u00eb dokumentar. Dokumentari i regjisorit kanadez Daniel Rohres dhe i prodhuar nga [&hellip;]<\/p>\n","protected":false,"gt_translate_keys":[{"key":"rendered","format":"html"}]},"author":51,"featured_media":584626,"comment_status":"closed","ping_status":"closed","sticky":false,"template":"","format":"standard","meta":{"footnotes":""},"categories":[22,53],"tags":[],"class_list":["post-584616","post","type-post","status-publish","format-standard","has-post-thumbnail","hentry","category-ballina","category-fast-foodi"],"gt_translate_keys":[{"key":"link","format":"url"}],"_links":{"self":[{"href":"https:\/\/www.hashtag.al\/index.php\/wp-json\/wp\/v2\/posts\/584616","targetHints":{"allow":["GET"]}}],"collection":[{"href":"https:\/\/www.hashtag.al\/index.php\/wp-json\/wp\/v2\/posts"}],"about":[{"href":"https:\/\/www.hashtag.al\/index.php\/wp-json\/wp\/v2\/types\/post"}],"author":[{"embeddable":true,"href":"https:\/\/www.hashtag.al\/index.php\/wp-json\/wp\/v2\/users\/51"}],"replies":[{"embeddable":true,"href":"https:\/\/www.hashtag.al\/index.php\/wp-json\/wp\/v2\/comments?post=584616"}],"version-history":[{"count":0,"href":"https:\/\/www.hashtag.al\/index.php\/wp-json\/wp\/v2\/posts\/584616\/revisions"}],"wp:featuredmedia":[{"embeddable":true,"href":"https:\/\/www.hashtag.al\/index.php\/wp-json\/wp\/v2\/media\/584626"}],"wp:attachment":[{"href":"https:\/\/www.hashtag.al\/index.php\/wp-json\/wp\/v2\/media?parent=584616"}],"wp:term":[{"taxonomy":"category","embeddable":true,"href":"https:\/\/www.hashtag.al\/index.php\/wp-json\/wp\/v2\/categories?post=584616"},{"taxonomy":"post_tag","embeddable":true,"href":"https:\/\/www.hashtag.al\/index.php\/wp-json\/wp\/v2\/tags?post=584616"}],"curies":[{"name":"wp","href":"https:\/\/api.w.org\/{rel}","templated":true}]}}