{"id":584488,"date":"2023-03-13T18:00:07","date_gmt":"2023-03-13T17:00:07","guid":{"rendered":"https:\/\/www.hashtag.al\/?p=584488"},"modified":"2023-03-13T18:00:07","modified_gmt":"2023-03-13T17:00:07","slug":"ne-fjalimin-e-pare-te-mandatit-te-ri-xi-jinping-zotohet-ta-beje-ushtrine-e-kines-nje-mur-te-madh-celiku","status":"publish","type":"post","link":"https:\/\/www.hashtag.al\/index.php\/2023\/03\/13\/ne-fjalimin-e-pare-te-mandatit-te-ri-xi-jinping-zotohet-ta-beje-ushtrine-e-kines-nje-mur-te-madh-celiku\/","title":{"rendered":"N\u00eb fjalimin e par\u00eb t\u00eb mandatit t\u00eb ri, Xi Jinping zotohet ta b\u00ebj\u00eb ushtrin\u00eb e Kin\u00ebs nj\u00eb &#8220;mur t\u00eb madh \u00e7eliku\u201d","gt_translate_keys":[{"key":"rendered","format":"text"}]},"content":{"rendered":"<p>&nbsp;<\/p>\n<p><span style=\"color: #000000;\"><a href=\"https:\/\/www.hashtag.al\/wp-content\/uploads\/2023\/03\/XI-JIPING.jpg\"><img loading=\"lazy\" decoding=\"async\" class=\"aligncenter size-full wp-image-584490\" src=\"https:\/\/www.hashtag.al\/wp-content\/uploads\/2023\/03\/XI-JIPING.jpg\" alt=\"\" width=\"1280\" height=\"720\" srcset=\"https:\/\/www.hashtag.al\/wp-content\/uploads\/2023\/03\/XI-JIPING.jpg 1280w, https:\/\/www.hashtag.al\/wp-content\/uploads\/2023\/03\/XI-JIPING-300x169.jpg 300w, https:\/\/www.hashtag.al\/wp-content\/uploads\/2023\/03\/XI-JIPING-1024x576.jpg 1024w, https:\/\/www.hashtag.al\/wp-content\/uploads\/2023\/03\/XI-JIPING-768x432.jpg 768w\" sizes=\"auto, (max-width: 1280px) 100vw, 1280px\" \/><\/a><\/span><\/p>\n<p><span style=\"color: #000000;\">Udh\u00ebheq\u00ebsi i Kin\u00ebs Xi Jinping u zotua t\u00eb h\u00ebn\u00ebn se do t\u00eb forcoj\u00eb sigurin\u00eb komb\u00ebtare dhe do ta nd\u00ebrtoj\u00eb ushtrin\u00eb n\u00eb nj\u00eb &#8220;mur t\u00eb madh prej \u00e7eliku&#8221;, n\u00eb fjalimin e par\u00eb t\u00eb mandatit t\u00eb tij t\u00eb tret\u00eb si president, sipas <span style=\"color: #0000ff;\"><a style=\"color: #0000ff;\" href=\"https:\/\/edition.cnn.com\/2023\/03\/13\/china\/china-xi-jinpong-first-speech-third-term-intl-hnk\">CNN.<\/a><\/span><\/span><\/p>\n<p><span style=\"color: #000000;\">Duke folur n\u00eb mbylljen e takimit vjetor t\u00eb parlamentit t\u00eb Kin\u00ebs, Xi n\u00ebnvizoi nevoj\u00ebn p\u00ebr t\u00eb modernizuar t\u00ebr\u00ebsisht mbrojtjen komb\u00ebtare dhe ushtrin\u00eb.<\/span><\/p>\n<p><span style=\"color: #000000;\"><em>\u201cNe duhet ta nd\u00ebrtojm\u00eb Ushtrin\u00eb \u00c7lirimtare Popullore n\u00eb nj\u00eb mur t\u00eb madh prej \u00e7eliku q\u00eb mbron efektivisht sovranitetin komb\u00ebtar, sigurin\u00eb dhe interesat e zhvillimit\u201d,<\/em> u tha Xi gati 3,000 delegat\u00ebve t\u00eb Kongresit Popullor Komb\u00ebtar (NPC).<\/span><\/p>\n<p><span style=\"color: #000000;\">Xi, 69 vje\u00e7, u miratua unanimisht nga NPC si president i Kin\u00ebs p\u00ebr pes\u00eb vjet t\u00eb tjera n\u00eb nj\u00eb votim koreografik dhe ceremonial t\u00eb premten, duke e b\u00ebr\u00eb at\u00eb kreun m\u00eb jet\u00ebgjat\u00eb t\u00eb shtetit t\u00eb Kin\u00ebs komuniste q\u00eb nga themelimi i saj n\u00eb 1949.<\/span><\/p>\n<p><span style=\"color: #000000;\">N\u00eb fillim t\u00eb fjal\u00ebs s\u00eb tij t\u00eb h\u00ebn\u00ebn, Xi fal\u00ebnderoi delegat\u00ebt p\u00ebr riem\u00ebrimin e tij.<\/span><\/p>\n<p><span style=\"color: #000000;\"><em>\u201cKjo \u00ebsht\u00eb hera e tret\u00eb q\u00eb marr postin e lart\u00eb si president. Besimi i njer\u00ebzve \u00ebsht\u00eb forca m\u00eb e madhe shtyt\u00ebse p\u00ebr mua p\u00ebr t\u00eb ecur p\u00ebrpara dhe gjithashtu nj\u00eb p\u00ebrgjegj\u00ebsi e r\u00ebnd\u00eb mbi supet e mia\u201d,<\/em> tha ai.<\/span><\/p>\n<p><span style=\"color: #000000;\">Ashtu si shum\u00eb fjalimet e tij t\u00eb m\u00ebparshme, Xi kishte nj\u00eb ton nacionalist, duke p\u00ebrmendur v\u00ebshtir\u00ebsit\u00eb q\u00eb Kina p\u00ebsoi nga duart e &#8220;fuqive t\u00eb huaja ngacmuese&#8221; n\u00eb epok\u00ebn moderne dhe duke v\u00ebn\u00eb n\u00eb dukje se si Partia Komuniste e ka udh\u00ebhequr vendin t\u00eb &#8220;fshij\u00eb posht\u00ebrimin komb\u00ebtar&#8221;.<\/span><\/p>\n<p><span style=\"color: #000000;\"><em>&#8220;Populli kinez \u00ebsht\u00eb b\u00ebr\u00eb zot i fatit t\u00eb tij,&#8221;<\/em> tha ai. <em>&#8220;P\u00ebrt\u00ebritja e madhe e kombit kinez ka hyr\u00eb n\u00eb nj\u00eb proces historik t\u00eb pakthyesh\u00ebm.&#8221;<\/em><\/span><\/p>\n<p><span style=\"color: #000000;\">Sipas Xi, &#8220;thelbi&#8221; i atij p\u00ebrt\u00ebritje \u00ebsht\u00eb &#8220;bashkimi komb\u00ebtar&#8221;, dometh\u00ebn\u00eb &#8220;ribashkimi&#8221; i Tajvanit me Kin\u00ebn kontinentale.<\/span><\/p>\n<p><span style=\"color: #000000;\">Partia Komuniste Kineze pretendon demokracin\u00eb vet\u00ebqeveris\u00ebse t\u00eb Tajvanit si pjes\u00eb t\u00eb territorit t\u00eb saj, pavar\u00ebsisht se nuk e ka kontrolluar kurr\u00eb at\u00eb, dhe refuzon t\u00eb p\u00ebrjashtoj\u00eb p\u00ebrdorimin e forc\u00ebs.<\/span><\/p>\n<p><span style=\"color: #000000;\">N\u00ebn Xi, Pekini ka rritur presionin ekonomik, diplomatik dhe ushtarak mbi demokracin\u00eb e ishullit. Pushtimi rus i Ukrain\u00ebs, t\u00eb cilin Pekini nuk e ka d\u00ebnuar, ka rritur gjithashtu frik\u00ebn se Xi mund t\u00eb shikoj\u00eb t\u00eb b\u00ebj\u00eb di\u00e7ka t\u00eb ngjashme n\u00eb vitet n\u00eb vijim.<\/span><\/p>\n<p><span style=\"color: #000000;\">\u201c<em>Ne duhet\u2026 t\u00eb promovojm\u00eb n\u00eb m\u00ebnyr\u00eb aktive zhvillimin paq\u00ebsor t\u00eb marr\u00ebdh\u00ebnieve nd\u00ebrshkurtuese, t\u00eb kund\u00ebrshtojm\u00eb me vendosm\u00ebri nd\u00ebrhyrjen e forcave t\u00eb jashtme dhe aktivitetet separatiste t\u00eb Tajvanit dhe t\u00eb p\u00ebrparojm\u00eb me vendosm\u00ebri procesin e ribashkimit komb\u00ebtar,\u201d<\/em> tha Xi para nj\u00eb shp\u00ebrthimi duartrokitjesh n\u00eb Sall\u00ebn e Madhe t\u00eb Popullit. .<\/span><\/p>\n<p><span style=\"color: #000000;\">Xi gjithashtu b\u00ebri thirrje q\u00eb Kina t\u00eb koordinoj\u00eb m\u00eb mir\u00eb zhvillimin dhe sigurin\u00eb.<\/span><\/p>\n<p><span style=\"color: #000000;\">\u201c<em>Siguria \u00ebsht\u00eb themeli i zhvillimit, stabiliteti \u00ebsht\u00eb parakusht p\u00ebr prosperitet,\u201d<\/em> tha ai.<\/span><\/p>\n<p><span style=\"color: #000000;\">Gjat\u00eb dekad\u00ebs s\u00eb tij t\u00eb par\u00eb n\u00eb pushtet, Xi ka l\u00ebshuar reforma gjith\u00ebp\u00ebrfshir\u00ebse n\u00eb ushtrin\u00eb kineze p\u00ebr ta b\u00ebr\u00eb at\u00eb nj\u00eb forc\u00eb moderne luftarake dhe e ka nd\u00ebrtuar marin\u00ebn e saj n\u00eb m\u00eb t\u00eb madhen n\u00eb bot\u00eb.<\/span><\/p>\n<p><span style=\"color: #000000;\">Buxheti vjetor ushtarak i Kin\u00ebs do t\u00eb rritet me 7.2% k\u00ebt\u00eb vit n\u00eb rreth 1.55 trilion juan\u00eb (224 miliard\u00eb dollar\u00eb), mes tensioneve gjeopolitike n\u00eb rritje dhe nj\u00eb gare rajonale t\u00eb arm\u00ebve.<\/span><\/p>\n<p><span style=\"color: #000000;\">Ai gjithashtu ka konsoliduar kontrollin e tij mbi arm\u00ebt ushtarake dhe civile t\u00eb qeveris\u00eb p\u00ebr t&#8217;u b\u00ebr\u00eb udh\u00ebheq\u00ebsi m\u00eb i sigurt dhe dominues i Kin\u00ebs n\u00eb nj\u00eb brez.<\/span><\/p>\n<p><span style=\"color: #000000;\">Theksi n\u00eb forcimin e siguris\u00eb dhe ushtris\u00eb vjen pasi marr\u00ebdh\u00ebniet e Kin\u00ebs me Shtetet e Bashkuara jan\u00eb ngecur n\u00eb pik\u00ebn e tyre m\u00eb t\u00eb ul\u00ebt n\u00eb dekada, me tensione q\u00eb rriten n\u00eb t\u00eb gjith\u00eb sektor\u00ebt nga tregtia dhe teknologjia deri te gjeopolitika, ve\u00e7an\u00ebrisht e ardhmja e Tajvanit<\/span><\/p>\n<p><span style=\"color: #000000;\">Jav\u00ebn e kaluar, n\u00eb komente jasht\u00ebzakonisht t\u00eb drejtp\u00ebrdrejta, Xi akuzoi SHBA-n\u00eb se po udh\u00ebheqin vendet per\u00ebndimore p\u00ebr t\u00eb &#8220;frenuar dhe shtypur&#8221; Kin\u00ebn dhe p\u00ebr t&#8217;i sjell\u00eb asaj &#8220;sfida t\u00eb r\u00ebnda t\u00eb paprecedent\u00eb&#8221;.<\/span><\/p>\n<p><span style=\"color: #000000;\">Ministri i ri i Jasht\u00ebm i Xi, Qin Gang, paralajm\u00ebroi se n\u00ebse SHBA-ja nuk \u201cgodit frenat\u201d, dy superfuqit\u00eb me siguri do t\u00eb bien n\u00eb \u201ckonflikt dhe konfrontim\u201d.<\/span><\/p>\n","protected":false,"gt_translate_keys":[{"key":"rendered","format":"html"}]},"excerpt":{"rendered":"<p>&nbsp; Udh\u00ebheq\u00ebsi i Kin\u00ebs Xi Jinping u zotua t\u00eb h\u00ebn\u00ebn se do t\u00eb forcoj\u00eb sigurin\u00eb komb\u00ebtare dhe do ta nd\u00ebrtoj\u00eb ushtrin\u00eb n\u00eb nj\u00eb &#8220;mur t\u00eb madh prej \u00e7eliku&#8221;, n\u00eb fjalimin e par\u00eb t\u00eb mandatit t\u00eb tij t\u00eb tret\u00eb si president, sipas CNN. Duke folur n\u00eb mbylljen e takimit vjetor t\u00eb parlamentit t\u00eb Kin\u00ebs, Xi n\u00ebnvizoi [&hellip;]<\/p>\n","protected":false,"gt_translate_keys":[{"key":"rendered","format":"html"}]},"author":30,"featured_media":584490,"comment_status":"closed","ping_status":"closed","sticky":false,"template":"","format":"standard","meta":{"footnotes":""},"categories":[6],"tags":[],"class_list":["post-584488","post","type-post","status-publish","format-standard","has-post-thumbnail","hentry","category-nderkombetare"],"gt_translate_keys":[{"key":"link","format":"url"}],"_links":{"self":[{"href":"https:\/\/www.hashtag.al\/index.php\/wp-json\/wp\/v2\/posts\/584488","targetHints":{"allow":["GET"]}}],"collection":[{"href":"https:\/\/www.hashtag.al\/index.php\/wp-json\/wp\/v2\/posts"}],"about":[{"href":"https:\/\/www.hashtag.al\/index.php\/wp-json\/wp\/v2\/types\/post"}],"author":[{"embeddable":true,"href":"https:\/\/www.hashtag.al\/index.php\/wp-json\/wp\/v2\/users\/30"}],"replies":[{"embeddable":true,"href":"https:\/\/www.hashtag.al\/index.php\/wp-json\/wp\/v2\/comments?post=584488"}],"version-history":[{"count":0,"href":"https:\/\/www.hashtag.al\/index.php\/wp-json\/wp\/v2\/posts\/584488\/revisions"}],"wp:featuredmedia":[{"embeddable":true,"href":"https:\/\/www.hashtag.al\/index.php\/wp-json\/wp\/v2\/media\/584490"}],"wp:attachment":[{"href":"https:\/\/www.hashtag.al\/index.php\/wp-json\/wp\/v2\/media?parent=584488"}],"wp:term":[{"taxonomy":"category","embeddable":true,"href":"https:\/\/www.hashtag.al\/index.php\/wp-json\/wp\/v2\/categories?post=584488"},{"taxonomy":"post_tag","embeddable":true,"href":"https:\/\/www.hashtag.al\/index.php\/wp-json\/wp\/v2\/tags?post=584488"}],"curies":[{"name":"wp","href":"https:\/\/api.w.org\/{rel}","templated":true}]}}