{"id":584222,"date":"2023-03-12T10:58:18","date_gmt":"2023-03-12T09:58:18","guid":{"rendered":"https:\/\/www.hashtag.al\/?p=584222"},"modified":"2023-03-12T10:59:05","modified_gmt":"2023-03-12T09:59:05","slug":"deshton-armepushimi-me-rebelet-m23-ne-rd-te-kongos-angola-vendos-trupat-ne-kufi","status":"publish","type":"post","link":"https:\/\/www.hashtag.al\/index.php\/2023\/03\/12\/deshton-armepushimi-me-rebelet-m23-ne-rd-te-kongos-angola-vendos-trupat-ne-kufi\/","title":{"rendered":"D\u00ebshton arm\u00ebpushimi me rebel\u00ebt M23 n\u00eb RD t\u00eb Kongos, Angola vendos trupat n\u00eb kufi","gt_translate_keys":[{"key":"rendered","format":"text"}]},"content":{"rendered":"<p><span style=\"color: #000000;\"><a style=\"color: #000000;\" href=\"https:\/\/www.hashtag.al\/wp-content\/uploads\/2023\/03\/rd-kongo.png\"><img loading=\"lazy\" decoding=\"async\" class=\"aligncenter size-full wp-image-584223\" src=\"https:\/\/www.hashtag.al\/wp-content\/uploads\/2023\/03\/rd-kongo.png\" alt=\"\" width=\"956\" height=\"538\" srcset=\"https:\/\/www.hashtag.al\/wp-content\/uploads\/2023\/03\/rd-kongo.png 956w, https:\/\/www.hashtag.al\/wp-content\/uploads\/2023\/03\/rd-kongo-300x169.png 300w, https:\/\/www.hashtag.al\/wp-content\/uploads\/2023\/03\/rd-kongo-768x432.png 768w\" sizes=\"auto, (max-width: 956px) 100vw, 956px\" \/><\/a><\/span><\/p>\n<p><span style=\"color: #000000;\">Angola thot\u00eb se do t\u00eb d\u00ebrgoj\u00eb nj\u00eb nj\u00ebsi ushtarake n\u00eb lindje t\u00eb Republik\u00ebs Demokratike t\u00eb Kongos, disa dit\u00eb pasi nj\u00eb arm\u00ebpushim i nd\u00ebrmjet\u00ebsuar nuk arriti t&#8217;i jap\u00eb fund luftimeve.<\/span><\/p>\n<p><span style=\"color: #000000;\">T\u00eb dyja pal\u00ebt n\u00eb konflikt &#8211; rebel\u00ebt M23 dhe trupat qeveritare &#8211; kan\u00eb akuzuar nj\u00ebra-tjetr\u00ebn p\u00ebr thyerjen e arm\u00ebpushimit q\u00eb filloi t\u00eb mart\u00ebn.<\/span><\/p>\n<p><span style=\"color: #000000;\">Nj\u00eb forc\u00eb e Afrik\u00ebs Lindore u vendos gjithashtu koh\u00ebt e fundit n\u00eb zon\u00eb, e cila \u00ebsht\u00eb e pasur me minerale dhe ka dhjet\u00ebra milici, p\u00ebrcjell <span style=\"color: #3366ff;\"><a style=\"color: #3366ff;\" href=\"https:\/\/www.bbc.com\/news\/world-africa-64927180\">BBC.<\/a><\/span><\/span><\/p>\n<p><span style=\"color: #000000;\">OKB thot\u00eb se konflikti detyroi 300,000 njer\u00ebz t\u00eb largoheshin nga sht\u00ebpit\u00eb e tyre muajin e kaluar.<\/span><\/p>\n<p><span style=\"color: #000000;\">Kjo ndodhi n\u00eb provinc\u00ebn veriore t\u00eb Kivus, e cila kufizohet me Ruand\u00ebn dhe Ugand\u00ebn, dhe \u00ebsht\u00eb nj\u00eb zon\u00eb pjellore dhe malore e grabitur prej koh\u00ebsh nga grupet rivale.<\/span><\/p>\n<p><span style=\"color: #000000;\">Ekziston nj\u00eb shqet\u00ebsim n\u00eb rritje p\u00ebr kriz\u00ebn humanitare t\u00eb shkaktuar nga luftimet, t\u00eb cilat ishin ende n\u00eb vazhdim t\u00eb premten.<\/span><\/p>\n<p><span style=\"color: #000000;\">Bashkimi Evropian ka nisur nj\u00eb operacion p\u00ebr t\u00eb fluturuar n\u00eb ndihm\u00eb t\u00eb kryeqytetit rajonal, Goma, duke th\u00ebn\u00eb se agjencit\u00eb humanitare jan\u00eb t\u00eb mbingarkuara.<\/span><\/p>\n<p><span style=\"color: #000000;\">Nj\u00eb deklarat\u00eb nga zyra e presidentit t\u00eb Angol\u00ebs tha se ushtar\u00ebt do t\u00eb vendosen p\u00ebr t\u00eb ndihmuar n\u00eb sigurimin e zonave q\u00eb jan\u00eb mbajtur nga grupi rebel M23 dhe p\u00ebr t\u00eb mbrojtur monitoruesit e arm\u00ebpushimit.<\/span><\/p>\n<p><span style=\"color: #000000;\">Edhe ushtar\u00eb kenian\u00eb, t\u00eb cil\u00ebt jan\u00eb pjes\u00eb e Forcave Rajonale t\u00eb Komunitetit t\u00eb Afrik\u00ebs Lindore, jan\u00eb vendosur n\u00eb k\u00ebto zona.<\/span><\/p>\n<p><span style=\"color: #000000;\">Rebel\u00ebt, t\u00eb cil\u00ebt raportohet gjer\u00ebsisht se mb\u00ebshteten nga Ruanda, kishin th\u00ebn\u00eb vet\u00ebm disa or\u00eb m\u00eb par\u00eb se do t\u00eb t\u00ebrhiqeshin nga disa fshatra t\u00eb pushtuara.<\/span><\/p>\n<p><span style=\"color: #000000;\">Qeveria kongoleze do t\u00eb mir\u00ebpres\u00eb ardhjen e trupave Angoleze p\u00ebr t\u00eb ndihmuar n\u00eb luft\u00ebn kund\u00ebr rebel\u00ebve. Por ekziston rreziku q\u00eb ky t\u00eb kthehet n\u00eb nj\u00eb konflikt m\u00eb t\u00eb gjer\u00eb nd\u00ebrkomb\u00ebtar.<\/span><\/p>\n<p><span style=\"color: #000000;\">M\u00eb shum\u00eb se 20 vjet m\u00eb par\u00eb, ushtrit\u00eb e t\u00eb pakt\u00ebn tet\u00eb vendeve afrikane luftuan n\u00eb lindje t\u00eb RD Kongos , t\u00eb quajtur &#8220;Lufta Bot\u00ebrore e Afrik\u00ebs&#8221;, q\u00eb shkaktoi vuajtje t\u00eb pamas\u00eb p\u00ebr popullat\u00ebn civile.<\/span><\/p>\n<p><span style=\"color: #000000;\">Ruanda ka kritikuar p\u00ebr shum\u00eb vite autoritetet kongoleze p\u00ebr d\u00ebshtimin n\u00eb \u00e7armatosjen e rebel\u00ebve Hutu &#8211; disa prej t\u00eb cil\u00ebve jan\u00eb t\u00eb lidhur me gjenocidin e Ruand\u00ebs n\u00eb 1994.<\/span><\/p>\n<p><span style=\"color: #000000;\">Ajo mohon mb\u00ebshtetjen e M23, e cila ka kapur zona t\u00eb gjera territori gjat\u00eb vitit t\u00eb kaluar dhe ka p\u00ebrparuar drejt Gom\u00ebs.<\/span><\/p>\n<p><span style=\"color: #000000;\">Nj\u00eb dekad\u00eb m\u00eb par\u00eb, luft\u00ebtar\u00ebt M23 kap\u00ebn gjithashtu pjes\u00eb t\u00eb m\u00ebdha t\u00eb Kivu-s\u00eb Veriore &#8211; por p\u00ebrfundimisht u shpartalluan nga trupat e OKB-s\u00eb dhe ato rajonale dhe si pjes\u00eb e nj\u00eb marr\u00ebveshjeje paqeje u \u00e7armatos\u00ebn.<\/span><\/p>\n<p><span style=\"color: #000000;\">Ata filluan t\u00eb rigrupohen n\u00eb fillim t\u00eb vitit t\u00eb kaluar.<\/span><\/p>\n<p><span style=\"color: #000000;\">T\u00eb p\u00ebrb\u00ebr\u00eb kryesisht nga dezertor\u00eb t\u00eb ushtris\u00eb kongoleze, ata p\u00ebr her\u00eb t\u00eb par\u00eb mor\u00ebn arm\u00ebt n\u00eb vitin 2009 duke akuzuar qeverin\u00eb p\u00ebr margjinalizimin e pakic\u00ebs etnike Tutsi dhe d\u00ebshtimin p\u00ebr t\u00eb respektuar marr\u00ebveshjet e m\u00ebparshme t\u00eb paqes.<\/span><\/p>\n","protected":false,"gt_translate_keys":[{"key":"rendered","format":"html"}]},"excerpt":{"rendered":"<p>Angola thot\u00eb se do t\u00eb d\u00ebrgoj\u00eb nj\u00eb nj\u00ebsi ushtarake n\u00eb lindje t\u00eb Republik\u00ebs Demokratike t\u00eb Kongos, disa dit\u00eb pasi nj\u00eb arm\u00ebpushim i nd\u00ebrmjet\u00ebsuar nuk arriti t&#8217;i jap\u00eb fund luftimeve. T\u00eb dyja pal\u00ebt n\u00eb konflikt &#8211; rebel\u00ebt M23 dhe trupat qeveritare &#8211; kan\u00eb akuzuar nj\u00ebra-tjetr\u00ebn p\u00ebr thyerjen e arm\u00ebpushimit q\u00eb filloi t\u00eb mart\u00ebn. Nj\u00eb forc\u00eb e [&hellip;]<\/p>\n","protected":false,"gt_translate_keys":[{"key":"rendered","format":"html"}]},"author":32,"featured_media":584223,"comment_status":"closed","ping_status":"closed","sticky":false,"template":"","format":"standard","meta":{"footnotes":""},"categories":[6,13],"tags":[],"class_list":["post-584222","post","type-post","status-publish","format-standard","has-post-thumbnail","hentry","category-nderkombetare","category-te-fundit"],"gt_translate_keys":[{"key":"link","format":"url"}],"_links":{"self":[{"href":"https:\/\/www.hashtag.al\/index.php\/wp-json\/wp\/v2\/posts\/584222","targetHints":{"allow":["GET"]}}],"collection":[{"href":"https:\/\/www.hashtag.al\/index.php\/wp-json\/wp\/v2\/posts"}],"about":[{"href":"https:\/\/www.hashtag.al\/index.php\/wp-json\/wp\/v2\/types\/post"}],"author":[{"embeddable":true,"href":"https:\/\/www.hashtag.al\/index.php\/wp-json\/wp\/v2\/users\/32"}],"replies":[{"embeddable":true,"href":"https:\/\/www.hashtag.al\/index.php\/wp-json\/wp\/v2\/comments?post=584222"}],"version-history":[{"count":0,"href":"https:\/\/www.hashtag.al\/index.php\/wp-json\/wp\/v2\/posts\/584222\/revisions"}],"wp:featuredmedia":[{"embeddable":true,"href":"https:\/\/www.hashtag.al\/index.php\/wp-json\/wp\/v2\/media\/584223"}],"wp:attachment":[{"href":"https:\/\/www.hashtag.al\/index.php\/wp-json\/wp\/v2\/media?parent=584222"}],"wp:term":[{"taxonomy":"category","embeddable":true,"href":"https:\/\/www.hashtag.al\/index.php\/wp-json\/wp\/v2\/categories?post=584222"},{"taxonomy":"post_tag","embeddable":true,"href":"https:\/\/www.hashtag.al\/index.php\/wp-json\/wp\/v2\/tags?post=584222"}],"curies":[{"name":"wp","href":"https:\/\/api.w.org\/{rel}","templated":true}]}}