{"id":584216,"date":"2023-03-12T10:18:37","date_gmt":"2023-03-12T09:18:37","guid":{"rendered":"https:\/\/www.hashtag.al\/?p=584216"},"modified":"2023-03-12T10:18:37","modified_gmt":"2023-03-12T09:18:37","slug":"kanosi-me-arme-32-vjecarin-ne-tropoje-dhe-i-mori-makinen-arratiset-22-vjecari-pas-ndjekjes-nga-policia","status":"publish","type":"post","link":"https:\/\/www.hashtag.al\/index.php\/2023\/03\/12\/kanosi-me-arme-32-vjecarin-ne-tropoje-dhe-i-mori-makinen-arratiset-22-vjecari-pas-ndjekjes-nga-policia\/","title":{"rendered":"Kanosi me arm\u00eb 32-vje\u00e7arin n\u00eb Tropoj\u00eb dhe i mori makin\u00ebn, arratiset 22-vje\u00e7ari pas ndjekjes nga policia","gt_translate_keys":[{"key":"rendered","format":"text"}]},"content":{"rendered":"<p><span style=\"color: #000000;\"><a style=\"color: #000000;\" href=\"https:\/\/www.hashtag.al\/wp-content\/uploads\/2023\/03\/tropoje-makina.jpeg\"><img loading=\"lazy\" decoding=\"async\" class=\"aligncenter size-full wp-image-584217\" src=\"https:\/\/www.hashtag.al\/wp-content\/uploads\/2023\/03\/tropoje-makina.jpeg\" alt=\"\" width=\"600\" height=\"450\" srcset=\"https:\/\/www.hashtag.al\/wp-content\/uploads\/2023\/03\/tropoje-makina.jpeg 600w, https:\/\/www.hashtag.al\/wp-content\/uploads\/2023\/03\/tropoje-makina-300x225.jpeg 300w\" sizes=\"auto, (max-width: 600px) 100vw, 600px\" \/><\/a><\/span><\/p>\n<p><span style=\"color: #000000;\">Nj\u00eb 22-vje\u00e7ar \u00ebsht\u00eb shpallur n\u00eb k\u00ebrkim pasi dyshohet se kanosi me arm\u00eb, p\u00ebr motive t\u00eb dob\u00ebta, nj\u00eb 32-vje\u00e7ar dhe i mori automjetin.<\/span><\/p>\n<p><span style=\"color: #000000;\">N\u00eb kuad\u00ebr t\u00eb operacionit policor t\u00eb koduar \u201cDubrav\u201d n\u00eb k\u00ebrkim u shpall shtetasi Emiljan Pepkolaj.<\/span><\/p>\n<p><span style=\"color: #000000;\">I riu u shpall n\u00eb k\u00ebrkim pasi, rreth or\u00ebs 21:15 t\u00eb mbr\u00ebmjes s\u00eb djeshme, n\u00eb aksin rrugor Bajram Curri-Fierz\u00eb, n\u00eb vendin e quajtur \u201cDubrav\u201d, ka kanosur me arm\u00eb zjarri pistolet\u00eb, p\u00ebr motive t\u00eb dobta, shtetasin G. N., i ka marr\u00eb automjetin atij dhe \u00ebsht\u00eb larguar.<\/span><\/p>\n<p><span style=\"color: #000000;\">\u201c<em>Gjat\u00eb ndjekjes nga Policia, 22-vje\u00e7ari braktisi automjetin e 32-vje\u00e7arit dhe duke p\u00ebrfituar nga err\u00ebsira, mundi t\u00eb largohej.<\/em><\/span><\/p>\n<p><span style=\"color: #000000;\"><em>Policia vijon kontrollin e zon\u00ebs, p\u00ebr kapjen e 22-vje\u00e7arit dhe sekuestrimin e arm\u00ebs s\u00eb zjarrit pistolet\u00eb. Specialist\u00ebt p\u00ebr Hetimin e Krimeve t\u00eb Komisariatit t\u00eb Policis\u00eb Tropoj\u00eb shpall\u00ebn n\u00eb k\u00ebrkim, p\u00ebr veprat penale \u201cVjedhja me arm\u00eb\u201d, \u201cKanosja\u201d dhe \u201cProdhimi dhe mbajtja pa leje e arm\u00ebve luftarake dhe e municionit\u201d, shtetasin E. P., 22 vje\u00e7, banues n\u00eb fshatin Breg Lum\u00eb, Tropoj\u00eb.<\/em><\/span><\/p>\n<p><span style=\"color: #000000;\"><em>Ky shtetas u shpall n\u00eb k\u00ebrkim pasi, rreth or\u00ebs 21:15 t\u00eb mbr\u00ebmjes s\u00eb djeshme, n\u00eb aksin rrugor Bajram Curri-Fierz\u00eb, n\u00eb vendin e quajtur \u201cDubrav\u201d, ka kanosur me arm\u00eb zjarri pistolet\u00eb, p\u00ebr motive t\u00eb dobta, shtetasin G. N., i ka marr\u00eb automjetin atij dhe \u00ebsht\u00eb larguar.<\/em><\/span><\/p>\n<p><span style=\"color: #000000;\"><em>Sh\u00ebrbimet e Policis\u00eb, me marrjen e njoftimit, kan\u00eb organizuar pun\u00ebn dhe n\u00eb kuad\u00ebr t\u00eb operacionit policor t\u00eb koduar \u201cDubrav\u201d, jan\u00eb v\u00ebn\u00eb n\u00eb ndjekje t\u00eb autorit.<\/em><\/span><\/p>\n<p><span style=\"color: #000000;\"><em>22-vje\u00e7ari, kur ka konstatuar se po ndiqej nga Policia, n\u00eb vendin e quajtur \u201cKalata e trageteve\u201d, Fierz\u00eb, ka braktisur automjetin tip \u201cLan\u00e7ia\u201d dhe duke p\u00ebrfituar nga err\u00ebsira, ka mundur t\u00eb largohet.<\/em><\/span><\/p>\n<p><span style=\"color: #000000;\"><em>Sh\u00ebrbimet e Policis\u00eb kontrollin e zon\u00ebs, p\u00ebr kapjen e 22-vje\u00e7arit.<\/em><\/span><\/p>\n<p><span style=\"color: #000000;\"><em>Materialet i kaluan Prokuroris\u00eb pran\u00eb Gjykat\u00ebs s\u00eb Rrethit Gjyq\u00ebsor Tropoj\u00eb, p\u00ebr veprime t\u00eb m\u00ebtejshme<\/em>\u201d-njofton policia.<\/span><\/p>\n","protected":false,"gt_translate_keys":[{"key":"rendered","format":"html"}]},"excerpt":{"rendered":"<p>Nj\u00eb 22-vje\u00e7ar \u00ebsht\u00eb shpallur n\u00eb k\u00ebrkim pasi dyshohet se kanosi me arm\u00eb, p\u00ebr motive t\u00eb dob\u00ebta, nj\u00eb 32-vje\u00e7ar dhe i mori automjetin. N\u00eb kuad\u00ebr t\u00eb operacionit policor t\u00eb koduar \u201cDubrav\u201d n\u00eb k\u00ebrkim u shpall shtetasi Emiljan Pepkolaj. I riu u shpall n\u00eb k\u00ebrkim pasi, rreth or\u00ebs 21:15 t\u00eb mbr\u00ebmjes s\u00eb djeshme, n\u00eb aksin rrugor Bajram [&hellip;]<\/p>\n","protected":false,"gt_translate_keys":[{"key":"rendered","format":"html"}]},"author":32,"featured_media":584217,"comment_status":"closed","ping_status":"closed","sticky":false,"template":"","format":"standard","meta":{"footnotes":""},"categories":[65,13],"tags":[],"class_list":["post-584216","post","type-post","status-publish","format-standard","has-post-thumbnail","hentry","category-lajme","category-te-fundit"],"gt_translate_keys":[{"key":"link","format":"url"}],"_links":{"self":[{"href":"https:\/\/www.hashtag.al\/index.php\/wp-json\/wp\/v2\/posts\/584216","targetHints":{"allow":["GET"]}}],"collection":[{"href":"https:\/\/www.hashtag.al\/index.php\/wp-json\/wp\/v2\/posts"}],"about":[{"href":"https:\/\/www.hashtag.al\/index.php\/wp-json\/wp\/v2\/types\/post"}],"author":[{"embeddable":true,"href":"https:\/\/www.hashtag.al\/index.php\/wp-json\/wp\/v2\/users\/32"}],"replies":[{"embeddable":true,"href":"https:\/\/www.hashtag.al\/index.php\/wp-json\/wp\/v2\/comments?post=584216"}],"version-history":[{"count":0,"href":"https:\/\/www.hashtag.al\/index.php\/wp-json\/wp\/v2\/posts\/584216\/revisions"}],"wp:featuredmedia":[{"embeddable":true,"href":"https:\/\/www.hashtag.al\/index.php\/wp-json\/wp\/v2\/media\/584217"}],"wp:attachment":[{"href":"https:\/\/www.hashtag.al\/index.php\/wp-json\/wp\/v2\/media?parent=584216"}],"wp:term":[{"taxonomy":"category","embeddable":true,"href":"https:\/\/www.hashtag.al\/index.php\/wp-json\/wp\/v2\/categories?post=584216"},{"taxonomy":"post_tag","embeddable":true,"href":"https:\/\/www.hashtag.al\/index.php\/wp-json\/wp\/v2\/tags?post=584216"}],"curies":[{"name":"wp","href":"https:\/\/api.w.org\/{rel}","templated":true}]}}