{"id":584213,"date":"2023-03-12T09:51:23","date_gmt":"2023-03-12T08:51:23","guid":{"rendered":"https:\/\/www.hashtag.al\/?p=584213"},"modified":"2023-03-12T09:51:23","modified_gmt":"2023-03-12T08:51:23","slug":"izraeli-perfshihet-nga-protesta-me-e-madhe-ndonjehere","status":"publish","type":"post","link":"https:\/\/www.hashtag.al\/index.php\/2023\/03\/12\/izraeli-perfshihet-nga-protesta-me-e-madhe-ndonjehere\/","title":{"rendered":"Izraeli p\u00ebrfshihet nga protesta m\u00eb e madhe ndonj\u00ebher\u00eb","gt_translate_keys":[{"key":"rendered","format":"text"}]},"content":{"rendered":"<p><span style=\"color: #000000;\"><a style=\"color: #000000;\" href=\"https:\/\/www.hashtag.al\/wp-content\/uploads\/2023\/03\/izrael-protesta.png\"><img loading=\"lazy\" decoding=\"async\" class=\"aligncenter size-full wp-image-584214\" src=\"https:\/\/www.hashtag.al\/wp-content\/uploads\/2023\/03\/izrael-protesta.png\" alt=\"\" width=\"957\" height=\"540\" srcset=\"https:\/\/www.hashtag.al\/wp-content\/uploads\/2023\/03\/izrael-protesta.png 957w, https:\/\/www.hashtag.al\/wp-content\/uploads\/2023\/03\/izrael-protesta-300x169.png 300w, https:\/\/www.hashtag.al\/wp-content\/uploads\/2023\/03\/izrael-protesta-768x433.png 768w\" sizes=\"auto, (max-width: 957px) 100vw, 957px\" \/><\/a><\/span><\/p>\n<p><span style=\"color: #000000;\">Qindra mij\u00ebra izraelit\u00eb u mblodh\u00ebn kund\u00ebr planeve t\u00eb qeveris\u00eb p\u00ebr reform\u00ebn n\u00eb sistemin gjyq\u00ebsor, n\u00eb ato q\u00eb organizator\u00ebt thon\u00eb se jan\u00eb protestat m\u00eb t\u00eb m\u00ebdha n\u00eb historin\u00eb e vendit.<\/span><\/p>\n<p><span style=\"color: #000000;\">Kryeministri Benjamin Netanyahu thot\u00eb se ndryshimet &#8211; q\u00eb do t\u00eb frenonin fuqin\u00eb e gjykatave &#8211; do t\u00eb rivendosin ekuilibrin midis deg\u00ebve t\u00eb qeveris\u00eb.<\/span><\/p>\n<p><span style=\"color: #000000;\">Kund\u00ebrshtar\u00ebt thon\u00eb se k\u00ebrc\u00ebnojn\u00eb demokracin\u00eb.<\/span><\/p>\n<p><span style=\"color: #000000;\">N\u00eb nj\u00eb nga mitingjet e s\u00eb shtun\u00ebs, lideri i opozit\u00ebs Yair Lapid tha se kjo ishte &#8220;kriza m\u00eb e madhe e Izraelit&#8221;.<\/span><\/p>\n<p><span style=\"color: #000000;\">T\u00eb shtun\u00ebn, organizator\u00ebt e protest\u00ebs than\u00eb se rreth 500,000 demonstrues dol\u00ebn n\u00eb rrug\u00eb n\u00eb t\u00eb gjith\u00eb Izraelin, n\u00eb at\u00eb q\u00eb gazeta Haaretz e quajti &#8221; demonstrata m\u00eb e madhe n\u00eb historin\u00eb e vendit&#8221;, p\u00ebrcjell BBC.<\/span><\/p>\n<p><span style=\"color: #000000;\">Rreth 200,000 njer\u00ebz dol\u00ebn n\u00eb Tel Aviv dhe nj\u00eb turm\u00eb rekord prej 50,000 vetash marshoi n\u00eb qytetin verior t\u00eb Haifa.<\/span><\/p>\n<p><span style=\"color: #000000;\">Ishte java e 10 radhazi e protestave mbar\u00ebkomb\u00ebtare kund\u00ebr planeve t\u00eb qeveris\u00eb.<\/span><\/p>\n<p><span style=\"color: #000000;\">Reformat synojn\u00eb t&#8217;i japin qeveris\u00eb s\u00eb zgjedhur ndikim vendimtar mbi zgjedhjen e gjyqtar\u00ebve dhe t\u00eb kufizojn\u00eb aft\u00ebsin\u00eb e Gjykat\u00ebs s\u00eb Lart\u00eb p\u00ebr t\u00eb vendosur kund\u00ebr ekzekutivit ose p\u00ebr t\u00eb rr\u00ebzuar legjislacionin.<\/span><\/p>\n<p><span style=\"color: #000000;\">\u00c7\u00ebshtja ka shkaktuar p\u00ebr\u00e7arje t\u00eb thella n\u00eb shoq\u00ebrin\u00eb izraelite dhe, n\u00eb m\u00ebnyr\u00eb t\u00eb konsiderueshme, ka par\u00eb q\u00eb rezervist\u00ebt &#8211; shtylla kurrizore e ushtris\u00eb izraelite &#8211; t\u00eb k\u00ebrc\u00ebnojn\u00eb t\u00eb refuzojn\u00eb t\u00eb sh\u00ebrbejn\u00eb si nj\u00eb m\u00ebnyr\u00eb p\u00ebr t\u00eb treguar kund\u00ebrshtimin e tyre.<\/span><\/p>\n<p><span style=\"color: #000000;\">T\u00eb h\u00ebn\u00ebn e kaluar, n\u00eb nj\u00eb l\u00ebvizje t\u00eb paprecedent\u00eb, dhjet\u00ebra pilot\u00eb rezerv\u00eb luftarak\u00eb n\u00eb nj\u00eb skuadron elit\u00eb t\u00eb Forcave Ajrore izraelite than\u00eb se nuk do t\u00eb raportonin p\u00ebr st\u00ebrvitje. M\u00eb von\u00eb ata ndryshuan kursin dhe ran\u00eb dakord t\u00eb merrnin pjes\u00eb dhe t\u00eb zhvillonin bisedime me komandant\u00ebt e tyre.<\/span><\/p>\n<p><span style=\"color: #000000;\">T\u00eb enjten, protestuesit bllokuan rrug\u00ebt dhe u p\u00ebrpoq\u00ebn t\u00eb ndalonin Netanyahun t\u00eb fluturonte p\u00ebr n\u00eb Rom\u00eb.<\/span><\/p>\n<p><span style=\"color: #000000;\">Qeveria ka q\u00ebndruar e pal\u00ebkundur p\u00ebrball\u00eb zhurm\u00ebs, duke pretenduar se protestat po ushqehen nga kund\u00ebrshtar\u00ebt politik\u00eb.<\/span><\/p>\n<p><span style=\"color: #000000;\">Kritik\u00ebt thon\u00eb se reformat e planifikuara, t\u00eb cilat tashm\u00eb po b\u00ebjn\u00eb rrug\u00ebn e tyre n\u00eb parlament, do t\u00eb politizojn\u00eb gjyq\u00ebsorin dhe mund t\u00eb \u00e7ojn\u00eb n\u00eb nj\u00eb qeveri autoritare.<\/span><\/p>\n<p><span style=\"color: #000000;\">Netanyahu thot\u00eb se reformat jan\u00eb krijuar p\u00ebr t\u00eb ndaluar gjykatat t\u00eb tejkalojn\u00eb kompetencat e tyre dhe se ato u votuan nga publiku izraelit n\u00eb zgjedhjet e fundit.<\/span><\/p>\n","protected":false,"gt_translate_keys":[{"key":"rendered","format":"html"}]},"excerpt":{"rendered":"<p>Qindra mij\u00ebra izraelit\u00eb u mblodh\u00ebn kund\u00ebr planeve t\u00eb qeveris\u00eb p\u00ebr reform\u00ebn n\u00eb sistemin gjyq\u00ebsor, n\u00eb ato q\u00eb organizator\u00ebt thon\u00eb se jan\u00eb protestat m\u00eb t\u00eb m\u00ebdha n\u00eb historin\u00eb e vendit. Kryeministri Benjamin Netanyahu thot\u00eb se ndryshimet &#8211; q\u00eb do t\u00eb frenonin fuqin\u00eb e gjykatave &#8211; do t\u00eb rivendosin ekuilibrin midis deg\u00ebve t\u00eb qeveris\u00eb. Kund\u00ebrshtar\u00ebt thon\u00eb se [&hellip;]<\/p>\n","protected":false,"gt_translate_keys":[{"key":"rendered","format":"html"}]},"author":32,"featured_media":584214,"comment_status":"closed","ping_status":"closed","sticky":false,"template":"","format":"standard","meta":{"footnotes":""},"categories":[6,13],"tags":[],"class_list":["post-584213","post","type-post","status-publish","format-standard","has-post-thumbnail","hentry","category-nderkombetare","category-te-fundit"],"gt_translate_keys":[{"key":"link","format":"url"}],"_links":{"self":[{"href":"https:\/\/www.hashtag.al\/index.php\/wp-json\/wp\/v2\/posts\/584213","targetHints":{"allow":["GET"]}}],"collection":[{"href":"https:\/\/www.hashtag.al\/index.php\/wp-json\/wp\/v2\/posts"}],"about":[{"href":"https:\/\/www.hashtag.al\/index.php\/wp-json\/wp\/v2\/types\/post"}],"author":[{"embeddable":true,"href":"https:\/\/www.hashtag.al\/index.php\/wp-json\/wp\/v2\/users\/32"}],"replies":[{"embeddable":true,"href":"https:\/\/www.hashtag.al\/index.php\/wp-json\/wp\/v2\/comments?post=584213"}],"version-history":[{"count":0,"href":"https:\/\/www.hashtag.al\/index.php\/wp-json\/wp\/v2\/posts\/584213\/revisions"}],"wp:featuredmedia":[{"embeddable":true,"href":"https:\/\/www.hashtag.al\/index.php\/wp-json\/wp\/v2\/media\/584214"}],"wp:attachment":[{"href":"https:\/\/www.hashtag.al\/index.php\/wp-json\/wp\/v2\/media?parent=584213"}],"wp:term":[{"taxonomy":"category","embeddable":true,"href":"https:\/\/www.hashtag.al\/index.php\/wp-json\/wp\/v2\/categories?post=584213"},{"taxonomy":"post_tag","embeddable":true,"href":"https:\/\/www.hashtag.al\/index.php\/wp-json\/wp\/v2\/tags?post=584213"}],"curies":[{"name":"wp","href":"https:\/\/api.w.org\/{rel}","templated":true}]}}