{"id":584082,"date":"2023-03-11T12:15:31","date_gmt":"2023-03-11T11:15:31","guid":{"rendered":"https:\/\/www.hashtag.al\/?p=584082"},"modified":"2023-03-11T12:15:31","modified_gmt":"2023-03-11T11:15:31","slug":"kellici-takon-banoret-e-don-boskos-tiranes-i-duhet-nje-administrator-qe-zgjidh-problemet","status":"publish","type":"post","link":"https:\/\/www.hashtag.al\/index.php\/2023\/03\/11\/kellici-takon-banoret-e-don-boskos-tiranes-i-duhet-nje-administrator-qe-zgjidh-problemet\/","title":{"rendered":"K\u00eblli\u00e7i takon banor\u00ebt e \u201cDon Boskos\u201d: Tiran\u00ebs i duhet nj\u00eb administrator q\u00eb zgjidh problemet","gt_translate_keys":[{"key":"rendered","format":"text"}]},"content":{"rendered":"<p><span style=\"color: #000000;\"><a style=\"color: #000000;\" href=\"https:\/\/www.hashtag.al\/wp-content\/uploads\/2023\/03\/Kellici-Don-Bosko-8.jpeg\"><img loading=\"lazy\" decoding=\"async\" class=\"aligncenter size-full wp-image-584083\" src=\"https:\/\/www.hashtag.al\/wp-content\/uploads\/2023\/03\/Kellici-Don-Bosko-8.jpeg\" alt=\"\" width=\"1080\" height=\"720\" srcset=\"https:\/\/www.hashtag.al\/wp-content\/uploads\/2023\/03\/Kellici-Don-Bosko-8.jpeg 1080w, https:\/\/www.hashtag.al\/wp-content\/uploads\/2023\/03\/Kellici-Don-Bosko-8-300x200.jpeg 300w, https:\/\/www.hashtag.al\/wp-content\/uploads\/2023\/03\/Kellici-Don-Bosko-8-1024x683.jpeg 1024w, https:\/\/www.hashtag.al\/wp-content\/uploads\/2023\/03\/Kellici-Don-Bosko-8-768x512.jpeg 768w\" sizes=\"auto, (max-width: 1080px) 100vw, 1080px\" \/><\/a><\/span><\/p>\n<p><span style=\"color: #000000;\">Kandidati opozit\u00ebs p\u00ebr Bashkin\u00eb e Tiran\u00ebs, Belind K\u00eblli\u00e7i ka takuar banor\u00ebt n\u00eb \u201cDon Bosko\u201d.<\/span><\/p>\n<p><span style=\"color: #000000;\">Ai deklaroi se Tiran\u00ebs nuk i duhet dikush q\u00eb k\u00ebnaqet me jehon\u00ebn e z\u00ebrit t\u00eb tij, por nj\u00eb administrator q\u00eb zgjidh problemet.<\/span><\/p>\n<p><span style=\"color: #000000;\">K\u00eblli\u00e7i takoi nga af\u00ebr banor\u00ebt e k\u00ebsaj zone, d\u00ebgjoi shqet\u00ebsimet e tyre e ndau me ta vizionin e tij p\u00ebr Tiran\u00ebn e kat\u00ebr viteve t\u00eb ardhshme.<\/span><\/p>\n<p><span style=\"color: #000000;\">\u201c<em>Jam i k\u00ebnaqur q\u00eb nj\u00eb bashk\u00ebmoshatar i imi e merr k\u00ebt\u00eb inicativ\u00eb, do t\u00eb doja q\u00eb n\u00eb kat\u00ebr vitet e ardhme Tirana t\u00eb dilte p\u00ebrtej fasad\u00ebs s\u00eb krijuar. Problemet jan\u00eb shum\u00eb t\u00eb m\u00ebdha. Kam shpres\u00eb q\u00eb n\u00eb 4 vitet a ardhshme Tirana t\u00eb ndryshoj\u00eb, t\u00eb hiqet maska dhe t\u00eb jemi m\u00eb transparent\u00eb<\/em>\u201d, tha nj\u00eb qytetar.<\/span><\/p>\n<p><span style=\"color: #000000;\">K\u00eblli\u00e7i premtoi ndryshim e k\u00ebrkoi besimin e tyre me vot\u00eb.<\/span><\/p>\n<p><span style=\"color: #000000;\">\u201c<em>Q\u00ebllimi \u00ebsht\u00eb t\u00eb pasqyrojm\u00eb realitetin dhe t\u00eb jemi t\u00eb v\u00ebrtet\u00eb. Vet\u00ebm nuk ja dal dot, do m\u00eb duhet mb\u00ebshtetja e brezit t\u00eb ri dhe e bashk\u00ebmoshatar\u00ebve t\u00eb mi<\/em>\u201d, u shpreh K\u00eblli\u00e7i.<\/span><\/p>\n<p><span style=\"color: #000000;\">\u201c<em>T\u00eb shohim me shum\u00eb shpres\u00eb. Politika i zhg\u00ebnjeu njer\u00ebzit. Duam q\u00eb f\u00ebmij\u00ebt nga jasht\u00eb t`i kthejm\u00eb k\u00ebtu. Nj\u00eb djal\u00eb e kam n\u00eb Zvic\u00ebr, 20 vje\u00e7 dhe studion p\u00ebr inxhinieri, i them t\u00eb m\u00ebsoj\u00eb shum\u00eb dhe t\u00eb vij\u00eb. Kur t\u00eb shohim ty q\u00eb je kthyer marrim ne shpres\u00eb. Besoj shum\u00eb se do ja dal\u00ebsh. Do kontribuojm\u00eb t\u00eb gjith\u00eb<\/em>\u201d, u shpreh nj\u00eb qytetare.<\/span><\/p>\n<p><span style=\"color: #000000;\">Qytetar\u00ebt ngrit\u00ebn si problem censur\u00ebn dhe papun\u00ebsin\u00eb nd\u00ebrsa K\u00eblli\u00e7i pranoi se edhe atij shum\u00eb media ja kan\u00eb mbyllur der\u00ebn.<\/span><\/p>\n<p><span style=\"color: #000000;\">\u201c<em>Kam dy shkolla kam ngelur pa pun\u00eb. Botoj p\u00ebr mediat e huaja dhe marr lek\u00eb, n\u00eb Shqip\u00ebri nuk marr lek\u00eb sepse klanet kan\u00eb pir\u00eb televizionet. U ndala q\u00ebllimisht p\u00ebr t\u00eb respektuar si djal\u00eb, m\u00eb ka p\u00eblqyer mendimi dhe zhvillimi q\u00eb ke<\/em>\u201d, u shpreh nj\u00eb prej qytetar\u00ebve.<\/span><\/p>\n<p><span style=\"color: #000000;\">\u201c<em>Edhe un\u00eb kam k\u00ebt\u00eb censur\u00eb q\u00eb p\u00ebrballesh ti prandaj jam \u00e7do dit\u00eb n\u00eb rrug\u00eb me qytetar\u00ebt e thjesht\u00eb\u201d, <\/em>u shpreh kandidati p\u00ebr Bashkin\u00eb e Tiran\u00ebs Belind K\u00eblli\u00e7i.<\/span><\/p>\n<p><span style=\"color: #000000;\">\u201c<em>Kam nj\u00eb mot\u00ebr t\u00eb verb\u00ebr. Ajo merr kemp, un\u00eb jo. Pension marr vet\u00ebm. Pensioni \u00ebsht\u00eb 9 mij\u00eb e 700 lek\u00eb. Uj\u00eb e drita mos m\u00eb pyet sa shkojn\u00eb, gati 8 mij\u00eb lek\u00eb<\/em>\u201d, tha nj\u00eb qytetare.<\/span><\/p>\n<p><span style=\"color: #000000;\">\u201c<em>Lufto, pak\u00ebnaq\u00ebsit\u00eb e popullit do t\u00eb t\u00eb japin pushtetin. Njer\u00ebzit nuk duhet t\u00eb ken\u00eb frik\u00eb, duhet t\u00eb jen\u00eb vetvetja. Peshku qelbet nga koka, koka \u00ebsht\u00eb \u00ebsht\u00eb st\u00ebrqelbur. Duhet t\u00eb binden njerezit q\u00eb kok\u00ebn ta kthjellojn\u00eb, kok\u00ebn e re jo t\u00eb vjetr\u00ebn<\/em>\u201d, u shpreh nj\u00eb qytetar banor i zon\u00ebs s\u00eb Don Boskos.<\/span><\/p>\n<p><a href=\"https:\/\/www.hashtag.al\/wp-content\/uploads\/2023\/03\/Kellici-Don-Bosko-1.jpeg\"><img loading=\"lazy\" decoding=\"async\" class=\"aligncenter size-full wp-image-584084\" src=\"https:\/\/www.hashtag.al\/wp-content\/uploads\/2023\/03\/Kellici-Don-Bosko-1.jpeg\" alt=\"\" width=\"1080\" height=\"720\" srcset=\"https:\/\/www.hashtag.al\/wp-content\/uploads\/2023\/03\/Kellici-Don-Bosko-1.jpeg 1080w, https:\/\/www.hashtag.al\/wp-content\/uploads\/2023\/03\/Kellici-Don-Bosko-1-300x200.jpeg 300w, https:\/\/www.hashtag.al\/wp-content\/uploads\/2023\/03\/Kellici-Don-Bosko-1-1024x683.jpeg 1024w, https:\/\/www.hashtag.al\/wp-content\/uploads\/2023\/03\/Kellici-Don-Bosko-1-768x512.jpeg 768w\" sizes=\"auto, (max-width: 1080px) 100vw, 1080px\" \/><\/a><a href=\"https:\/\/www.hashtag.al\/wp-content\/uploads\/2023\/03\/Kellici-Don-Bosko-5.jpeg\"><img loading=\"lazy\" decoding=\"async\" class=\"aligncenter size-full wp-image-584085\" src=\"https:\/\/www.hashtag.al\/wp-content\/uploads\/2023\/03\/Kellici-Don-Bosko-5.jpeg\" alt=\"\" width=\"1080\" height=\"720\" srcset=\"https:\/\/www.hashtag.al\/wp-content\/uploads\/2023\/03\/Kellici-Don-Bosko-5.jpeg 1080w, https:\/\/www.hashtag.al\/wp-content\/uploads\/2023\/03\/Kellici-Don-Bosko-5-300x200.jpeg 300w, https:\/\/www.hashtag.al\/wp-content\/uploads\/2023\/03\/Kellici-Don-Bosko-5-1024x683.jpeg 1024w, https:\/\/www.hashtag.al\/wp-content\/uploads\/2023\/03\/Kellici-Don-Bosko-5-768x512.jpeg 768w\" sizes=\"auto, (max-width: 1080px) 100vw, 1080px\" \/><\/a><\/p>\n","protected":false,"gt_translate_keys":[{"key":"rendered","format":"html"}]},"excerpt":{"rendered":"<p>Kandidati opozit\u00ebs p\u00ebr Bashkin\u00eb e Tiran\u00ebs, Belind K\u00eblli\u00e7i ka takuar banor\u00ebt n\u00eb \u201cDon Bosko\u201d. Ai deklaroi se Tiran\u00ebs nuk i duhet dikush q\u00eb k\u00ebnaqet me jehon\u00ebn e z\u00ebrit t\u00eb tij, por nj\u00eb administrator q\u00eb zgjidh problemet. K\u00eblli\u00e7i takoi nga af\u00ebr banor\u00ebt e k\u00ebsaj zone, d\u00ebgjoi shqet\u00ebsimet e tyre e ndau me ta vizionin e tij [&hellip;]<\/p>\n","protected":false,"gt_translate_keys":[{"key":"rendered","format":"html"}]},"author":32,"featured_media":584083,"comment_status":"closed","ping_status":"closed","sticky":false,"template":"","format":"standard","meta":{"footnotes":""},"categories":[65,13],"tags":[],"class_list":["post-584082","post","type-post","status-publish","format-standard","has-post-thumbnail","hentry","category-lajme","category-te-fundit"],"gt_translate_keys":[{"key":"link","format":"url"}],"_links":{"self":[{"href":"https:\/\/www.hashtag.al\/index.php\/wp-json\/wp\/v2\/posts\/584082","targetHints":{"allow":["GET"]}}],"collection":[{"href":"https:\/\/www.hashtag.al\/index.php\/wp-json\/wp\/v2\/posts"}],"about":[{"href":"https:\/\/www.hashtag.al\/index.php\/wp-json\/wp\/v2\/types\/post"}],"author":[{"embeddable":true,"href":"https:\/\/www.hashtag.al\/index.php\/wp-json\/wp\/v2\/users\/32"}],"replies":[{"embeddable":true,"href":"https:\/\/www.hashtag.al\/index.php\/wp-json\/wp\/v2\/comments?post=584082"}],"version-history":[{"count":0,"href":"https:\/\/www.hashtag.al\/index.php\/wp-json\/wp\/v2\/posts\/584082\/revisions"}],"wp:featuredmedia":[{"embeddable":true,"href":"https:\/\/www.hashtag.al\/index.php\/wp-json\/wp\/v2\/media\/584083"}],"wp:attachment":[{"href":"https:\/\/www.hashtag.al\/index.php\/wp-json\/wp\/v2\/media?parent=584082"}],"wp:term":[{"taxonomy":"category","embeddable":true,"href":"https:\/\/www.hashtag.al\/index.php\/wp-json\/wp\/v2\/categories?post=584082"},{"taxonomy":"post_tag","embeddable":true,"href":"https:\/\/www.hashtag.al\/index.php\/wp-json\/wp\/v2\/tags?post=584082"}],"curies":[{"name":"wp","href":"https:\/\/api.w.org\/{rel}","templated":true}]}}