{"id":583871,"date":"2023-03-10T09:11:49","date_gmt":"2023-03-10T08:11:49","guid":{"rendered":"https:\/\/www.hashtag.al\/?p=583871"},"modified":"2023-03-10T09:11:49","modified_gmt":"2023-03-10T08:11:49","slug":"aksidenti-te-mbikalimi-i-saukut-identifikohen-tre-te-rinjte-qe-humben-jeten-tragjikisht","status":"publish","type":"post","link":"https:\/\/www.hashtag.al\/index.php\/2023\/03\/10\/aksidenti-te-mbikalimi-i-saukut-identifikohen-tre-te-rinjte-qe-humben-jeten-tragjikisht\/","title":{"rendered":"Aksidenti te Mbikalimi i Saukut, identifikohen tre t\u00eb rinjt\u00eb q\u00eb humb\u00ebn jet\u00ebn tragjikisht","gt_translate_keys":[{"key":"rendered","format":"text"}]},"content":{"rendered":"<p><img loading=\"lazy\" decoding=\"async\" class=\"aligncenter size-full wp-image-583875\" src=\"https:\/\/www.hashtag.al\/wp-content\/uploads\/2023\/03\/rucaj2.jpeg\" alt=\"\" width=\"1600\" height=\"900\" srcset=\"https:\/\/www.hashtag.al\/wp-content\/uploads\/2023\/03\/rucaj2.jpeg 1600w, https:\/\/www.hashtag.al\/wp-content\/uploads\/2023\/03\/rucaj2-300x169.jpeg 300w, https:\/\/www.hashtag.al\/wp-content\/uploads\/2023\/03\/rucaj2-1024x576.jpeg 1024w, https:\/\/www.hashtag.al\/wp-content\/uploads\/2023\/03\/rucaj2-768x432.jpeg 768w, https:\/\/www.hashtag.al\/wp-content\/uploads\/2023\/03\/rucaj2-1536x864.jpeg 1536w\" sizes=\"auto, (max-width: 1600px) 100vw, 1600px\" \/><\/p>\n<p><span style=\"color: #000000;\">Jan\u00eb zbardhur emrat e tre t\u00eb rinjve q\u00eb humb\u00ebn jet\u00ebn n\u00eb aksidentin tragjik t\u00eb mbr\u00ebmjes s\u00eb djeshme te Mbikalimi i Saukut. Ata jan\u00eb drejtuesi i mjetit \u2018Audi Q8\u2019 Klevis Ru\u00e7aj, 22-vje\u00e7arja Eriselda Abedini e 23-vje\u00e7arja Sikela P\u00ebrroi.<\/span><\/p>\n<p><span style=\"color: #000000;\">Nga hetimi paraprak ka dal\u00eb se mjeti l\u00ebvizte tej shpejt\u00ebsis\u00eb s\u00eb lejuar nd\u00ebrkoh\u00eb q\u00eb nga k\u00ebqyrja e vendit t\u00eb aksidentit nuk rezulton q\u00eb \u2018Audi\u2019 t\u00eb ket\u00eb b\u00ebr\u00eb frenim t\u00eb fort\u00eb.<\/span><\/p>\n<p><span style=\"color: #000000;\"> Makina q\u00eb vinte nga Rrethrrotullimi i TEG-ut theu barrierat mbrojt\u00ebse te Mbikalimi i Saukut e m\u00eb pas ra posht\u00eb n\u00eb rrug\u00eb duke u p\u00ebrplasur me nj\u00eb mjet \u2018Honda\u2019 q\u00eb drejtohej nga 60-vje\u00e7ari Qemal Kurti. Ai dhe tre persona q\u00eb ndodheshin n\u00eb mjet jan\u00eb l\u00ebnduar e u d\u00ebrguan n\u00eb spitalin e Traum\u00ebs.<\/span><\/p>\n<p><span style=\"color: #000000;\">I riu rezulton se \u00ebsht\u00eb nd\u00ebshkuar disa her\u00eb nga Policia Rrugore p\u00ebr shkelje t\u00eb ndryshme si parkalim i gabuar, shkelje t\u00eb sinjalizimit rrugor, shpejt\u00ebsi tj normave n\u00eb qendrat e banuara e p\u00ebrdorim celulari.<\/span><\/p>\n","protected":false,"gt_translate_keys":[{"key":"rendered","format":"html"}]},"excerpt":{"rendered":"<p>Jan\u00eb zbardhur emrat e tre t\u00eb rinjve q\u00eb humb\u00ebn jet\u00ebn n\u00eb aksidentin tragjik t\u00eb mbr\u00ebmjes s\u00eb djeshme te Mbikalimi i Saukut. Ata jan\u00eb drejtuesi i mjetit \u2018Audi Q8\u2019 Klevis Ru\u00e7aj, 22-vje\u00e7arja Eriselda Abedini e 23-vje\u00e7arja Sikela P\u00ebrroi. Nga hetimi paraprak ka dal\u00eb se mjeti l\u00ebvizte tej shpejt\u00ebsis\u00eb s\u00eb lejuar nd\u00ebrkoh\u00eb q\u00eb nga k\u00ebqyrja e vendit [&hellip;]<\/p>\n","protected":false,"gt_translate_keys":[{"key":"rendered","format":"html"}]},"author":51,"featured_media":583875,"comment_status":"closed","ping_status":"closed","sticky":false,"template":"","format":"standard","meta":{"footnotes":""},"categories":[65,13],"tags":[],"class_list":["post-583871","post","type-post","status-publish","format-standard","has-post-thumbnail","hentry","category-lajme","category-te-fundit"],"gt_translate_keys":[{"key":"link","format":"url"}],"_links":{"self":[{"href":"https:\/\/www.hashtag.al\/index.php\/wp-json\/wp\/v2\/posts\/583871","targetHints":{"allow":["GET"]}}],"collection":[{"href":"https:\/\/www.hashtag.al\/index.php\/wp-json\/wp\/v2\/posts"}],"about":[{"href":"https:\/\/www.hashtag.al\/index.php\/wp-json\/wp\/v2\/types\/post"}],"author":[{"embeddable":true,"href":"https:\/\/www.hashtag.al\/index.php\/wp-json\/wp\/v2\/users\/51"}],"replies":[{"embeddable":true,"href":"https:\/\/www.hashtag.al\/index.php\/wp-json\/wp\/v2\/comments?post=583871"}],"version-history":[{"count":0,"href":"https:\/\/www.hashtag.al\/index.php\/wp-json\/wp\/v2\/posts\/583871\/revisions"}],"wp:featuredmedia":[{"embeddable":true,"href":"https:\/\/www.hashtag.al\/index.php\/wp-json\/wp\/v2\/media\/583875"}],"wp:attachment":[{"href":"https:\/\/www.hashtag.al\/index.php\/wp-json\/wp\/v2\/media?parent=583871"}],"wp:term":[{"taxonomy":"category","embeddable":true,"href":"https:\/\/www.hashtag.al\/index.php\/wp-json\/wp\/v2\/categories?post=583871"},{"taxonomy":"post_tag","embeddable":true,"href":"https:\/\/www.hashtag.al\/index.php\/wp-json\/wp\/v2\/tags?post=583871"}],"curies":[{"name":"wp","href":"https:\/\/api.w.org\/{rel}","templated":true}]}}