{"id":583865,"date":"2023-03-09T23:44:19","date_gmt":"2023-03-09T22:44:19","guid":{"rendered":"https:\/\/www.hashtag.al\/?p=583865"},"modified":"2023-03-09T23:37:19","modified_gmt":"2023-03-09T22:37:19","slug":"vucic-sdo-e-nenshkruaj-kurre-kapitullimin-e-serbise-ska-njohje-te-kosoves","status":"publish","type":"post","link":"https:\/\/www.hashtag.al\/index.php\/2023\/03\/09\/vucic-sdo-e-nenshkruaj-kurre-kapitullimin-e-serbise-ska-njohje-te-kosoves\/","title":{"rendered":"Vu\u00e7i\u00e7: S\u2019do e n\u00ebnshkruaj kurr\u00eb kapitullimin e Serbis\u00eb, s\u2019ka njohje t\u00eb Kosov\u00ebs","gt_translate_keys":[{"key":"rendered","format":"text"}]},"content":{"rendered":"<p><img loading=\"lazy\" decoding=\"async\" class=\"aligncenter size-full wp-image-583866\" src=\"https:\/\/www.hashtag.al\/wp-content\/uploads\/2023\/03\/ezgif.com-webp-to-jpg-6.jpg\" alt=\"\" width=\"750\" height=\"499\" srcset=\"https:\/\/www.hashtag.al\/wp-content\/uploads\/2023\/03\/ezgif.com-webp-to-jpg-6.jpg 750w, https:\/\/www.hashtag.al\/wp-content\/uploads\/2023\/03\/ezgif.com-webp-to-jpg-6-300x200.jpg 300w\" sizes=\"auto, (max-width: 750px) 100vw, 750px\" \/><\/p>\n<p><span style=\"color: #000000;\">Presidenti serb Vu\u00e7i\u00e7 ka deklaruar se nuk do e n\u00ebnshkruaj\u00eb kurr\u00eb kapitullimin e vendit duke aluduar n\u00eb lejimin e Kosov\u00ebs p\u00ebr t\u2019u an\u00ebtar\u00ebsuar n\u00eb OKB. Ai theksoi se Serbia nuk do e njoh\u00eb Kosov\u00ebs teksa shtoi se Beogradi \u00ebsht\u00eb i gatsh\u00ebm t\u00eb b\u00ebj\u00eb kompromise por sipas tij Prishtina nuk do t\u00eb b\u00ebj\u00eb asgj\u00eb.<\/span><\/p>\n<p><span style=\"color: #000000;\"><em>\u201cLe ta din\u00eb t\u00eb gjith\u00eb. S\u2019mund t\u00eb ndodh\u00eb kurr\u00eb q\u00eb un\u00eb ta n\u00ebnshkruaj kapitullimin e Serbis\u00eb\u201d, ka th\u00ebn\u00eb presidenti i Serbis\u00eb, Aleksandar Vu\u00e7iq, t\u00eb enjten duke aluduar n\u00eb lejimin e Kosov\u00ebs p\u00ebr t\u2019u an\u00ebtar\u00ebsuar n\u00eb Organizat\u00ebn e Kombeve t\u00eb Bashkuara. Serbia s\u2019do t\u00eb pajtohet q\u00eb Kosova t\u00eb hyj\u00eb n\u00eb OKB dhe nuk do t\u00eb ket\u00eb njohje t\u00eb Kosov\u00ebs. Jemi t\u00eb gatsh\u00ebm t\u00eb b\u00ebjm\u00eb kompromise, por shqiptar\u00ebt s\u2019duan t\u00eb b\u00ebjn\u00eb asgj\u00eb. Serbia \u00ebsht\u00eb aktere serioze dhe luan n\u00eb m\u00ebnyr\u00eb t\u00eb drejt\u00eb.\u201d<\/em> &#8211; ka th\u00ebn\u00eb ai n\u00eb nj\u00eb intervist\u00eb p\u00ebr \u2018TV Happy\u2019.<\/span><\/p>\n<p><span style=\"color: #000000;\">Ai shtoi m\u00eb tej se sipas tij kryeministri i Kosov\u00ebs Kurti nuk d\u00ebshiron t\u00eb formoj\u00eb Asocacionin e komunave me shumic\u00eb serbe, shkruan <span style=\"color: #0000ff;\"><a style=\"color: #0000ff;\" href=\"https:\/\/www.koha.net\/arberi\/369079\/vuciq-sdo-ta-nenshkruaj-kurre-kapitullimin-e-serbise\/\">Koha<\/a>.<\/span><\/span><\/p>\n<p><span style=\"color: #000000;\"><em>\u201cJam gati i sigurt q\u00eb Kurti nuk d\u00ebshiron ta formoj\u00eb Asociacionin e komunave me shumic\u00eb serbe. Dhe ne nuk kemi asgj\u00eb kund\u00ebr liberalizimit t\u00eb vizave p\u00ebr Kosov\u00ebn. Serbia s\u2019ka asgj\u00eb kund\u00ebr, por Per\u00ebndimi nuk \u00ebsht\u00eb i gatsh\u00ebm t\u2019i b\u00ebj presion Kurtit dhe po e nxit Kurtin p\u00ebr mosp\u00ebrmbushjen e obligimeve.\u201d<\/em> &#8211; shtoi ai.<\/span><\/p>\n","protected":false,"gt_translate_keys":[{"key":"rendered","format":"html"}]},"excerpt":{"rendered":"<p>Presidenti serb Vu\u00e7i\u00e7 ka deklaruar se nuk do e n\u00ebnshkruaj\u00eb kurr\u00eb kapitullimin e vendit duke aluduar n\u00eb lejimin e Kosov\u00ebs p\u00ebr t\u2019u an\u00ebtar\u00ebsuar n\u00eb OKB. Ai theksoi se Serbia nuk do e njoh\u00eb Kosov\u00ebs teksa shtoi se Beogradi \u00ebsht\u00eb i gatsh\u00ebm t\u00eb b\u00ebj\u00eb kompromise por sipas tij Prishtina nuk do t\u00eb b\u00ebj\u00eb asgj\u00eb. \u201cLe ta [&hellip;]<\/p>\n","protected":false,"gt_translate_keys":[{"key":"rendered","format":"html"}]},"author":51,"featured_media":583866,"comment_status":"closed","ping_status":"closed","sticky":false,"template":"","format":"standard","meta":{"footnotes":""},"categories":[149],"tags":[],"class_list":["post-583865","post","type-post","status-publish","format-standard","has-post-thumbnail","hentry","category-kosoverajon"],"gt_translate_keys":[{"key":"link","format":"url"}],"_links":{"self":[{"href":"https:\/\/www.hashtag.al\/index.php\/wp-json\/wp\/v2\/posts\/583865","targetHints":{"allow":["GET"]}}],"collection":[{"href":"https:\/\/www.hashtag.al\/index.php\/wp-json\/wp\/v2\/posts"}],"about":[{"href":"https:\/\/www.hashtag.al\/index.php\/wp-json\/wp\/v2\/types\/post"}],"author":[{"embeddable":true,"href":"https:\/\/www.hashtag.al\/index.php\/wp-json\/wp\/v2\/users\/51"}],"replies":[{"embeddable":true,"href":"https:\/\/www.hashtag.al\/index.php\/wp-json\/wp\/v2\/comments?post=583865"}],"version-history":[{"count":0,"href":"https:\/\/www.hashtag.al\/index.php\/wp-json\/wp\/v2\/posts\/583865\/revisions"}],"wp:featuredmedia":[{"embeddable":true,"href":"https:\/\/www.hashtag.al\/index.php\/wp-json\/wp\/v2\/media\/583866"}],"wp:attachment":[{"href":"https:\/\/www.hashtag.al\/index.php\/wp-json\/wp\/v2\/media?parent=583865"}],"wp:term":[{"taxonomy":"category","embeddable":true,"href":"https:\/\/www.hashtag.al\/index.php\/wp-json\/wp\/v2\/categories?post=583865"},{"taxonomy":"post_tag","embeddable":true,"href":"https:\/\/www.hashtag.al\/index.php\/wp-json\/wp\/v2\/tags?post=583865"}],"curies":[{"name":"wp","href":"https:\/\/api.w.org\/{rel}","templated":true}]}}