{"id":583798,"date":"2023-03-09T19:45:09","date_gmt":"2023-03-09T18:45:09","guid":{"rendered":"https:\/\/www.hashtag.al\/?p=583798"},"modified":"2023-03-09T19:45:09","modified_gmt":"2023-03-09T18:45:09","slug":"be-ja-themelon-ndermarrjen-e-blerjes-se-gazit-bloomberg","status":"publish","type":"post","link":"https:\/\/www.hashtag.al\/index.php\/2023\/03\/09\/be-ja-themelon-ndermarrjen-e-blerjes-se-gazit-bloomberg\/","title":{"rendered":"BE-ja themelon nd\u00ebrmarrjen e blerjes s\u00eb gazit \u2013 Bloomberg","gt_translate_keys":[{"key":"rendered","format":"text"}]},"content":{"rendered":"<p><span style=\"color: #000000;\"><img loading=\"lazy\" decoding=\"async\" class=\"aligncenter size-full wp-image-583799\" src=\"https:\/\/www.hashtag.al\/wp-content\/uploads\/2023\/03\/gaz.jpg\" alt=\"\" width=\"768\" height=\"432\" srcset=\"https:\/\/www.hashtag.al\/wp-content\/uploads\/2023\/03\/gaz.jpg 768w, https:\/\/www.hashtag.al\/wp-content\/uploads\/2023\/03\/gaz-300x169.jpg 300w\" sizes=\"auto, (max-width: 768px) 100vw, 768px\" \/><\/span><\/p>\n<p><span style=\"color: #000000;\">Vendet an\u00ebtare t\u00eb BE-s\u00eb po shkojn\u00eb drejt blerjes s\u00eb p\u00ebrbashk\u00ebt t\u00eb gazit duke nisur tenderin e par\u00eb muajin e ardhsh\u00ebm, raportoi Bloomberg t\u00eb mart\u00ebn.<\/span><\/p>\n<p><span style=\"color: #000000;\">Masa synon t\u00eb frenoj\u00eb rritjet e \u00e7mimit t\u00eb gazit q\u00eb ndodhi vitin e kaluar, t\u00eb cilat ndodh\u00ebn si rezultat i sanksioneve anti-ruse. Blloku pret q\u00eb kontratat e para me furnizuesit nga SHBA-ja, Lindja e Mesme dhe Afrika t\u00eb n\u00ebnshkruhen rreth qershorit, sipas medias.<\/span><\/p>\n<p><span style=\"color: #000000;\"><em>&#8220;Ne duhet t\u00eb kthejm\u00eb val\u00ebn ekonomike n\u00eb Evrop\u00eb,&#8221;<\/em> vuri n\u00eb dukje n\u00ebnkryetari i Komisionit Evropian Maros Sefcovic, duke shtuar se ai beson se nj\u00eb sistem i ri \u2018do rris\u00eb konkurrenc\u00ebn dhe do sjell\u00eb furnizues t\u00eb rinj dhe do ul\u00eb \u00e7mimet e energjis\u00eb\u2019.<\/span><\/p>\n<p><span style=\"color: #000000;\">Pas muajsh diskutimesh se si t\u00eb sigurohet furnizimet me gaz natyror, BE-ja do filloj\u00eb blerjet e p\u00ebrbashk\u00ebta t\u00eb gazit n\u00eb prill, me plane p\u00ebr t\u00eb kryer blerje t\u00eb p\u00ebrbashk\u00ebta rregullisht n\u00eb t\u00eb ardhmen, tha Bloomberg.<\/span><\/p>\n<p><span style=\"color: #000000;\">M\u00eb 15 mars do filloj\u00eb regjistrimi n\u00eb platform\u00ebn energjetike p\u00ebr kompanit\u00eb e interesuara p\u00ebr t\u00eb bler\u00eb gaz dhe, n\u00eb prill, sipas Sefcovic, blloku planifikon t\u00eb \u2018hap\u00eb dritaren e platform\u00ebs ku kompanit\u00eb prezantojn\u00eb zyrtarisht sa gaz do duan t\u00eb blejn\u00eb p\u00ebrmes tenderit t\u00eb par\u00eb\u2019.<\/span><\/p>\n<p><span style=\"color: #000000;\">Sipas tij, rreth 50 furnizues nd\u00ebrkomb\u00ebtar\u00eb t\u00eb energjis\u00eb kan\u00eb shprehur interes p\u00ebr shitjen e gazit n\u00eb BE p\u00ebrmes nj\u00eb platforme t\u00eb ve\u00e7ant\u00eb. Nd\u00ebrkoh\u00eb q\u00eb blloku i ka magazinat e tij n\u00ebntok\u00ebsore rreth 61% plot, kryesisht p\u00ebr shkak t\u00eb nj\u00eb dimri t\u00eb but\u00eb, shqet\u00ebsimi kryesor \u00ebsht\u00eb sigurimi i inventareve t\u00eb mjaftueshme t\u00eb gazit p\u00ebr sezonin e ardhsh\u00ebm t\u00eb ngrohjes.<\/span><\/p>\n","protected":false,"gt_translate_keys":[{"key":"rendered","format":"html"}]},"excerpt":{"rendered":"<p>Vendet an\u00ebtare t\u00eb BE-s\u00eb po shkojn\u00eb drejt blerjes s\u00eb p\u00ebrbashk\u00ebt t\u00eb gazit duke nisur tenderin e par\u00eb muajin e ardhsh\u00ebm, raportoi Bloomberg t\u00eb mart\u00ebn. Masa synon t\u00eb frenoj\u00eb rritjet e \u00e7mimit t\u00eb gazit q\u00eb ndodhi vitin e kaluar, t\u00eb cilat ndodh\u00ebn si rezultat i sanksioneve anti-ruse. Blloku pret q\u00eb kontratat e para me furnizuesit nga [&hellip;]<\/p>\n","protected":false,"gt_translate_keys":[{"key":"rendered","format":"html"}]},"author":51,"featured_media":583799,"comment_status":"closed","ping_status":"closed","sticky":false,"template":"","format":"standard","meta":{"footnotes":""},"categories":[53],"tags":[],"class_list":["post-583798","post","type-post","status-publish","format-standard","has-post-thumbnail","hentry","category-fast-foodi"],"gt_translate_keys":[{"key":"link","format":"url"}],"_links":{"self":[{"href":"https:\/\/www.hashtag.al\/index.php\/wp-json\/wp\/v2\/posts\/583798","targetHints":{"allow":["GET"]}}],"collection":[{"href":"https:\/\/www.hashtag.al\/index.php\/wp-json\/wp\/v2\/posts"}],"about":[{"href":"https:\/\/www.hashtag.al\/index.php\/wp-json\/wp\/v2\/types\/post"}],"author":[{"embeddable":true,"href":"https:\/\/www.hashtag.al\/index.php\/wp-json\/wp\/v2\/users\/51"}],"replies":[{"embeddable":true,"href":"https:\/\/www.hashtag.al\/index.php\/wp-json\/wp\/v2\/comments?post=583798"}],"version-history":[{"count":0,"href":"https:\/\/www.hashtag.al\/index.php\/wp-json\/wp\/v2\/posts\/583798\/revisions"}],"wp:featuredmedia":[{"embeddable":true,"href":"https:\/\/www.hashtag.al\/index.php\/wp-json\/wp\/v2\/media\/583799"}],"wp:attachment":[{"href":"https:\/\/www.hashtag.al\/index.php\/wp-json\/wp\/v2\/media?parent=583798"}],"wp:term":[{"taxonomy":"category","embeddable":true,"href":"https:\/\/www.hashtag.al\/index.php\/wp-json\/wp\/v2\/categories?post=583798"},{"taxonomy":"post_tag","embeddable":true,"href":"https:\/\/www.hashtag.al\/index.php\/wp-json\/wp\/v2\/tags?post=583798"}],"curies":[{"name":"wp","href":"https:\/\/api.w.org\/{rel}","templated":true}]}}