{"id":583552,"date":"2023-03-08T13:19:57","date_gmt":"2023-03-08T12:19:57","guid":{"rendered":"https:\/\/www.hashtag.al\/?p=583552"},"modified":"2023-03-08T13:19:57","modified_gmt":"2023-03-08T12:19:57","slug":"shkoi-i-dehur-ne-banese-pas-debaiti-32-vjecarja-ne-fier-plagos-me-thike-bashkejetuesin","status":"publish","type":"post","link":"https:\/\/www.hashtag.al\/index.php\/2023\/03\/08\/shkoi-i-dehur-ne-banese-pas-debaiti-32-vjecarja-ne-fier-plagos-me-thike-bashkejetuesin\/","title":{"rendered":"Shkoi i dehur n\u00eb banes\u00eb, pas debaiti 32-vje\u00e7arja n\u00eb Fier plagos me thik\u00eb bashk\u00ebjetuesin","gt_translate_keys":[{"key":"rendered","format":"text"}]},"content":{"rendered":"<p><span style=\"color: #000000;\"><a style=\"color: #000000;\" href=\"https:\/\/www.hashtag.al\/wp-content\/uploads\/2023\/03\/policia-11-2.jpg\"><img loading=\"lazy\" decoding=\"async\" class=\"aligncenter size-full wp-image-583553\" src=\"https:\/\/www.hashtag.al\/wp-content\/uploads\/2023\/03\/policia-11-2.jpg\" alt=\"\" width=\"770\" height=\"417\" \/><\/a><\/span><\/p>\n<p><span style=\"color: #000000;\">Nj\u00eb ngjarje e r\u00ebnd\u00eb ka ndodhur n\u00eb or\u00ebt e para t\u00eb m\u00ebngjesit t\u00eb sot\u00ebm n\u00eb lagjen \u201cLiri\u201d n\u00eb Fier.<\/span><\/p>\n<p><span style=\"color: #000000;\">Nj\u00eb grua 32-vje\u00e7are me inicialet A.A., ka plagosur me thik\u00eb bashk\u00ebjetuesin e saj, 32 vje\u00e7 me inicialet A.J., pasi ky i fundit ka shkuar n\u00eb gjendje t\u00eb dehur n\u00eb banes\u00ebn e saj dhe pas debatit p\u00ebr motive t\u00eb dob\u00ebta q\u00eb kan\u00eb patur, situata ka agravuar duke \u00e7uar ne konflikt fizik mes tyre dhe m\u00eb pas gruaja e ka goditur me mjet prer\u00ebs.<\/span><\/p>\n<p><span style=\"color: #000000;\">N\u00eb vendngjarje ka shkuar policia q\u00eb ka arrestuar gruan, nd\u00ebrsa i l\u00ebnduari \u00ebsht\u00eb d\u00ebrguar n\u00eb spital ku ndodhet jasht\u00eb rrezikut p\u00ebr jet\u00ebn. Sipas mjek\u00ebve 33-vje\u00e7ari ka nj\u00eb plag\u00eb me thik\u00eb n\u00eb dor\u00eb.<\/span><\/p>\n<p>&nbsp;<\/p>\n<p><em><span style=\"color: #000000;\">\u201cSpecialist\u00ebt p\u00ebr Hetimin e Krimeve t\u00eb Komisariatit t\u00eb Policis\u00eb Fier arrestuan n\u00eb flagranc\u00eb shtetasen A. A., 32 vje\u00e7e, banuese n\u00eb Fier, pasi gjat\u00eb or\u00ebve t\u00eb para t\u00eb m\u00ebngjesit, pas nj\u00eb konflikti p\u00ebr motive t\u00eb dob\u00ebta, n\u00eb banes\u00ebn e saj, ka goditur me mjet prer\u00ebs(thik\u00eb), bashk\u00ebjetuesin, shtetasin A. J., 32 vje\u00e7, i cili \u00ebsht\u00eb d\u00ebmtuar leht\u00eb dhe ndodhet n\u00eb spital, n\u00eb kujdesin e mjek\u00ebve.<\/span><\/em><\/p>\n<p><span style=\"color: #000000;\"><em>Materialet i kaluan Prokuroris\u00eb p\u00ebr veprime t\u00eb m\u00ebtejshme, p\u00ebr veprat penale \u201cDhuna n\u00eb familje\u201d dhe \u201cPlagosje e leht\u00eb me dashje\u201d<\/em>, njoftoi policia.<\/span><\/p>\n","protected":false,"gt_translate_keys":[{"key":"rendered","format":"html"}]},"excerpt":{"rendered":"<p>Nj\u00eb ngjarje e r\u00ebnd\u00eb ka ndodhur n\u00eb or\u00ebt e para t\u00eb m\u00ebngjesit t\u00eb sot\u00ebm n\u00eb lagjen \u201cLiri\u201d n\u00eb Fier. Nj\u00eb grua 32-vje\u00e7are me inicialet A.A., ka plagosur me thik\u00eb bashk\u00ebjetuesin e saj, 32 vje\u00e7 me inicialet A.J., pasi ky i fundit ka shkuar n\u00eb gjendje t\u00eb dehur n\u00eb banes\u00ebn e saj dhe pas debatit p\u00ebr [&hellip;]<\/p>\n","protected":false,"gt_translate_keys":[{"key":"rendered","format":"html"}]},"author":30,"featured_media":0,"comment_status":"closed","ping_status":"closed","sticky":false,"template":"","format":"standard","meta":{"footnotes":""},"categories":[65],"tags":[],"class_list":["post-583552","post","type-post","status-publish","format-standard","hentry","category-lajme"],"gt_translate_keys":[{"key":"link","format":"url"}],"_links":{"self":[{"href":"https:\/\/www.hashtag.al\/index.php\/wp-json\/wp\/v2\/posts\/583552","targetHints":{"allow":["GET"]}}],"collection":[{"href":"https:\/\/www.hashtag.al\/index.php\/wp-json\/wp\/v2\/posts"}],"about":[{"href":"https:\/\/www.hashtag.al\/index.php\/wp-json\/wp\/v2\/types\/post"}],"author":[{"embeddable":true,"href":"https:\/\/www.hashtag.al\/index.php\/wp-json\/wp\/v2\/users\/30"}],"replies":[{"embeddable":true,"href":"https:\/\/www.hashtag.al\/index.php\/wp-json\/wp\/v2\/comments?post=583552"}],"version-history":[{"count":0,"href":"https:\/\/www.hashtag.al\/index.php\/wp-json\/wp\/v2\/posts\/583552\/revisions"}],"wp:attachment":[{"href":"https:\/\/www.hashtag.al\/index.php\/wp-json\/wp\/v2\/media?parent=583552"}],"wp:term":[{"taxonomy":"category","embeddable":true,"href":"https:\/\/www.hashtag.al\/index.php\/wp-json\/wp\/v2\/categories?post=583552"},{"taxonomy":"post_tag","embeddable":true,"href":"https:\/\/www.hashtag.al\/index.php\/wp-json\/wp\/v2\/tags?post=583552"}],"curies":[{"name":"wp","href":"https:\/\/api.w.org\/{rel}","templated":true}]}}