{"id":583549,"date":"2023-03-08T13:07:06","date_gmt":"2023-03-08T12:07:06","guid":{"rendered":"https:\/\/www.hashtag.al\/?p=583549"},"modified":"2023-03-08T13:07:06","modified_gmt":"2023-03-08T12:07:06","slug":"sot-8-marsi-grate-proteste-para-kryeministrise-sduam-lule-duam-te-drejta","status":"publish","type":"post","link":"https:\/\/www.hashtag.al\/index.php\/2023\/03\/08\/sot-8-marsi-grate-proteste-para-kryeministrise-sduam-lule-duam-te-drejta\/","title":{"rendered":"Sot 8 marsi, grat\u00eb protest\u00eb para kryeministris\u00eb: S\u2019duam lule, duam t\u00eb drejta","gt_translate_keys":[{"key":"rendered","format":"text"}]},"content":{"rendered":"<p><span style=\"color: #000000;\"><a style=\"color: #000000;\" href=\"https:\/\/www.hashtag.al\/wp-content\/uploads\/2023\/03\/1678275195_Screenshot3.jpg\"><img loading=\"lazy\" decoding=\"async\" class=\"aligncenter size-full wp-image-583550\" src=\"https:\/\/www.hashtag.al\/wp-content\/uploads\/2023\/03\/1678275195_Screenshot3.jpg\" alt=\"\" width=\"780\" height=\"440\" srcset=\"https:\/\/www.hashtag.al\/wp-content\/uploads\/2023\/03\/1678275195_Screenshot3.jpg 780w, https:\/\/www.hashtag.al\/wp-content\/uploads\/2023\/03\/1678275195_Screenshot3-300x169.jpg 300w, https:\/\/www.hashtag.al\/wp-content\/uploads\/2023\/03\/1678275195_Screenshot3-768x433.jpg 768w\" sizes=\"auto, (max-width: 780px) 100vw, 780px\" \/><\/a><\/span><\/p>\n<p><span style=\"color: #000000;\">Dita Nd\u00ebrkomb\u00ebtare e Gruas i gjeti disa gra n\u00eb vendin ton\u00eb n\u00eb protest\u00eb p\u00ebr t\u00eb k\u00ebrkuar m\u00eb shum\u00eb t\u00eb drejta e barazi gjinore, si edhe p\u00ebr t\u2019i th\u00ebn\u00eb STOP dhun\u00ebs ndaj gruas.<\/span><\/p>\n<p><span style=\"color: #000000;\">Me pankartat n\u00eb duar, \u2018S\u2019duam lule, duam t\u00eb drejtat\u2019, \u2018Ti ke lindur nga nj\u00eb grua\u2019 \u2018Beso te vetja\u2019, \u2018Bota jemi ne\u2019. N\u00eb sy binte edhe pankarta me mbishkrimin \u2018Drejt\u00ebsi p\u00ebr Joyn\u2019 22 vje\u00e7aren Keniane q\u00eb u dhunua barbarisht n\u00eb Shqip\u00ebri dhe gjeti vdekjen.<\/span><\/p>\n<p><span style=\"color: #000000;\">Grat\u00eb kan\u00eb protestuar para kryeministris\u00eb, nd\u00ebrsa pankartat i lan\u00eb n\u00eb shkall\u00ebt e kryeminstris\u00eb si mesazh simbolik ndaj kryemistrit Rama.<\/span><\/p>\n<p><span style=\"color: #000000;\">Gjithashtu grat\u00eb protestuese, iu kan\u00eb dhuruar nga nj\u00eb deg\u00eb mimoze efektiveve femra q\u00eb ishin caktuar p\u00ebr mbik\u00ebqyrjen e protest\u00ebs.<\/span><\/p>\n<p><span style=\"color: #000000;\">&#8220;<em>Sot jemi pozicionuar para Ministris\u00eb s\u00eb Brendshme p\u00ebr t\u00eb shprehur revolt\u00ebn ton\u00eb n\u00eb k\u00ebt\u00eb t\u00eb sh\u00ebnuar si dita e gruas dhe k\u00ebtu jemi p\u00ebr t\u2019i th\u00ebn\u00eb STOP dhun\u00ebs ndaj grave. P\u00ebr t\u00eb th\u00ebn\u00eb boll b\u00ebrjes pal\u00eb me dhunuesin nga Policia e Shtetit, nga i gjith\u00eb shteti n\u00eb fuqi. Jemi d\u00ebshmitar\u00eb t\u00eb ngjarjeve t\u00eb k\u00ebtyre dit\u00ebve t\u00eb fundit, por jo vet\u00ebm sesi dhunues dhe vras\u00ebs t\u00eb grave, t\u00eb n\u00ebnave, t\u00eb vajzave shqiptare jan\u00eb liruar n\u00eb m\u00ebnyr\u00eb antiligjore nga Policia e Shtetit, Prokuroria dhe Gjykata. Jemi k\u00ebtu p\u00ebr t\u2019i b\u00ebr\u00eb thirrje STOP ngritjes dor\u00eb ndaj vajz\u00ebs, gruas, ndaj n\u00ebn\u00ebs dhe motr\u00ebs, sepse n\u00ebse ne vrasim gruan ne vrasim jet\u00ebn.<\/em><\/span><\/p>\n<p><span style=\"color: #000000;\"><em>Jemi k\u00ebtu p\u00ebr t\u2019i b\u00ebr\u00eb thirrje edhe Policis\u00eb s\u00eb Shtetit t\u00eb pozicionohet gjithmon\u00eb n\u00eb krah t\u00eb grave dhe vajzave t\u00eb dhunuara. Jemi d\u00ebshmitar\u00eb p\u00ebr shum\u00eb her\u00eb q\u00eb jo vet\u00ebm q\u00eb nuk iu \u00ebsht\u00eb hapur dera p\u00ebr t\u2019u mbrojtur nga Policia Shtetit, e cila k\u00ebt\u00eb detyr\u00eb ka, por jan\u00eb b\u00ebr\u00eb pal\u00eb me dhunuesin, duke i nxjerr\u00eb jasht\u00eb komisariateve dhe duke i p\u00ebrz\u00ebn\u00eb q\u00eb n\u00eb fund t\u00eb fundit, ajo ka gjetur vdekjen nga ai dhunuesi q\u00eb \u00ebsht\u00eb b\u00ebr\u00eb pal\u00eb me Policin\u00eb e Shtetit. P\u00ebrpos gjith\u00eb k\u00ebtyre ngjarjeve\u00a0 makabre q\u00eb kan\u00eb ndodhur, un\u00eb dua t\u00eb kujtoj dhe t\u00eb shpreh ngush\u00ebllimin me t\u00eb gjitha koleget e mia demokrate, p\u00ebr ato tri vajza dhe n\u00ebna q\u00eb u vran\u00eb vet\u00ebm nj\u00eb jav\u00eb m\u00eb par\u00eb nga nj\u00eb dor\u00eb vrastare, ku emrin, identitetin dhe karakterin e tij e dinte edhe Policia e Shtetit, edhe Prokuroria, edhe Gjykata. Edhe ne kemi arritur n\u00eb pik\u00ebn q\u00eb Policia e Shtetit sot nuk parandalon dhun\u00ebn, vrasjen, por \u00ebsht\u00eb kthyer n\u00eb nj\u00eb mbledhje t\u00eb g\u00ebzhojave.<\/em><\/span><\/p>\n<p><span style=\"color: #000000;\"><em>N\u00eb disa raste policia \u00ebsht\u00eb kthyer edhe n\u00eb nj\u00eb vras\u00ebse reale e vajzave dhe e grave shqiptare. Nga ana tjet\u00ebr nga ky moment dua t\u00eb shpreh ngush\u00ebllimet edhe p\u00eb rnj\u00eb vajz\u00eb nga Kenia. Kishte ardhur n\u00eb territorin shqiptar p\u00ebr t\u00eb punuar, dhe ky \u00ebsht\u00eb turpi m\u00eb i madh q\u00eb ne jo vet\u00ebm q\u00eb nuk e ruajt\u00ebm at\u00eb vajz\u00eb, por Ministria e Brendshme me minstrin dh\u00ebnd\u00ebr t\u00eb Edi Ram\u00ebs, s\u00eb bashku me t\u00eb gjitha strukturat e Policis\u00eb s\u00eb Shtetit e fsheh\u00ebn ngjarjen n\u00eb m\u00ebny\u00ebn m\u00eb t\u00eb pamoralshme. Sot vajza e ndjer\u00eb Joy nga bota e p\u00ebrtejme k\u00ebrkon drejt\u00ebsi nga ajo drejt\u00ebsia e munguar q\u00eb p\u00ebr kat\u00ebr muaj nuk u b\u00eb asnj\u00eb ekspertiz\u00eb dhe nuk u mor\u00ebn asnj\u00eb t\u00eb dh\u00ebn\u00eb n\u00eb lidhje me k\u00ebt\u00eb ngjarje t\u00eb r\u00ebnd\u00eb. Nga ky moment un\u00eb do t\u00eb k\u00ebrkoja drejt\u00ebsi p\u00ebr Joy-n, sepse \u00ebsht\u00eb qartazi q\u00eb \u00ebsht\u00eb nj\u00eb vrasje shtet\u00ebrore p\u00ebr sa koh\u00eb e mbron Ministria e Brendshme dhe Policia e Shtetit, por k\u00ebrkoj drejt\u00ebsi p\u00ebr t\u00eb gjitha vajzat dhe grat\u00eb e dhunuara. Ne sot m\u00eb shum\u00eb se kurr\u00eb duhet t\u00eb ngrihemi dhe duhet t\u2019i them STOP dhun\u00ebs ndaj asaj krijese e cila krijon jet\u00ebn<\/em>&#8220;, tha Adriana Kalaja.<\/span><\/p>\n","protected":false,"gt_translate_keys":[{"key":"rendered","format":"html"}]},"excerpt":{"rendered":"<p>Dita Nd\u00ebrkomb\u00ebtare e Gruas i gjeti disa gra n\u00eb vendin ton\u00eb n\u00eb protest\u00eb p\u00ebr t\u00eb k\u00ebrkuar m\u00eb shum\u00eb t\u00eb drejta e barazi gjinore, si edhe p\u00ebr t\u2019i th\u00ebn\u00eb STOP dhun\u00ebs ndaj gruas. Me pankartat n\u00eb duar, \u2018S\u2019duam lule, duam t\u00eb drejtat\u2019, \u2018Ti ke lindur nga nj\u00eb grua\u2019 \u2018Beso te vetja\u2019, \u2018Bota jemi ne\u2019. N\u00eb sy [&hellip;]<\/p>\n","protected":false,"gt_translate_keys":[{"key":"rendered","format":"html"}]},"author":30,"featured_media":583550,"comment_status":"closed","ping_status":"closed","sticky":false,"template":"","format":"standard","meta":{"footnotes":""},"categories":[65],"tags":[],"class_list":["post-583549","post","type-post","status-publish","format-standard","has-post-thumbnail","hentry","category-lajme"],"gt_translate_keys":[{"key":"link","format":"url"}],"_links":{"self":[{"href":"https:\/\/www.hashtag.al\/index.php\/wp-json\/wp\/v2\/posts\/583549","targetHints":{"allow":["GET"]}}],"collection":[{"href":"https:\/\/www.hashtag.al\/index.php\/wp-json\/wp\/v2\/posts"}],"about":[{"href":"https:\/\/www.hashtag.al\/index.php\/wp-json\/wp\/v2\/types\/post"}],"author":[{"embeddable":true,"href":"https:\/\/www.hashtag.al\/index.php\/wp-json\/wp\/v2\/users\/30"}],"replies":[{"embeddable":true,"href":"https:\/\/www.hashtag.al\/index.php\/wp-json\/wp\/v2\/comments?post=583549"}],"version-history":[{"count":0,"href":"https:\/\/www.hashtag.al\/index.php\/wp-json\/wp\/v2\/posts\/583549\/revisions"}],"wp:featuredmedia":[{"embeddable":true,"href":"https:\/\/www.hashtag.al\/index.php\/wp-json\/wp\/v2\/media\/583550"}],"wp:attachment":[{"href":"https:\/\/www.hashtag.al\/index.php\/wp-json\/wp\/v2\/media?parent=583549"}],"wp:term":[{"taxonomy":"category","embeddable":true,"href":"https:\/\/www.hashtag.al\/index.php\/wp-json\/wp\/v2\/categories?post=583549"},{"taxonomy":"post_tag","embeddable":true,"href":"https:\/\/www.hashtag.al\/index.php\/wp-json\/wp\/v2\/tags?post=583549"}],"curies":[{"name":"wp","href":"https:\/\/api.w.org\/{rel}","templated":true}]}}