{"id":583545,"date":"2023-03-08T12:41:24","date_gmt":"2023-03-08T11:41:24","guid":{"rendered":"https:\/\/www.hashtag.al\/?p=583545"},"modified":"2023-03-08T12:41:24","modified_gmt":"2023-03-08T11:41:24","slug":"kqz-regjistroi-sot-42-parti-per-zgjedhjet-e-14-majit-neser-pritet-regjistrimi-i-pd-se","status":"publish","type":"post","link":"https:\/\/www.hashtag.al\/index.php\/2023\/03\/08\/kqz-regjistroi-sot-42-parti-per-zgjedhjet-e-14-majit-neser-pritet-regjistrimi-i-pd-se\/","title":{"rendered":"KQZ regjistroi sot 42 parti p\u00ebr zgjedhjet e 14 majit, nes\u00ebr pritet regjistrimi i PD-s\u00eb","gt_translate_keys":[{"key":"rendered","format":"text"}]},"content":{"rendered":"<p><span style=\"color: #000000;\"><a style=\"color: #000000;\" href=\"https:\/\/www.hashtag.al\/wp-content\/uploads\/2023\/03\/celibash.png\"><img loading=\"lazy\" decoding=\"async\" class=\"aligncenter size-full wp-image-583547\" src=\"https:\/\/www.hashtag.al\/wp-content\/uploads\/2023\/03\/celibash.png\" alt=\"\" width=\"974\" height=\"483\" \/><\/a><\/span><\/p>\n<p>&nbsp;<\/p>\n<p><span style=\"color: #000000;\">49\u00a0 parti politike kan\u00eb dor\u00ebzuar n\u00eb KQZ k\u00ebrkes\u00ebn p\u00ebr garuar n\u00eb zgjedhjet lokale t\u00eb 14 majit 2023.<\/span><\/p>\n<p><span style=\"color: #000000;\">Komisioni qendror i zgjedhjeve miratoi sot k\u00ebrkesa p\u00ebr 42 parti dhe nes\u00ebr p\u00ebr 7 parti, p\u00ebrfshi 2 kampet e PD.<\/span><\/p>\n<p><span style=\"color: #000000;\">Pra, nes\u00ebr do t\u00eb vendoset fati i Partis\u00eb Demokratike, se cili prej kampeve do t\u00eb regjistrohet. Komisioneri miratoi edhe k\u00ebrkesat e paraqitura p\u00ebr regjistrim t\u00eb komisioneve nism\u00ebtare p\u00ebr regjistrimin e 4 kandidat\u00ebve t\u00eb pavarur, 2 n\u00eb Kor\u00e7\u00eb, 1 n\u00eb Tiran\u00eb dhe 1 n\u00eb Durr\u00ebs.<\/span><\/p>\n<p><span style=\"color: #000000;\">Pas k\u00ebtij regjistrimi paraprak, n\u00eb 15 mars aplikohet p\u00ebr koalicionet dhe n\u00eb 27 mars depozitohet lista e kandidat\u00ebve p\u00ebr kryetar bashkie dhe lista shum\u00eb-em\u00ebrore e kandidat\u00ebve p\u00ebr k\u00ebshillat bashkiak sipas p\u00ebrkat\u00ebsis\u00eb s\u00eb koalicionit apo partis\u00eb. M\u00eb pas hidhet shorti p\u00ebr renditjen n\u00eb flet\u00ebt e votimit. N\u00eb prill pritet dhe shp\u00ebrndarja e fondeve vjetore, por edhe p\u00ebr fushat\u00eb. M\u00eb 14 prill nis zyrtarisht fushata. 13 maji heshtje zgjedhore de 14 maji dita e votimit<\/span><\/p>\n<p>&nbsp;<\/p>\n<p><span style=\"color: #000000;\">Partit\u00eb q\u00eb u miratuan sot<\/span><\/p>\n<p>&nbsp;<\/p>\n<p><span style=\"color: #000000;\">Partia Socialdemokrate<\/span><\/p>\n<p><span style=\"color: #000000;\">Partia p\u00ebr Mbrojtjen e t\u00eb Drejtave t\u00eb Pun\u00ebtor\u00ebve t\u00eb Shqip\u00ebris\u00eb<\/span><\/p>\n<p><span style=\"color: #000000;\">Partia p\u00ebr Mbrojtjen e t\u00eb Drejtave t\u00eb Emigrant\u00ebve<\/span><\/p>\n<p><span style=\"color: #000000;\">Partia e Gjelb\u00ebr<\/span><\/p>\n<p><span style=\"color: #000000;\">Partia Bashkimi Demokrat Shqiptar<\/span><\/p>\n<p><span style=\"color: #000000;\">Partia Ora e Shqip\u00ebris\u00eb<\/span><\/p>\n<p><span style=\"color: #000000;\">Partia Komb\u00ebtare Konservatore Albania<\/span><\/p>\n<p><span style=\"color: #000000;\">Aleanca Arbnore Komb\u00ebtare<\/span><\/p>\n<p><span style=\"color: #000000;\">Partia Demokristiane e Shqip\u00ebris\u00eb<\/span><\/p>\n<p><span style=\"color: #000000;\">Partia Emigracioni Shqiptar<\/span><\/p>\n<p><span style=\"color: #000000;\">Partia Komuniste e Shqip\u00ebris\u00eb<\/span><\/p>\n<p><span style=\"color: #000000;\">Partia Qytetare Shqiptare<\/span><\/p>\n<p><span style=\"color: #000000;\">Minoriteti Etnik Grek p\u00ebr t\u00eb Ardhmen MEGA<\/span><\/p>\n<p><span style=\"color: #000000;\">Partia Republikane Shqiptare<\/span><\/p>\n<p><span style=\"color: #000000;\">Partia Drejt\u00ebsi, Integrim dhe Unitet<\/span><\/p>\n<p><span style=\"color: #000000;\">Partia Shqiptare Atdheu<\/span><\/p>\n<p><span style=\"color: #000000;\">Partia Uniteti Komb\u00ebtar<\/span><\/p>\n<p><span style=\"color: #000000;\">Partia Agrare Ambjentaliste e Shqip\u00ebris\u00eb<\/span><\/p>\n<p><span style=\"color: #000000;\">Aleanca p\u00ebr Barazi dhe Drejt\u00ebsi Europiane<\/span><\/p>\n<p><span style=\"color: #000000;\">L\u00ebvizja Pun\u00ebtore Shqiptare<\/span><\/p>\n<p><span style=\"color: #000000;\">\u00a0Nisma Thurje<\/span><\/p>\n<p><span style=\"color: #000000;\">Partia Aleanca Demokristiane e Shqip\u00ebris\u00eb<\/span><\/p>\n<p><span style=\"color: #000000;\">Balli Komb\u00ebtar Demokrat<\/span><\/p>\n<p><span style=\"color: #000000;\">Partia Konservatore<\/span><\/p>\n<p><span style=\"color: #000000;\">Partia L\u00ebvizja e Re<\/span><\/p>\n<p><span style=\"color: #000000;\">Partia Kristian Demokrate e Shqip\u00ebris\u00eb<\/span><\/p>\n<p><span style=\"color: #000000;\">Aleanca Demokracia e Re<\/span><\/p>\n<p><span style=\"color: #000000;\">Partia Balli Komb\u00ebtar<\/span><\/p>\n<p><span style=\"color: #000000;\">Partia Demokracia Sociale<\/span><\/p>\n<p><span style=\"color: #000000;\">Personat me Aft\u00ebsi t\u00eb Kufizuar<\/span><\/p>\n<p><span style=\"color: #000000;\">Aleanca Demokratike Shqiptare<\/span><\/p>\n<p><span style=\"color: #000000;\">L\u00ebvizja e Legalitetit<\/span><\/p>\n<p><span style=\"color: #000000;\">Bashkimi p\u00ebr t\u00eb Drejtat e Njeriut<\/span><\/p>\n<p><span style=\"color: #000000;\">Partia e Reformave Demokratike Shqiptare<\/span><\/p>\n<p><span style=\"color: #000000;\">Bashkimi Liberal Demokrat<\/span><\/p>\n<p><span style=\"color: #000000;\">Ardhm\u00ebria Shqiptare<\/span><\/p>\n<p><span style=\"color: #000000;\">Partia Lidhja Demokristiane Shqiptare<\/span><\/p>\n<p><span style=\"color: #000000;\">Partia Fryma e Re Demokratike<\/span><\/p>\n<p><span style=\"color: #000000;\">Aleanca e Maqedonasve p\u00ebr Integrimin Europian<\/span><\/p>\n<p><span style=\"color: #000000;\">Partia p\u00ebr Europianizim dhe Integrimin e Shqip\u00ebris\u00eb<\/span><\/p>\n<p><span style=\"color: #000000;\">Fronti i Majt\u00eb<\/span><\/p>\n<p><span style=\"color: #000000;\">Aleanca p\u00ebr Demokraci dhe Solidaritet<\/span><\/p>\n<p><span style=\"color: #000000;\">Regjistrohen komitetet nism\u00ebtar\u00eb p\u00ebr 4 kandidat\u00eb t\u00eb pavarur<\/span><\/p>\n<p>&nbsp;<\/p>\n<p><span style=\"color: #000000;\">Eduart Muhamet Nallbani, si kandidat i propozuar nga zgjedh\u00ebsit n\u00eb zon\u00ebn zgjedhore Bashkia Tiran\u00eb, n\u00eb zgjedhjet p\u00ebr organet e qeverisjes vendore t\u00eb dat\u00ebs 14 maj 2023\u201d.<\/span><\/p>\n<p><span style=\"color: #000000;\">Iljan Gjergji Nastu, si kandidat i propozuar nga zgjedh\u00ebsit n\u00eb zon\u00ebn zgjedhore Bashkia Kor\u00e7\u00eb, n\u00eb zgjedhjet p\u00ebr organet e qeverisjes vendore t\u00eb dat\u00ebs 14 maj 2023.<\/span><\/p>\n<p><span style=\"color: #000000;\">Ismail Bujar Jakupi, si kandidat i propozuar nga zgjedh\u00ebsit n\u00eb zon\u00ebn zgjedhore Bashkia Durr\u00ebs, n\u00eb zgjedhjet p\u00ebr organet e qeverisjes vendore t\u00eb dat\u00ebs 14 maj 2023.<\/span><\/p>\n<p><span style=\"color: #000000;\">Lazjon Vangjel Petri, si kandidat i propozuar nga zgjedh\u00ebsit n\u00eb zon\u00ebn zgjedhore Bashkia Kor\u00e7\u00eb, Bashkia Kor\u00e7\u00eb, n\u00eb zgjedhjet p\u00ebr organet e qeverisjes vendore t\u00eb dat\u00ebs 14 maj 2023.<\/span><\/p>\n<p>&nbsp;<\/p>\n<p><span style=\"color: #000000;\">Partit\u00eb q\u00eb shqyrtohen nes\u00ebr<\/span><\/p>\n<p>&nbsp;<\/p>\n<p><span style=\"color: #000000;\">Partia Socialiste e Shqip\u00ebris\u00eb<\/span><\/p>\n<p><span style=\"color: #000000;\">Partia e Liris\u00eb<\/span><\/p>\n<p><span style=\"color: #000000;\">Bindja Demokratike<\/span><\/p>\n<p><span style=\"color: #000000;\">L\u00ebvizja p\u00ebr Zhvillim Komb\u00ebtar<\/span><\/p>\n<p><span style=\"color: #000000;\">L\u00ebvizja Bashk\u00eb<\/span><\/p>\n<p><span style=\"color: #000000;\">Partia Demokratike e Shqip\u00ebris\u00eb (K\u00ebrkesa e Rithemelimit)<\/span><\/p>\n<p><span style=\"color: #000000;\">Partia Demokratike (K\u00ebrkesa e PD-s\u00eb zyrtare)\u00a0\u00a0\u00a0\u00a0\u00a0\u00a0\u00a0\u00a0\u00a0\u00a0\u00a0\u00a0\u00a0\u00a0\u00a0\u00a0\u00a0\u00a0\u00a0\u00a0\u00a0\u00a0\u00a0\u00a0\u00a0\u00a0\u00a0\u00a0\u00a0\u00a0\u00a0\u00a0<\/span><\/p>\n","protected":false,"gt_translate_keys":[{"key":"rendered","format":"html"}]},"excerpt":{"rendered":"<p>&nbsp; 49\u00a0 parti politike kan\u00eb dor\u00ebzuar n\u00eb KQZ k\u00ebrkes\u00ebn p\u00ebr garuar n\u00eb zgjedhjet lokale t\u00eb 14 majit 2023. Komisioni qendror i zgjedhjeve miratoi sot k\u00ebrkesa p\u00ebr 42 parti dhe nes\u00ebr p\u00ebr 7 parti, p\u00ebrfshi 2 kampet e PD. Pra, nes\u00ebr do t\u00eb vendoset fati i Partis\u00eb Demokratike, se cili prej kampeve do t\u00eb regjistrohet. Komisioneri [&hellip;]<\/p>\n","protected":false,"gt_translate_keys":[{"key":"rendered","format":"html"}]},"author":30,"featured_media":0,"comment_status":"closed","ping_status":"closed","sticky":false,"template":"","format":"standard","meta":{"footnotes":""},"categories":[65],"tags":[],"class_list":["post-583545","post","type-post","status-publish","format-standard","hentry","category-lajme"],"gt_translate_keys":[{"key":"link","format":"url"}],"_links":{"self":[{"href":"https:\/\/www.hashtag.al\/index.php\/wp-json\/wp\/v2\/posts\/583545","targetHints":{"allow":["GET"]}}],"collection":[{"href":"https:\/\/www.hashtag.al\/index.php\/wp-json\/wp\/v2\/posts"}],"about":[{"href":"https:\/\/www.hashtag.al\/index.php\/wp-json\/wp\/v2\/types\/post"}],"author":[{"embeddable":true,"href":"https:\/\/www.hashtag.al\/index.php\/wp-json\/wp\/v2\/users\/30"}],"replies":[{"embeddable":true,"href":"https:\/\/www.hashtag.al\/index.php\/wp-json\/wp\/v2\/comments?post=583545"}],"version-history":[{"count":0,"href":"https:\/\/www.hashtag.al\/index.php\/wp-json\/wp\/v2\/posts\/583545\/revisions"}],"wp:attachment":[{"href":"https:\/\/www.hashtag.al\/index.php\/wp-json\/wp\/v2\/media?parent=583545"}],"wp:term":[{"taxonomy":"category","embeddable":true,"href":"https:\/\/www.hashtag.al\/index.php\/wp-json\/wp\/v2\/categories?post=583545"},{"taxonomy":"post_tag","embeddable":true,"href":"https:\/\/www.hashtag.al\/index.php\/wp-json\/wp\/v2\/tags?post=583545"}],"curies":[{"name":"wp","href":"https:\/\/api.w.org\/{rel}","templated":true}]}}