{"id":583352,"date":"2023-03-07T13:24:11","date_gmt":"2023-03-07T12:24:11","guid":{"rendered":"https:\/\/www.hashtag.al\/?p=583352"},"modified":"2023-03-07T13:24:11","modified_gmt":"2023-03-07T12:24:11","slug":"rama-nuk-largohemi-nga-formati-171-me-kinen-sa-per-te-mbajtur-nje-qendrim-edhe-pse-nuk-kemi-perfituar-asnje-investim","status":"publish","type":"post","link":"https:\/\/www.hashtag.al\/index.php\/2023\/03\/07\/rama-nuk-largohemi-nga-formati-171-me-kinen-sa-per-te-mbajtur-nje-qendrim-edhe-pse-nuk-kemi-perfituar-asnje-investim\/","title":{"rendered":"Rama: Nuk largohemi nga formati 17+1 me Kin\u00ebn sa p\u00ebr t\u00eb mbajtur nj\u00eb q\u00ebndrim, edhe pse nuk kemi p\u00ebrfituar asnj\u00eb investim","gt_translate_keys":[{"key":"rendered","format":"text"}]},"content":{"rendered":"<p><span style=\"color: #000000;\"><a style=\"color: #000000;\" href=\"https:\/\/www.hashtag.al\/wp-content\/uploads\/2023\/03\/1678189904_Screenshot1.jpg\"><img loading=\"lazy\" decoding=\"async\" class=\"aligncenter size-full wp-image-583349\" src=\"https:\/\/www.hashtag.al\/wp-content\/uploads\/2023\/03\/1678189904_Screenshot1.jpg\" alt=\"\" width=\"780\" height=\"440\" srcset=\"https:\/\/www.hashtag.al\/wp-content\/uploads\/2023\/03\/1678189904_Screenshot1.jpg 780w, https:\/\/www.hashtag.al\/wp-content\/uploads\/2023\/03\/1678189904_Screenshot1-300x169.jpg 300w, https:\/\/www.hashtag.al\/wp-content\/uploads\/2023\/03\/1678189904_Screenshot1-768x433.jpg 768w\" sizes=\"auto, (max-width: 780px) 100vw, 780px\" \/><\/a><\/span><\/p>\n<p><span style=\"color: #000000;\">Bashk\u00ebpunimi mes Kin\u00ebs dhe Shqip\u00ebris\u00eb ka qen\u00eb tem\u00eb e diskutuar n\u00eb takimin e Kryeministrit Edi Rama me kancelarin gjerman Olaf Scholz.<\/span><\/p>\n<p><span style=\"color: #000000;\">Rama tha se Shqip\u00ebria \u00ebsht\u00eb pjes\u00eb e formatit 17+1 me Kin\u00ebn dhe nuk ka nd\u00ebrmend t\u00eb largohet edhe pse \u00ebsht\u00eb vendi q\u00eb nuk ka p\u00ebrfituar asnj\u00eb investim nga kjo nism\u00eb.<\/span><\/p>\n<p><span style=\"color: #000000;\">Kreu i qeveris\u00eb theksoi se nuk e di ku perceptohet bashk\u00ebpunimi i ngusht\u00eb me Kin\u00ebn por komunikim me ta do ket\u00eb dhe \u00ebsht\u00eb ide e gabuar largimi nga forumi p\u00ebr t\u00eb mbajtur nj\u00eb q\u00ebndrim p\u00ebr \u00e7far\u00ebdo arsye.<\/span><\/p>\n<p><span style=\"color: #000000;\">\u201c<em>Shqip\u00ebria ka mbajtur nj\u00eb q\u00ebndrim t\u00eb qart\u00eb publik madje duke u b\u00ebr\u00eb thirrje dhe vendeve t\u00eb rajonit p\u00ebr t\u00eb zgjedhur nj\u00eb alternativ\u00eb p\u00ebr 5 G. K\u00ebt\u00eb e kemi b\u00ebr\u00eb shum\u00eb koh\u00eb m\u00eb par\u00eb. Ndaj nuk kemi asnj\u00eb problem. Jemi pjes\u00eb e formatit 17+1 dhe nuk kemi nd\u00ebrmend t\u00eb largohemi, edhe pse Shqip\u00ebria \u00ebsht\u00eb vendi nga t\u00eb gjitha vendet q\u00eb nuk ka p\u00ebrfituar asnj\u00eb investim. Nuk di se ku e bazoni bashk\u00ebpunimin e ngusht\u00eb me Kin\u00ebn. P\u00ebr hir t\u00eb s\u00eb v\u00ebrtet\u00ebs p\u00ebr arsye psikologjike dhe historike, bashk\u00ebpunimi yn\u00eb \u00ebsht\u00eb normal dhe jorelevant. Por t\u00eb largohemi nga forumi p\u00ebr t\u00eb mbajtur q\u00ebndrim p\u00ebr \u00e7far\u00ebdolloj arsye, m\u00eb duket ide e gabuar. Komunikimi, me t\u00eb gjith\u00eb pa p\u00ebrjashtim, pavar\u00ebsisht se mund t\u00eb kemi mendime t\u00eb kund\u00ebrta, \u00ebsht\u00eb A-ja. Ne p\u00ebr veten ton\u00eb n\u00eb Shqip\u00ebri e kemi kaluar nj\u00eb koh\u00eb me nj\u00eb regjim q\u00eb nuk i fliste askujt dhe i mbante q\u00ebndrim gjith\u00eb planetit. Komunikimi do duhet t\u00eb jet\u00eb me k\u00ebdo<\/em>.\u201d, tha Rama.<\/span><\/p>\n","protected":false,"gt_translate_keys":[{"key":"rendered","format":"html"}]},"excerpt":{"rendered":"<p>Bashk\u00ebpunimi mes Kin\u00ebs dhe Shqip\u00ebris\u00eb ka qen\u00eb tem\u00eb e diskutuar n\u00eb takimin e Kryeministrit Edi Rama me kancelarin gjerman Olaf Scholz. Rama tha se Shqip\u00ebria \u00ebsht\u00eb pjes\u00eb e formatit 17+1 me Kin\u00ebn dhe nuk ka nd\u00ebrmend t\u00eb largohet edhe pse \u00ebsht\u00eb vendi q\u00eb nuk ka p\u00ebrfituar asnj\u00eb investim nga kjo nism\u00eb. Kreu i qeveris\u00eb theksoi [&hellip;]<\/p>\n","protected":false,"gt_translate_keys":[{"key":"rendered","format":"html"}]},"author":32,"featured_media":583349,"comment_status":"closed","ping_status":"closed","sticky":false,"template":"","format":"standard","meta":{"footnotes":""},"categories":[65,13],"tags":[],"class_list":["post-583352","post","type-post","status-publish","format-standard","has-post-thumbnail","hentry","category-lajme","category-te-fundit"],"gt_translate_keys":[{"key":"link","format":"url"}],"_links":{"self":[{"href":"https:\/\/www.hashtag.al\/index.php\/wp-json\/wp\/v2\/posts\/583352","targetHints":{"allow":["GET"]}}],"collection":[{"href":"https:\/\/www.hashtag.al\/index.php\/wp-json\/wp\/v2\/posts"}],"about":[{"href":"https:\/\/www.hashtag.al\/index.php\/wp-json\/wp\/v2\/types\/post"}],"author":[{"embeddable":true,"href":"https:\/\/www.hashtag.al\/index.php\/wp-json\/wp\/v2\/users\/32"}],"replies":[{"embeddable":true,"href":"https:\/\/www.hashtag.al\/index.php\/wp-json\/wp\/v2\/comments?post=583352"}],"version-history":[{"count":0,"href":"https:\/\/www.hashtag.al\/index.php\/wp-json\/wp\/v2\/posts\/583352\/revisions"}],"wp:featuredmedia":[{"embeddable":true,"href":"https:\/\/www.hashtag.al\/index.php\/wp-json\/wp\/v2\/media\/583349"}],"wp:attachment":[{"href":"https:\/\/www.hashtag.al\/index.php\/wp-json\/wp\/v2\/media?parent=583352"}],"wp:term":[{"taxonomy":"category","embeddable":true,"href":"https:\/\/www.hashtag.al\/index.php\/wp-json\/wp\/v2\/categories?post=583352"},{"taxonomy":"post_tag","embeddable":true,"href":"https:\/\/www.hashtag.al\/index.php\/wp-json\/wp\/v2\/tags?post=583352"}],"curies":[{"name":"wp","href":"https:\/\/api.w.org\/{rel}","templated":true}]}}