{"id":583300,"date":"2023-03-07T10:08:08","date_gmt":"2023-03-07T09:08:08","guid":{"rendered":"https:\/\/www.hashtag.al\/?p=583300"},"modified":"2023-03-07T10:08:08","modified_gmt":"2023-03-07T09:08:08","slug":"rrumbullaku-levizje-ne-polici","status":"publish","type":"post","link":"https:\/\/www.hashtag.al\/index.php\/2023\/03\/07\/rrumbullaku-levizje-ne-polici\/","title":{"rendered":"Rrumbullaku l\u00ebvizje n\u00eb polici","gt_translate_keys":[{"key":"rendered","format":"text"}]},"content":{"rendered":"<p><img loading=\"lazy\" decoding=\"async\" class=\"aligncenter size-full wp-image-582008\" src=\"https:\/\/www.hashtag.al\/wp-content\/uploads\/2023\/02\/rrumbullaku.jpg\" alt=\"\" width=\"640\" height=\"418\" srcset=\"https:\/\/www.hashtag.al\/wp-content\/uploads\/2023\/02\/rrumbullaku.jpg 640w, https:\/\/www.hashtag.al\/wp-content\/uploads\/2023\/02\/rrumbullaku-300x196.jpg 300w\" sizes=\"auto, (max-width: 640px) 100vw, 640px\" \/><\/p>\n<p><span style=\"color: #000000;\">Drejtori i P\u00ebrgjithsh\u00ebm i Policis\u00eb s\u00eb Shtetit Rrumbullaku pritet t\u00eb firmos\u00eb disa l\u00ebvizje. <\/span><\/p>\n<p><span style=\"color: #000000;\">Ardian \u00c7ipa pritet t\u00eb largohet si drejtor i Policis\u00eb s\u00eb Elbasanit e \u00ebsht\u00eb em\u00ebruar drejtori i Policis\u00eb s\u00eb Gjirokastr\u00ebs. Vendin e tij n\u00eb Elbasan pritet ta marr\u00eb Ilir Proda. <\/span><\/p>\n<p><span style=\"color: #000000;\">Nd\u00ebrkoh\u00eb Bled \u00c7eliku pritet t\u00eb em\u00ebohet k\u00ebshilltar i Rrumbullakut n\u00eb Drejtorin\u00eb e P\u00ebrgjithshme, shkruan <span style=\"color: #0000ff;\"><a href=\"https:\/\/www.balkanweb.com\/ndryshime-ne-policine-e-shtetit-ardian-cipa-iken-nga-elbasani-emerohet-ne-gjirokaster-kush-e-zevendeson\/\">BW<\/a>.<\/span><\/span><\/p>\n","protected":false,"gt_translate_keys":[{"key":"rendered","format":"html"}]},"excerpt":{"rendered":"<p>Drejtori i P\u00ebrgjithsh\u00ebm i Policis\u00eb s\u00eb Shtetit Rrumbullaku pritet t\u00eb firmos\u00eb disa l\u00ebvizje. Ardian \u00c7ipa pritet t\u00eb largohet si drejtor i Policis\u00eb s\u00eb Elbasanit e \u00ebsht\u00eb em\u00ebruar drejtori i Policis\u00eb s\u00eb Gjirokastr\u00ebs. Vendin e tij n\u00eb Elbasan pritet ta marr\u00eb Ilir Proda. Nd\u00ebrkoh\u00eb Bled \u00c7eliku pritet t\u00eb em\u00ebohet k\u00ebshilltar i Rrumbullakut n\u00eb Drejtorin\u00eb e P\u00ebrgjithshme, [&hellip;]<\/p>\n","protected":false,"gt_translate_keys":[{"key":"rendered","format":"html"}]},"author":51,"featured_media":582008,"comment_status":"closed","ping_status":"closed","sticky":false,"template":"","format":"standard","meta":{"footnotes":""},"categories":[65,13],"tags":[],"class_list":["post-583300","post","type-post","status-publish","format-standard","has-post-thumbnail","hentry","category-lajme","category-te-fundit"],"gt_translate_keys":[{"key":"link","format":"url"}],"_links":{"self":[{"href":"https:\/\/www.hashtag.al\/index.php\/wp-json\/wp\/v2\/posts\/583300","targetHints":{"allow":["GET"]}}],"collection":[{"href":"https:\/\/www.hashtag.al\/index.php\/wp-json\/wp\/v2\/posts"}],"about":[{"href":"https:\/\/www.hashtag.al\/index.php\/wp-json\/wp\/v2\/types\/post"}],"author":[{"embeddable":true,"href":"https:\/\/www.hashtag.al\/index.php\/wp-json\/wp\/v2\/users\/51"}],"replies":[{"embeddable":true,"href":"https:\/\/www.hashtag.al\/index.php\/wp-json\/wp\/v2\/comments?post=583300"}],"version-history":[{"count":0,"href":"https:\/\/www.hashtag.al\/index.php\/wp-json\/wp\/v2\/posts\/583300\/revisions"}],"wp:featuredmedia":[{"embeddable":true,"href":"https:\/\/www.hashtag.al\/index.php\/wp-json\/wp\/v2\/media\/582008"}],"wp:attachment":[{"href":"https:\/\/www.hashtag.al\/index.php\/wp-json\/wp\/v2\/media?parent=583300"}],"wp:term":[{"taxonomy":"category","embeddable":true,"href":"https:\/\/www.hashtag.al\/index.php\/wp-json\/wp\/v2\/categories?post=583300"},{"taxonomy":"post_tag","embeddable":true,"href":"https:\/\/www.hashtag.al\/index.php\/wp-json\/wp\/v2\/tags?post=583300"}],"curies":[{"name":"wp","href":"https:\/\/api.w.org\/{rel}","templated":true}]}}