{"id":583102,"date":"2023-03-06T09:22:46","date_gmt":"2023-03-06T08:22:46","guid":{"rendered":"https:\/\/www.hashtag.al\/?p=583102"},"modified":"2023-03-06T09:22:46","modified_gmt":"2023-03-06T08:22:46","slug":"ishte-shpallur-ne-kerkim-kapet-34-vjecari-ne-durres","status":"publish","type":"post","link":"https:\/\/www.hashtag.al\/index.php\/2023\/03\/06\/ishte-shpallur-ne-kerkim-kapet-34-vjecari-ne-durres\/","title":{"rendered":"Ishte shpallur n\u00eb k\u00ebrkim, kapet 34-vje\u00e7ari n\u00eb Durr\u00ebs","gt_translate_keys":[{"key":"rendered","format":"text"}]},"content":{"rendered":"<p><img loading=\"lazy\" decoding=\"async\" class=\"aligncenter size-full wp-image-583103\" src=\"https:\/\/www.hashtag.al\/wp-content\/uploads\/2023\/03\/durres.jpg\" alt=\"\" width=\"1058\" height=\"574\" srcset=\"https:\/\/www.hashtag.al\/wp-content\/uploads\/2023\/03\/durres.jpg 1058w, https:\/\/www.hashtag.al\/wp-content\/uploads\/2023\/03\/durres-300x163.jpg 300w, https:\/\/www.hashtag.al\/wp-content\/uploads\/2023\/03\/durres-1024x556.jpg 1024w, https:\/\/www.hashtag.al\/wp-content\/uploads\/2023\/03\/durres-768x417.jpg 768w\" sizes=\"auto, (max-width: 1058px) 100vw, 1058px\" \/><\/p>\n<p><span style=\"color: #000000;\">Nj\u00eb 34-vje\u00e7ar \u00ebsht\u00eb arrestuar n\u00eb Durr\u00ebs pasi ishte shpallur n\u00eb k\u00ebrkim p\u00ebr shitje l\u00ebnd\u00ebsh narkotike.<\/span><\/p>\n<p><span style=\"color: #000000;\"> Sipas policis\u00eb, i riu banues n\u00eb fshatin Shahin\u00eb t\u00eb Durr\u00ebsit, kishte lidhje me nj\u00eb sasi l\u00ebnd\u00eb narkotike t\u00eb kapur rreth nj\u00eb vit m\u00eb par\u00eb.<\/span><\/p>\n<p><span style=\"color: #000000;\"><strong>Njoftimi<\/strong><\/span><\/p>\n<p><span style=\"color: #000000;\"><em>\u201cFinalizohet operacioni policor i koduar \u201cPjes\u00ebtari\u201d, pas nj\u00eb hetimi 17-mujor me metoda speciale hetimi.<\/em><\/span><\/p>\n<p><span style=\"color: #000000;\"><em>Kapet dhe vihet n\u00eb pranga pjes\u00ebtari i nj\u00eb grupi kriminal.<\/em><\/span><\/p>\n<p><span style=\"color: #000000;\"><em>34 vje\u00e7ari, i d\u00ebnuar m\u00eb par\u00eb p\u00ebr arm\u00ebmbajtje pa leje dhe p\u00ebr vjedhje, ishte i shpallur n\u00eb k\u00ebrkim, n\u00eb kuad\u00ebr t\u00eb procedimit penal t\u00eb nisur n\u00eb shtator t\u00eb vitit 2021, p\u00ebr nj\u00eb s\u00ebr\u00eb veprash penale n\u00eb fush\u00ebn e narkotik\u00ebve, arm\u00ebmbajtjes pa leje dhe sigurimit t\u00eb kushteve dhe mjeteve p\u00ebr t\u00eb kryer vrasje.<\/em><\/span><\/p>\n<p><span style=\"color: #000000;\"><em>Strukturat hetimore dhe operacionale t\u00eb Drejtoris\u00eb Vendore t\u00eb Policis\u00eb Durr\u00ebs, n\u00eb kuad\u00ebr t\u00eb operacionit policor t\u00eb koduar \u201cPjes\u00ebtari\u201d, kap\u00ebn dhe vun\u00eb n\u00eb pranga shtetasin e shpallur n\u00eb k\u00ebrkim D. Sh., 34 vje\u00e7, banues n\u00eb fshatin Shahin\u00eb, Durr\u00ebs.<\/em><\/span><\/p>\n<p><span style=\"color: #000000;\"><em>Ky shtetas ishte i shpallur n\u00eb k\u00ebrkim n\u00eb kuad\u00ebr t\u00eb procedimit penal t\u00eb nisur n\u00eb vitin 2021, mbi baz\u00ebn e informacioneve t\u00eb siguruara nga strukturat hetimore t\u00eb DVP Durr\u00ebs dhe m\u00eb pas t\u00eb referuara n\u00eb Prokurori, ku u regjistrua nj\u00eb procedim penal p\u00ebr k\u00ebt\u00eb rast.<\/em><\/span><\/p>\n<p><span style=\"color: #000000;\"><em>Nga hetimet e kryera gjat\u00eb k\u00ebtij procedimi, u siguruan prova se ky shtetas ishte pjes\u00ebtar i nj\u00eb grupi kriminal n\u00eb Durr\u00ebs dhe se ushtronte veprimtarin\u00eb kriminale t\u00eb shp\u00ebrndarjes s\u00eb drogave t\u00eb forta, kryesisht t\u00eb l\u00ebnd\u00ebs narkotike heroin\u00eb. N\u00eb nj\u00eb nga episodet, konkretisht m\u00eb dat\u00eb 04.04.2022, \u00ebsht\u00eb arrestuar n\u00eb Vlor\u00eb, shtetasi P. H., dhe ka rezultuar se l\u00ebnd\u00ebn narkotike t\u00eb llojit heroin\u00eb q\u00eb iu gjet k\u00ebtij shtetasi, ia ka shitur shtetasi D. Sh.<\/em><\/span><\/p>\n<p><span style=\"color: #000000;\"><em>P\u00ebr k\u00ebt\u00eb shtetas, Prokuroria pran\u00eb Gjykat\u00ebs s\u00eb Rrethit Gjyq\u00ebsor Durr\u00ebs, bazuar n\u00eb provat e siguruara nga hetimi, m\u00eb dat\u00eb 01.03.2023, kishte l\u00ebshuar urdh\u00ebr ndalimi, p\u00ebr veprat e m\u00ebsip\u00ebrme penale.<\/em><\/span><\/p>\n<p><span style=\"color: #000000;\"><em>N\u00eb drejtimin e Prokuroris\u00eb pran\u00eb Gjykat\u00ebs s\u00eb Rrethit Gjyq\u00ebsor Durr\u00ebs, vijon puna p\u00ebr dokumentimin e plot\u00eb ligjor t\u00eb veprimtaris\u00eb kriminale t\u00eb kryer nga ky shtetas, kryesisht t\u00eb shp\u00ebrndarjes s\u00eb drogave t\u00eb forta, t\u00eb veprimeve t\u00eb kryera p\u00ebr llogari t\u00eb grupit kriminal, p\u00ebr sigurimin e kushteve dhe mjeteve p\u00ebr t\u00eb kryer vrasje, si dhe p\u00ebr arm\u00ebmbajtje pa leje.\u201d<\/em><\/span><\/p>\n","protected":false,"gt_translate_keys":[{"key":"rendered","format":"html"}]},"excerpt":{"rendered":"<p>Nj\u00eb 34-vje\u00e7ar \u00ebsht\u00eb arrestuar n\u00eb Durr\u00ebs pasi ishte shpallur n\u00eb k\u00ebrkim p\u00ebr shitje l\u00ebnd\u00ebsh narkotike. Sipas policis\u00eb, i riu banues n\u00eb fshatin Shahin\u00eb t\u00eb Durr\u00ebsit, kishte lidhje me nj\u00eb sasi l\u00ebnd\u00eb narkotike t\u00eb kapur rreth nj\u00eb vit m\u00eb par\u00eb. Njoftimi \u201cFinalizohet operacioni policor i koduar \u201cPjes\u00ebtari\u201d, pas nj\u00eb hetimi 17-mujor me metoda speciale hetimi. Kapet [&hellip;]<\/p>\n","protected":false,"gt_translate_keys":[{"key":"rendered","format":"html"}]},"author":51,"featured_media":583103,"comment_status":"closed","ping_status":"closed","sticky":false,"template":"","format":"standard","meta":{"footnotes":""},"categories":[65,13],"tags":[],"class_list":["post-583102","post","type-post","status-publish","format-standard","has-post-thumbnail","hentry","category-lajme","category-te-fundit"],"gt_translate_keys":[{"key":"link","format":"url"}],"_links":{"self":[{"href":"https:\/\/www.hashtag.al\/index.php\/wp-json\/wp\/v2\/posts\/583102","targetHints":{"allow":["GET"]}}],"collection":[{"href":"https:\/\/www.hashtag.al\/index.php\/wp-json\/wp\/v2\/posts"}],"about":[{"href":"https:\/\/www.hashtag.al\/index.php\/wp-json\/wp\/v2\/types\/post"}],"author":[{"embeddable":true,"href":"https:\/\/www.hashtag.al\/index.php\/wp-json\/wp\/v2\/users\/51"}],"replies":[{"embeddable":true,"href":"https:\/\/www.hashtag.al\/index.php\/wp-json\/wp\/v2\/comments?post=583102"}],"version-history":[{"count":0,"href":"https:\/\/www.hashtag.al\/index.php\/wp-json\/wp\/v2\/posts\/583102\/revisions"}],"wp:featuredmedia":[{"embeddable":true,"href":"https:\/\/www.hashtag.al\/index.php\/wp-json\/wp\/v2\/media\/583103"}],"wp:attachment":[{"href":"https:\/\/www.hashtag.al\/index.php\/wp-json\/wp\/v2\/media?parent=583102"}],"wp:term":[{"taxonomy":"category","embeddable":true,"href":"https:\/\/www.hashtag.al\/index.php\/wp-json\/wp\/v2\/categories?post=583102"},{"taxonomy":"post_tag","embeddable":true,"href":"https:\/\/www.hashtag.al\/index.php\/wp-json\/wp\/v2\/tags?post=583102"}],"curies":[{"name":"wp","href":"https:\/\/api.w.org\/{rel}","templated":true}]}}