{"id":582798,"date":"2023-03-04T12:57:08","date_gmt":"2023-03-04T11:57:08","guid":{"rendered":"https:\/\/www.hashtag.al\/?p=582798"},"modified":"2023-03-04T12:57:08","modified_gmt":"2023-03-04T11:57:08","slug":"berisha-vendimi-do-dergohet-per-rekurs-ne-gjykaten-e-larte-dhe-ne-gjykaten-nderkombetare","status":"publish","type":"post","link":"https:\/\/www.hashtag.al\/index.php\/2023\/03\/04\/berisha-vendimi-do-dergohet-per-rekurs-ne-gjykaten-e-larte-dhe-ne-gjykaten-nderkombetare\/","title":{"rendered":"Berisha: Vendimi do d\u00ebrgohet p\u00ebr rekurs n\u00eb Gjykat\u00ebn e Lart\u00eb dhe n\u00eb Gjykat\u00ebn Nd\u00ebrkomb\u00ebtare","gt_translate_keys":[{"key":"rendered","format":"text"}]},"content":{"rendered":"<p><span style=\"color: #000000;\"><a style=\"color: #000000;\" href=\"https:\/\/www.hashtag.al\/wp-content\/uploads\/2023\/03\/berisha-mbledhje-kryesie-2-768x512-1.jpg\"><img loading=\"lazy\" decoding=\"async\" class=\"aligncenter size-full wp-image-582799\" src=\"https:\/\/www.hashtag.al\/wp-content\/uploads\/2023\/03\/berisha-mbledhje-kryesie-2-768x512-1.jpg\" alt=\"\" width=\"768\" height=\"512\" srcset=\"https:\/\/www.hashtag.al\/wp-content\/uploads\/2023\/03\/berisha-mbledhje-kryesie-2-768x512-1.jpg 768w, https:\/\/www.hashtag.al\/wp-content\/uploads\/2023\/03\/berisha-mbledhje-kryesie-2-768x512-1-300x200.jpg 300w\" sizes=\"auto, (max-width: 768px) 100vw, 768px\" \/><\/a><\/span><\/p>\n<p>&nbsp;<\/p>\n<p><span style=\"color: #000000;\">Sali Berisha ka treguar hapin e radh\u00ebs q\u00eb do t\u00eb nd\u00ebrmarr\u00eb p\u00ebr t\u00eb fituar vul\u00ebn e PD-s\u00eb, duke kund\u00ebrshtuar k\u00ebshtu vendimin e Gjykat\u00ebs s\u00eb Apelit q\u00eb u dha dje.<\/span><\/p>\n<p><span style=\"color: #000000;\">Berisha tha se vendimi n\u00eb t\u00ebr\u00ebsi i jurist\u00ebve \u00ebsht\u00eb q\u00eb vendimi t\u00eb d\u00ebrgohet p\u00ebr rekurs n\u00eb Gjykat\u00ebn e Lart\u00eb dhe m\u00eb tej n\u00eb Gjykat\u00ebn Nd\u00ebrkomb\u00ebtare, por si rregull duhet t\u00eb ezaurohen gjykatat e vendit m\u00eb par\u00eb.<\/span><\/p>\n<p><span style=\"color: #000000;\">\u201c<em>Do diskutojm\u00eb n\u00eb mbledhje e forume, por duhet tju njoftoj se vendimi n\u00eb t\u00ebr\u00ebsi i jurist\u00ebve \u00ebsht\u00eb q\u00eb ky akt, ky vendim t\u00eb d\u00ebrgohet p\u00ebr rekurs n\u00eb Gjykat\u00ebn e Lart\u00eb. Njer\u00ebzit mund t\u00eb habiten si ta d\u00ebrgojm\u00eb tek Sadushi, do k\u00ebrkojm\u00eb p\u00ebrjashtimin e tij nga gjykimi, nuk presim asgj\u00eb tjet\u00ebr se aty \u00ebsht\u00eb po ky, por ne do ndjekim procedur\u00ebn n\u00eb Gjykat\u00ebn Nd\u00ebrkomb\u00ebtare.<\/em><\/span><\/p>\n<p><span style=\"color: #000000;\"><em>Nuk ka ndodhur q\u00eb n\u00eb nj\u00eb vend t\u00eb lir\u00eb t\u00eb shpallet pal\u00eb ajo q\u00eb nuk \u00ebsht\u00eb pal\u00eb.<\/em><\/span><\/p>\n<p><span style=\"color: #000000;\"><em>Por rregulli p\u00ebr ta d\u00ebrguar n\u00eb gjykat\u00eb nd\u00ebrkomb\u00ebtare \u00c7\u00ebshtjen k\u00ebrkon t\u00eb ezaurohen shkall\u00ebt e gjykatave t\u00eb vendit.\u201d<\/em> tha Berisha.<\/span><\/p>\n","protected":false,"gt_translate_keys":[{"key":"rendered","format":"html"}]},"excerpt":{"rendered":"<p>&nbsp; Sali Berisha ka treguar hapin e radh\u00ebs q\u00eb do t\u00eb nd\u00ebrmarr\u00eb p\u00ebr t\u00eb fituar vul\u00ebn e PD-s\u00eb, duke kund\u00ebrshtuar k\u00ebshtu vendimin e Gjykat\u00ebs s\u00eb Apelit q\u00eb u dha dje. Berisha tha se vendimi n\u00eb t\u00ebr\u00ebsi i jurist\u00ebve \u00ebsht\u00eb q\u00eb vendimi t\u00eb d\u00ebrgohet p\u00ebr rekurs n\u00eb Gjykat\u00ebn e Lart\u00eb dhe m\u00eb tej n\u00eb Gjykat\u00ebn Nd\u00ebrkomb\u00ebtare, [&hellip;]<\/p>\n","protected":false,"gt_translate_keys":[{"key":"rendered","format":"html"}]},"author":30,"featured_media":582799,"comment_status":"closed","ping_status":"closed","sticky":false,"template":"","format":"standard","meta":{"footnotes":""},"categories":[65],"tags":[],"class_list":["post-582798","post","type-post","status-publish","format-standard","has-post-thumbnail","hentry","category-lajme"],"gt_translate_keys":[{"key":"link","format":"url"}],"_links":{"self":[{"href":"https:\/\/www.hashtag.al\/index.php\/wp-json\/wp\/v2\/posts\/582798","targetHints":{"allow":["GET"]}}],"collection":[{"href":"https:\/\/www.hashtag.al\/index.php\/wp-json\/wp\/v2\/posts"}],"about":[{"href":"https:\/\/www.hashtag.al\/index.php\/wp-json\/wp\/v2\/types\/post"}],"author":[{"embeddable":true,"href":"https:\/\/www.hashtag.al\/index.php\/wp-json\/wp\/v2\/users\/30"}],"replies":[{"embeddable":true,"href":"https:\/\/www.hashtag.al\/index.php\/wp-json\/wp\/v2\/comments?post=582798"}],"version-history":[{"count":0,"href":"https:\/\/www.hashtag.al\/index.php\/wp-json\/wp\/v2\/posts\/582798\/revisions"}],"wp:featuredmedia":[{"embeddable":true,"href":"https:\/\/www.hashtag.al\/index.php\/wp-json\/wp\/v2\/media\/582799"}],"wp:attachment":[{"href":"https:\/\/www.hashtag.al\/index.php\/wp-json\/wp\/v2\/media?parent=582798"}],"wp:term":[{"taxonomy":"category","embeddable":true,"href":"https:\/\/www.hashtag.al\/index.php\/wp-json\/wp\/v2\/categories?post=582798"},{"taxonomy":"post_tag","embeddable":true,"href":"https:\/\/www.hashtag.al\/index.php\/wp-json\/wp\/v2\/tags?post=582798"}],"curies":[{"name":"wp","href":"https:\/\/api.w.org\/{rel}","templated":true}]}}