{"id":582785,"date":"2023-03-04T11:38:47","date_gmt":"2023-03-04T10:38:47","guid":{"rendered":"https:\/\/www.hashtag.al\/?p=582785"},"modified":"2023-03-04T11:38:47","modified_gmt":"2023-03-04T10:38:47","slug":"meta-rama-tregoi-panik-ti-shuaje-shpresat-per-mospjesemarrjen-e-opozites-ne-zgjedhje","status":"publish","type":"post","link":"https:\/\/www.hashtag.al\/index.php\/2023\/03\/04\/meta-rama-tregoi-panik-ti-shuaje-shpresat-per-mospjesemarrjen-e-opozites-ne-zgjedhje\/","title":{"rendered":"Meta: Rama tregoi panik, t\u2019i shuaj\u00eb shpresat p\u00ebr mospjes\u00ebmarrjen e opozit\u00ebs n\u00eb zgjedhje","gt_translate_keys":[{"key":"rendered","format":"text"}]},"content":{"rendered":"<p><span style=\"color: #000000;\"><a style=\"color: #000000;\" href=\"https:\/\/www.hashtag.al\/wp-content\/uploads\/2023\/03\/ilir-meta-2-768x499-1.jpg\"><img loading=\"lazy\" decoding=\"async\" class=\"aligncenter size-full wp-image-582786\" src=\"https:\/\/www.hashtag.al\/wp-content\/uploads\/2023\/03\/ilir-meta-2-768x499-1.jpg\" alt=\"\" width=\"768\" height=\"499\" srcset=\"https:\/\/www.hashtag.al\/wp-content\/uploads\/2023\/03\/ilir-meta-2-768x499-1.jpg 768w, https:\/\/www.hashtag.al\/wp-content\/uploads\/2023\/03\/ilir-meta-2-768x499-1-300x195.jpg 300w\" sizes=\"auto, (max-width: 768px) 100vw, 768px\" \/><\/a><\/span><\/p>\n<p><span style=\"color: #000000;\">Kreu i Partis\u00eb s\u00eb Liris\u00eb, Ilir Meta, n\u00eb nj\u00eb takim me strukturat e Partis\u00eb s\u00eb Liris\u00eb n\u00eb Vaun e Dej\u00ebs, iu b\u00ebri thirrje mb\u00ebshtet\u00ebsve t\u00eb tij q\u00eb, dit\u00ebn e zgjedhjeve t\u00eb 14 majit, ta kthejn\u00eb n\u00eb referendum.<\/span><\/p>\n<p><span style=\"color: #000000;\">Ai tha se Rama duhet t\u2019i shuaj\u00eb shpresat n\u00ebse mendon se opozita s\u2019do t\u00eb marr\u00eb pjes\u00eb n\u00eb zgjedhje, duke vazhduar se pushteti aktual vendor \u00ebsht\u00eb monist dhe diskriminues.<\/span><\/p>\n<p><span style=\"color: #000000;\"><em>\u201cPor p\u00ebrmes k\u00ebtij akti kaq brutal q\u00eb ka shokuar \u00e7do njeri q\u00eb ka njohurit\u00eb m\u00eb minimale ne jurisprudenc\u00eb, Rama tregoi panikun e thell\u00eb n\u00eb t\u00eb cilin \u00ebsht\u00eb nga zgjedhjet q\u00eb po vijn\u00eb, nga opozita e v\u00ebrtet\u00eb, deligjitimoi t\u00ebr\u00ebsisht qeverisjen e vet. \u00c7do shpres\u00eb e tij se opozita do mungoj\u00eb n\u00eb 14 maj t\u00eb jet\u00eb qart\u00ebsisht e shuar p\u00ebr cilindo, opozita do jet\u00eb m\u00eb 14 maj te qendrat e votimit, do i kthej\u00eb zgjedhjet e 14 majit n\u00eb nj\u00eb referendum p\u00ebr pluralizmin n\u00eb Shqip\u00ebri. Kemi nj\u00eb pushtet vendor monist, nj\u00eb pushtet vendor diskriminues e jo transparent\u201d, <\/em>tha Meta.<\/span><\/p>\n","protected":false,"gt_translate_keys":[{"key":"rendered","format":"html"}]},"excerpt":{"rendered":"<p>Kreu i Partis\u00eb s\u00eb Liris\u00eb, Ilir Meta, n\u00eb nj\u00eb takim me strukturat e Partis\u00eb s\u00eb Liris\u00eb n\u00eb Vaun e Dej\u00ebs, iu b\u00ebri thirrje mb\u00ebshtet\u00ebsve t\u00eb tij q\u00eb, dit\u00ebn e zgjedhjeve t\u00eb 14 majit, ta kthejn\u00eb n\u00eb referendum. Ai tha se Rama duhet t\u2019i shuaj\u00eb shpresat n\u00ebse mendon se opozita s\u2019do t\u00eb marr\u00eb pjes\u00eb n\u00eb zgjedhje, [&hellip;]<\/p>\n","protected":false,"gt_translate_keys":[{"key":"rendered","format":"html"}]},"author":30,"featured_media":582786,"comment_status":"closed","ping_status":"closed","sticky":false,"template":"","format":"standard","meta":{"footnotes":""},"categories":[65],"tags":[],"class_list":["post-582785","post","type-post","status-publish","format-standard","has-post-thumbnail","hentry","category-lajme"],"gt_translate_keys":[{"key":"link","format":"url"}],"_links":{"self":[{"href":"https:\/\/www.hashtag.al\/index.php\/wp-json\/wp\/v2\/posts\/582785","targetHints":{"allow":["GET"]}}],"collection":[{"href":"https:\/\/www.hashtag.al\/index.php\/wp-json\/wp\/v2\/posts"}],"about":[{"href":"https:\/\/www.hashtag.al\/index.php\/wp-json\/wp\/v2\/types\/post"}],"author":[{"embeddable":true,"href":"https:\/\/www.hashtag.al\/index.php\/wp-json\/wp\/v2\/users\/30"}],"replies":[{"embeddable":true,"href":"https:\/\/www.hashtag.al\/index.php\/wp-json\/wp\/v2\/comments?post=582785"}],"version-history":[{"count":0,"href":"https:\/\/www.hashtag.al\/index.php\/wp-json\/wp\/v2\/posts\/582785\/revisions"}],"wp:featuredmedia":[{"embeddable":true,"href":"https:\/\/www.hashtag.al\/index.php\/wp-json\/wp\/v2\/media\/582786"}],"wp:attachment":[{"href":"https:\/\/www.hashtag.al\/index.php\/wp-json\/wp\/v2\/media?parent=582785"}],"wp:term":[{"taxonomy":"category","embeddable":true,"href":"https:\/\/www.hashtag.al\/index.php\/wp-json\/wp\/v2\/categories?post=582785"},{"taxonomy":"post_tag","embeddable":true,"href":"https:\/\/www.hashtag.al\/index.php\/wp-json\/wp\/v2\/tags?post=582785"}],"curies":[{"name":"wp","href":"https:\/\/api.w.org\/{rel}","templated":true}]}}