{"id":582384,"date":"2023-03-01T23:23:12","date_gmt":"2023-03-01T22:23:12","guid":{"rendered":"https:\/\/www.hashtag.al\/?p=582384"},"modified":"2023-03-01T23:23:12","modified_gmt":"2023-03-01T22:23:12","slug":"si-i-shfrytezoi-propaganda-qeveritare-reporteret-pa-kufij-kunder-lapsi-al","status":"publish","type":"post","link":"https:\/\/www.hashtag.al\/index.php\/2023\/03\/01\/si-i-shfrytezoi-propaganda-qeveritare-reporteret-pa-kufij-kunder-lapsi-al\/","title":{"rendered":"Si i shfryt\u00ebzoi propaganda qeveritare \u201cReporter\u00ebt pa kufij\u201d kund\u00ebr Lapsi.al","gt_translate_keys":[{"key":"rendered","format":"text"}]},"content":{"rendered":"<p><span style=\"color: #000000;\"><a style=\"color: #000000;\" href=\"https:\/\/www.hashtag.al\/wp-content\/uploads\/2023\/03\/reporteret.jpg\"><img loading=\"lazy\" decoding=\"async\" class=\"aligncenter size-full wp-image-582385\" src=\"https:\/\/www.hashtag.al\/wp-content\/uploads\/2023\/03\/reporteret.jpg\" alt=\"\" width=\"1079\" height=\"586\" srcset=\"https:\/\/www.hashtag.al\/wp-content\/uploads\/2023\/03\/reporteret.jpg 1079w, https:\/\/www.hashtag.al\/wp-content\/uploads\/2023\/03\/reporteret-300x163.jpg 300w, https:\/\/www.hashtag.al\/wp-content\/uploads\/2023\/03\/reporteret-1024x556.jpg 1024w, https:\/\/www.hashtag.al\/wp-content\/uploads\/2023\/03\/reporteret-768x417.jpg 768w\" sizes=\"auto, (max-width: 1079px) 100vw, 1079px\" \/><\/a><\/span><\/p>\n<p><span style=\"color: #000000;\">T\u00eb mart\u00ebn n\u00eb mbr\u00ebmje i gjith\u00eb shtypi q\u00eb merr porosi nga zyra e shtypit e kryeministrit u mbush me tituj kund\u00ebr Lapsi.al. Si gjithnj\u00eb ato kishin shumica t\u00eb nj\u00ebjtin tekst dhe t\u00eb nj\u00ebjtin titull. Pra ishin shp\u00ebrndar\u00eb nga nj\u00eb dor\u00eb e vetme. T\u00eb gjitha i referoheshin nj\u00eb reagimi q\u00eb organizata Reporter\u00ebt pa kufij b\u00ebnte ndaj nj\u00eb shkrimi t\u00eb Lapsi.al.<\/span><\/p>\n<p><span style=\"color: #000000;\">Po \u00e7\u2019ka ndodhur?<\/span><\/p>\n<p><span style=\"color: #000000;\">Pak dit\u00eb m\u00eb par\u00eb Lapsi.al botoi nj\u00eb shkrim ku, sipas burimeve tona t\u00eb sigurta Edi Rama, i fshikulluar si armik i shtypit t\u00eb lir\u00eb nga shum\u00eb organizata t\u00eb liris\u00eb s\u00eb fjal\u00ebs, po tentonte t\u00eb regullonte imazhin e tij nd\u00ebrkomb\u00ebtar. Nj\u00eb burim i mir\u00ebinformuar brenda kryeministris\u00eb na pohoi se zyra e shtypit dhe k\u00ebshilltar\u00ebt m\u00eb t\u00eb af\u00ebrt t\u00eb kryeministrit po merreshin drejtp\u00ebrdrejt me organizimin e nj\u00eb konference q\u00eb kishte k\u00ebt\u00eb q\u00ebllim, p\u00ebrmir\u00ebsimin e pozit\u00ebs s\u00eb kryeministrit n\u00eb raport me lirin\u00eb e mediave. Lapsi.al pa nj\u00eb draft q\u00eb qarkullonte n\u00eb kabinetin Rama, ku b\u00ebhej plani i pjes\u00ebmarrjes n\u00eb k\u00ebt\u00eb aktivitet.<\/span><\/p>\n<p><span style=\"color: #000000;\">Ky informacion, si dhe fakti se n\u00eb n\u00ebntor t\u00eb vitit t\u00eb kaluar kryeministri ishte takuar n\u00eb Paris me shefin e \u201cReporter\u00ebve pa kufij\u201d, Christophe Deloire, ku sipas raportimeve t\u00eb njer\u00ebzve pran\u00eb tij ishte diskutuar kjo ide, u raportuan n\u00eb artikullin e m\u00ebsip\u00ebrm.<\/span><\/p>\n<p><span style=\"color: #000000;\">Sikurse gjithkush mundet ta lexoj\u00eb tek linku lart, n\u00eb shkrim filtej p\u00ebr tentativa t\u00eb Edi Ram\u00ebs p\u00ebr ta ndikuar pun\u00ebn e organizat\u00ebs prestigjoze \u201cReporters sans Frontieres\u201d. Aty tregohej se vitin e kaluar n\u00eb klasifikimin e liris\u00eb s\u00eb mediave q\u00eb b\u00ebn kjo organizat\u00eb, Shqip\u00ebria pati humbur 20 vende n\u00eb klasifikim, duke u renditur e 103 n\u00eb bot\u00eb. Pra thuhej hapur se q\u00ebllimi i kryeministrit me projektin q\u00eb po gatuante, ishte retushimi i imazhit t\u00eb tij. Por ama n\u00eb shkrim nuk aludohej asnj\u00ebher\u00eb p\u00ebr faktin se k\u00ebto p\u00ebr\u00e7apje ia kan\u00eb arritur ta influencojn\u00eb k\u00ebt\u00eb organizat\u00eb.<\/span><\/p>\n<p><span style=\"color: #000000;\">Pavar\u00ebsisht k\u00ebsaj, \u201cReporter\u00ebt pa kufij\u201d kan\u00eb sjell\u00eb nj\u00eb p\u00ebrg\u00ebnjeshtrim n\u00eb redaksin\u00eb e Lapsi.al q\u00eb ne po e botojm\u00eb t\u00eb plot\u00eb (Posht\u00eb). Aty v\u00ebrehen dy gj\u00ebra. E para, ku thuhet se artikulli p\u00ebrmban informacione t\u00eb pav\u00ebrteta. Dhe e dyta ku b\u00ebhet v\u00ebrejtja se p\u00ebrse nuk ishin kontaktuar \u201cReporter\u00ebt\u2026\u201d p\u00ebrpara botimit t\u00eb shkrimit. Ne insistuam me organizat\u00ebn dhe nuk arrit\u00ebm t\u00eb merrnim vesh kurr\u00eb, sikurse lexohet edhe n\u00eb reagimin e saj, se n\u00eb \u00e7\u2019pjes\u00eb konkrete t\u00eb shkrimit ton\u00eb gjendeshin \u201cfakte t\u00eb pav\u00ebrteta\u201d. N\u00ebse \u201cReporter\u00ebt\u2026\u201d i referohen pjes\u00ebs ku citohet biseda e Ram\u00ebs me Christophe Deloire, ato jan\u00eb raportuar nga burime pran\u00eb kryeministrit. Pastaj t\u00eb nj\u00ebjtat gj\u00ebra shefi i qeveris\u00eb i ka p\u00ebrs\u00ebritur edhe n\u00eb nj\u00eb takim n\u00eb Tiran\u00eb me 7 organizata prestigjoze t\u00eb liris\u00eb s\u00eb mediave, ku ai \u00ebsht\u00eb ankuar kund\u00ebr oligark\u00ebve q\u00eb drejtojn\u00eb shtypin shqiptar, sikur ata jan\u00eb kund\u00ebr tij dhe ka k\u00ebrkuar ndihm\u00eb se si mund t\u00eb rregullohet kjo gj\u00ebndje. Pra k\u00ebtu nuk ka ndonj\u00eb risi p\u00ebr t\u00eb cil\u00ebn duhej nj\u00eb konfirmim q\u00eb ekziston n\u00eb m\u00eb shum\u00eb sesa nj\u00eb burim.<\/span><\/p>\n<p><span style=\"color: #000000;\">E dyta pse nuk i pyet\u00ebm \u201cReporters sans frontieres\u201d? Pasi k\u00ebndv\u00ebshtrimi i artikullit ishte p\u00ebr tentativat p\u00ebr manipulim q\u00eb po b\u00ebn kryeministri dhe aspak nuk vinte n\u00eb dyshim reputacionin e nj\u00eb prej organizatave m\u00eb serioze t\u00eb k\u00ebsaj l\u00ebmie n\u00eb glob.<\/span><\/p>\n<p><span style=\"color: #000000;\">Ndon\u00ebse, pas komunikimeve t\u00eb vazhdueshme me \u201cReporter\u00ebt\u2026\u201d, ende nuk e kemi t\u00eb qart\u00eb se \u00e7far\u00eb ka t\u00eb pasakt\u00eb n\u00eb shkrimin e botuar prej nesh, <span style=\"color: #3366ff;\"><a style=\"color: #3366ff;\" href=\"https:\/\/lapsi.al\/\">lapsi.al<\/a><\/span>, duke respektuar t\u00eb drejt\u00ebn e organizat\u00ebs p\u00ebr t\u00eb dh\u00ebn\u00eb k\u00ebndv\u00ebshtrimin e saj mbi k\u00ebt\u00eb shkrim, vendosi ta botoj\u00eb t\u00eb plot\u00eb reagimin.<\/span><\/p>\n<p><span style=\"color: #000000;\">Por n\u00eb k\u00ebt\u00eb moment ndodhi \u00e7udia. T\u00eb gjitha mediat e propagand\u00ebs s\u00eb zakonshme qeveritare, botuan n\u00eb krye t\u00eb faqeve t\u00eb tyre reagimin e organizat\u00ebs \u201cReporter\u00ebt pa kufij\u201d. Nj\u00eb rast pa precedent n\u00eb glob, ku gazeta q\u00eb as e kishin prekur k\u00ebt\u00eb tem\u00eb, nxituan t\u00eb botojn\u00eb t\u00eb plot\u00eb, reagimin q\u00eb drejtohej ndaj nje media tjet\u00ebr.<\/span><\/p>\n<p><span style=\"color: #000000;\">Gjith\u00e7ka ngjante si e p\u00ebrpunuar nga i nj\u00ebjti shtab q\u00eb po tenton t\u00eb organizoj\u00eb konferenc\u00ebn e retushimit t\u00eb imazhit t\u00eb Ram\u00ebs. Dhe m\u00eb e bukura \u00ebsht\u00eb se drejtuesit e Lapsi.al ia b\u00ebn\u00eb t\u00eb qart\u00eb paraprakisht bashk\u00ebbiseduesve t\u00eb tyre tek Reporter\u00ebt pa kufij, se reagimi i tyre do t\u00eb sh\u00ebrbente vet\u00ebm p\u00ebr k\u00ebt\u00eb q\u00ebllim.<\/span><\/p>\n<p><span style=\"color: #000000;\">Gjithsesi, sipas informacioneve t\u00eb Lapsi.al, konferenca dhe dialogu i k\u00ebrkuar nga Rama, qoft\u00eb dhe duke qen\u00eb nj\u00eb rast\u00ebsi, do t\u00eb zhvillohet n\u00eb Tiran\u00eb dhe k\u00ebt\u00eb e v\u00ebrteton dhe dokumenti q\u00eb ne disponojm\u00eb.<\/span><\/p>\n<p><span style=\"color: #000000;\">Shpresojm\u00eb v\u00ebrtet q\u00eb kjo konferenc\u00eb t\u2019i sh\u00ebrbej\u00eb p\u00ebrmir\u00ebsimit t\u00eb gjendjes katastrofike t\u00eb shtypit n\u00eb vend, ndon\u00ebse ne si Lapsi.al do e bojkotojm\u00eb at\u00eb sepse nuk vler\u00ebsojm\u00eb se duhet t\u00eb ulemi n\u00eb dialog me nj\u00eb politikan, q\u00eb vazhdon t\u00eb bullizoj\u00eb gazetar\u00ebt n\u00eb rrjetet e tij sociale dhe n\u00eb konferenca shtypi.<a style=\"color: #000000;\" href=\"https:\/\/lapsi.al\/2023\/02\/28\/reagimi-i-reporteres-sans-frontieres-per-artikullin-e-lapsi-al\/\">\u00a0<\/a><\/span><\/p>\n<p><span style=\"color: #000000;\">Shkrimi \u201cLiria e medias\/Si Rama po p\u00ebrpiqet t\u00eb manipuloj\u00eb Reporter\u00ebt pa Kufij\u201d i publikuar nga Lapsi.al m\u00eb 20 janar 2023 p\u00ebrmban shum\u00eb informacione te pav\u00ebrteta.<\/span><\/p>\n<p><span style=\"color: #000000;\">Reporter\u00ebt pa Kufij (RSF) shpreh keqardhjen q\u00eb Lapsi.al, botuesi i t\u00eb cilit Andi Bushati, nj\u00eb gazetar i respektuar qe ka vizituar zyrat tona m\u00eb 28 shtator 2022 dhe t\u00eb cilin RSF e takoi gjat\u00eb nj\u00eb misioni p\u00ebr lirin\u00eb e shtypit n\u00eb Tiran\u00eb m\u00eb 17 n\u00ebntor 2022, nuk e kontaktoi organizat\u00ebn p\u00ebrpara se te publikonte artikullin e saj.<\/span><\/p>\n<p><span style=\"color: #000000;\">Reporter\u00ebt pa Kufij (RSF) si organizat\u00eb i merr vendimet n\u00eb m\u00ebnyr\u00eb t\u00eb pavarur dhe b\u00ebn vet\u00ebm at\u00eb q\u00eb ka p\u00ebr synim (dmth ndjek vet\u00ebm politikat e veta). N\u00eb artikull thuhet konkretisht se kryeministri shqiptar Edi Rama i ka k\u00ebrkuar Sekretarit t\u00eb P\u00ebrgjithsh\u00ebm t\u00eb RSF-s\u00eb, Christophe Deloire, \u201cfillimin e nj\u00eb procesi p\u00ebr rregullimin e mediave duke startuar me nj\u00eb konferenc\u00eb pompoze n\u00eb Tiran\u00eb\u201d.<\/span><\/p>\n<p><span style=\"color: #000000;\">RSF e ka zhvilluar projektin p\u00ebr t\u00eb promovuar lirin\u00eb e shtypit n\u00eb Shqip\u00ebri si dhe zbatimin e etik\u00ebs gazetareske, pa ia k\u00ebrkuar kryeministri. Organizata gjithashtu ka shprehur synimin e saj p\u00ebr t\u00eb promovuar zbatimin e masave mbrojt\u00ebse demokratike n\u00eb hap\u00ebsir\u00ebn dixhitale. \u00c7do aktivitet i RSF-s\u00eb kryhet n\u00eb pavar\u00ebsi t\u00eb plot\u00eb.<\/span><\/p>\n<p><span style=\"color: #000000;\">RSF \u00ebsht\u00eb nj\u00eb organizat\u00eb e pavarur joqeveritare e lir\u00eb nga \u00e7do ndikim i jasht\u00ebm, objektivi i vet\u00ebm i s\u00eb cil\u00ebs \u00ebsht\u00eb t\u00eb promovoj\u00eb lirin\u00eb, pavar\u00ebsin\u00eb dhe pluralizmin e gazetaris\u00eb. RSF angazhohet me qeverit\u00eb n\u00eb t\u00eb gjith\u00eb bot\u00ebn. Renditja e nj\u00eb vendi n\u00eb Indeksin Bot\u00ebror t\u00eb Liris\u00eb s\u00eb Shtypit nuk mund t\u00eb ndikohet nga asgj\u00eb.<\/span><\/p>\n<p><span style=\"color: #000000;\">M\u00eb 11 n\u00ebntor 2022, Z. Edi Rama mori pjes\u00eb n\u00eb nj\u00eb aktivitet publik t\u00eb organizuar nga Forumi p\u00ebr Informacionin dhe Demokracin\u00eb, iniciuar nga RSF, n\u00eb kuad\u00ebr t\u00eb Forumit t\u00eb Paqes n\u00eb Paris. Shqip\u00ebria ishte vendi i 50-t\u00eb q\u00eb iu bashkua Partneritetit nd\u00ebrqeveritar p\u00ebr Informacionin dhe Demokracin\u00eb. Shqip\u00ebria renditet e 103-ta n\u00eb edicionin e vitit 2022 t\u00eb Indeksit Bot\u00ebror t\u00eb Liris\u00eb s\u00eb Shtypit.<\/span><\/p>\n<p><strong><span style=\"color: #000000;\"><a style=\"color: #000000;\" href=\"https:\/\/lapsi.al\/2023\/02\/28\/reagimi-i-reporteres-sans-frontieres-per-artikullin-e-lapsi-al\/\">Reagimi i \u201cReporters sans frontieres\u201d p\u00ebr artikullin e Lapsi.al\u00a0<\/a><\/span><\/strong><\/p>\n<hr \/>\n<p><span style=\"color: #000000;\"><span style=\"color: #ff0000;\"><strong>VINI RE:<\/strong> <\/span>Artikulli \u00ebsht\u00eb pron\u00eb intelektuale e <a href=\"https:\/\/lapsi.al\/2023\/03\/01\/si-i-shfrytezoi-propaganda-qeveritare-reporteret-pa-kufij-kunder-lapsi-al\/\"><span style=\"color: #3366ff;\"><strong>Lapsi.al<\/strong><\/span><\/a><\/span><\/p>\n","protected":false,"gt_translate_keys":[{"key":"rendered","format":"html"}]},"excerpt":{"rendered":"<p>T\u00eb mart\u00ebn n\u00eb mbr\u00ebmje i gjith\u00eb shtypi q\u00eb merr porosi nga zyra e shtypit e kryeministrit u mbush me tituj kund\u00ebr Lapsi.al. Si gjithnj\u00eb ato kishin shumica t\u00eb nj\u00ebjtin tekst dhe t\u00eb nj\u00ebjtin titull. Pra ishin shp\u00ebrndar\u00eb nga nj\u00eb dor\u00eb e vetme. T\u00eb gjitha i referoheshin nj\u00eb reagimi q\u00eb organizata Reporter\u00ebt pa kufij b\u00ebnte ndaj [&hellip;]<\/p>\n","protected":false,"gt_translate_keys":[{"key":"rendered","format":"html"}]},"author":32,"featured_media":582385,"comment_status":"closed","ping_status":"closed","sticky":false,"template":"","format":"standard","meta":{"footnotes":""},"categories":[65,13],"tags":[],"class_list":["post-582384","post","type-post","status-publish","format-standard","has-post-thumbnail","hentry","category-lajme","category-te-fundit"],"gt_translate_keys":[{"key":"link","format":"url"}],"_links":{"self":[{"href":"https:\/\/www.hashtag.al\/index.php\/wp-json\/wp\/v2\/posts\/582384","targetHints":{"allow":["GET"]}}],"collection":[{"href":"https:\/\/www.hashtag.al\/index.php\/wp-json\/wp\/v2\/posts"}],"about":[{"href":"https:\/\/www.hashtag.al\/index.php\/wp-json\/wp\/v2\/types\/post"}],"author":[{"embeddable":true,"href":"https:\/\/www.hashtag.al\/index.php\/wp-json\/wp\/v2\/users\/32"}],"replies":[{"embeddable":true,"href":"https:\/\/www.hashtag.al\/index.php\/wp-json\/wp\/v2\/comments?post=582384"}],"version-history":[{"count":0,"href":"https:\/\/www.hashtag.al\/index.php\/wp-json\/wp\/v2\/posts\/582384\/revisions"}],"wp:featuredmedia":[{"embeddable":true,"href":"https:\/\/www.hashtag.al\/index.php\/wp-json\/wp\/v2\/media\/582385"}],"wp:attachment":[{"href":"https:\/\/www.hashtag.al\/index.php\/wp-json\/wp\/v2\/media?parent=582384"}],"wp:term":[{"taxonomy":"category","embeddable":true,"href":"https:\/\/www.hashtag.al\/index.php\/wp-json\/wp\/v2\/categories?post=582384"},{"taxonomy":"post_tag","embeddable":true,"href":"https:\/\/www.hashtag.al\/index.php\/wp-json\/wp\/v2\/tags?post=582384"}],"curies":[{"name":"wp","href":"https:\/\/api.w.org\/{rel}","templated":true}]}}