{"id":581906,"date":"2023-02-27T17:31:45","date_gmt":"2023-02-27T16:31:45","guid":{"rendered":"https:\/\/www.hashtag.al\/?p=581906"},"modified":"2023-02-27T17:31:45","modified_gmt":"2023-02-27T16:31:45","slug":"meta-rama-do-ndeshkohet-ne-menyren-me-shembullore","status":"publish","type":"post","link":"https:\/\/www.hashtag.al\/index.php\/2023\/02\/27\/meta-rama-do-ndeshkohet-ne-menyren-me-shembullore\/","title":{"rendered":"Meta: Rama do nd\u00ebshkohet n\u00eb m\u00ebnyr\u00ebn m\u00eb shembullore","gt_translate_keys":[{"key":"rendered","format":"text"}]},"content":{"rendered":"<p><span style=\"color: #000000;\"><a style=\"color: #000000;\" href=\"https:\/\/www.hashtag.al\/wp-content\/uploads\/2023\/02\/met1.png\"><img loading=\"lazy\" decoding=\"async\" class=\"aligncenter size-full wp-image-581907\" src=\"https:\/\/www.hashtag.al\/wp-content\/uploads\/2023\/02\/met1.png\" alt=\"\" width=\"1903\" height=\"1048\" srcset=\"https:\/\/www.hashtag.al\/wp-content\/uploads\/2023\/02\/met1.png 1903w, https:\/\/www.hashtag.al\/wp-content\/uploads\/2023\/02\/met1-300x165.png 300w, https:\/\/www.hashtag.al\/wp-content\/uploads\/2023\/02\/met1-1024x564.png 1024w, https:\/\/www.hashtag.al\/wp-content\/uploads\/2023\/02\/met1-768x423.png 768w, https:\/\/www.hashtag.al\/wp-content\/uploads\/2023\/02\/met1-1536x846.png 1536w\" sizes=\"auto, (max-width: 1903px) 100vw, 1903px\" \/><\/a><\/span><\/p>\n<p><span style=\"color: #000000;\">Kryetari i Partis\u00eb s\u00eb Liris\u00eb Ilir Meta ka deklaruar se kryeministri Edi Rama do t\u00eb nd\u00ebshkohet n\u00eb m\u00ebnyr\u00eb shembullore.<\/span><\/p>\n<p><span style=\"color: #000000;\">Meta e cil\u00ebsoi si t\u00eb pacip\u00eb kryeministrin Rama n\u00eb takimin e sot\u00ebm me kryeministrin e Malit t\u00eb Zi Abazovi\u00e7, kur i k\u00ebtkoi k\u00ebtij t\u00eb fundit, q\u00eb ai t\u00eb paguante m\u00eb shum\u00eb p\u00ebr ur\u00ebn mbi Bun\u00eb.<\/span><\/p>\n<p><span style=\"color: #000000;\">Meta vijoi se Shqip\u00ebria q\u00eb dikur kishte pagat mbi mesataren e rajonit, sot \u00ebsht\u00eb p\u00ebr faqe t\u00eb zez\u00eb, arsye kjo p\u00ebr largimin masiv t\u00eb shqiptar\u00ebve.<\/span><\/p>\n<p><span style=\"color: #000000;\">N\u00eb mbledhjen e kryesis\u00eb s\u00eb PL ai tha se an\u00ebtar\u00ebt e k\u00ebsaj partie dhe drejtuesit duhet t\u00eb nd\u00ebrgjegj\u00ebsohen p\u00ebrball\u00eb band\u00ebs q\u00eb po drejton vendin.<\/span><\/p>\n<p>&nbsp;<\/p>\n<p><span style=\"color: #000000;\">\u201c<em>Dua t\u00eb theksoj r\u00ebnd\u00ebsin\u00eb e nd\u00ebrgjegj\u00ebsimit t\u00eb drejtuesve dhe an\u00ebtar\u00ebve e simpatizant\u00ebve p\u00ebr k\u00ebt\u00eb betej\u00eb t\u00eb jasht\u00ebzakonshme q\u00eb do ta \u00e7ojm\u00eb deri n\u00eb triumfin e liris\u00eb e pluralizmit p\u00ebrball\u00eb band\u00ebs q\u00eb k\u00ebrkon t\u00eb vras\u00eb shpres\u00ebn duke shkretuar vatrat e familjeve shqiptare.<\/em><\/span><\/p>\n<p><span style=\"color: #000000;\"><em>E pat\u00eb sot si u premtua p\u00ebr her\u00eb t\u00eb 5 apo 6 ura q\u00eb do b\u00ebhet n\u00eb Bun\u00eb, por ajo q\u00eb ishte sjellja m\u00eb e pacip\u00eb, ishte ajo se Mali i Zi duhet t\u00eb paguaj\u00eb m\u00eb shum\u00eb. Ky nuk ka leje t\u00eb b\u00ebj\u00eb ura pror vet\u00ebm t\u00eb vjedh\u00eb. Ndaj k\u00ebrkon t\u00eb shkat\u00ebrroj\u00eb Parlamentin e do nd\u00ebshkohet n\u00eb m\u00ebnyr\u00ebn m\u00eb shembullore.<\/em><\/span><\/p>\n<p><span style=\"color: #000000;\"><em>Shqip\u00ebria q\u00eb dikur kishte pagat mbi mesataren e rajonit, sot \u00ebsht\u00eb p\u00ebr faqe t\u00eb zez\u00eb, arsye kjo p\u00ebr largimin masiv t\u00eb shqiptar\u00ebve<\/em><\/span><\/p>\n<p><span style=\"color: #000000;\"><em>Raporti i sot\u00ebm kur Shqip\u00ebria \u00ebsht\u00eb vendi i fundit n\u00eb rajon e kontinent p\u00ebr inovacionin, shum\u00eb vende larg Bjellorusis\u00eb s\u00eb Lukashenkos.<\/em><\/span><\/p>\n<p><span style=\"color: #000000;\"><em>Kjo \u00ebsht\u00eb sjellja armiq\u00ebsore e k\u00ebsaj bande ndaj intelektual\u00ebve, t\u00eb rinjve q\u00eb k\u00ebrkon t\u2019i thyej\u00eb\u201d,<\/em> deklaroi Meta.<\/span><\/p>\n","protected":false,"gt_translate_keys":[{"key":"rendered","format":"html"}]},"excerpt":{"rendered":"<p>Kryetari i Partis\u00eb s\u00eb Liris\u00eb Ilir Meta ka deklaruar se kryeministri Edi Rama do t\u00eb nd\u00ebshkohet n\u00eb m\u00ebnyr\u00eb shembullore. Meta e cil\u00ebsoi si t\u00eb pacip\u00eb kryeministrin Rama n\u00eb takimin e sot\u00ebm me kryeministrin e Malit t\u00eb Zi Abazovi\u00e7, kur i k\u00ebtkoi k\u00ebtij t\u00eb fundit, q\u00eb ai t\u00eb paguante m\u00eb shum\u00eb p\u00ebr ur\u00ebn mbi Bun\u00eb. Meta [&hellip;]<\/p>\n","protected":false,"gt_translate_keys":[{"key":"rendered","format":"html"}]},"author":30,"featured_media":581907,"comment_status":"closed","ping_status":"closed","sticky":false,"template":"","format":"standard","meta":{"footnotes":""},"categories":[65],"tags":[],"class_list":["post-581906","post","type-post","status-publish","format-standard","has-post-thumbnail","hentry","category-lajme"],"gt_translate_keys":[{"key":"link","format":"url"}],"_links":{"self":[{"href":"https:\/\/www.hashtag.al\/index.php\/wp-json\/wp\/v2\/posts\/581906","targetHints":{"allow":["GET"]}}],"collection":[{"href":"https:\/\/www.hashtag.al\/index.php\/wp-json\/wp\/v2\/posts"}],"about":[{"href":"https:\/\/www.hashtag.al\/index.php\/wp-json\/wp\/v2\/types\/post"}],"author":[{"embeddable":true,"href":"https:\/\/www.hashtag.al\/index.php\/wp-json\/wp\/v2\/users\/30"}],"replies":[{"embeddable":true,"href":"https:\/\/www.hashtag.al\/index.php\/wp-json\/wp\/v2\/comments?post=581906"}],"version-history":[{"count":0,"href":"https:\/\/www.hashtag.al\/index.php\/wp-json\/wp\/v2\/posts\/581906\/revisions"}],"wp:featuredmedia":[{"embeddable":true,"href":"https:\/\/www.hashtag.al\/index.php\/wp-json\/wp\/v2\/media\/581907"}],"wp:attachment":[{"href":"https:\/\/www.hashtag.al\/index.php\/wp-json\/wp\/v2\/media?parent=581906"}],"wp:term":[{"taxonomy":"category","embeddable":true,"href":"https:\/\/www.hashtag.al\/index.php\/wp-json\/wp\/v2\/categories?post=581906"},{"taxonomy":"post_tag","embeddable":true,"href":"https:\/\/www.hashtag.al\/index.php\/wp-json\/wp\/v2\/tags?post=581906"}],"curies":[{"name":"wp","href":"https:\/\/api.w.org\/{rel}","templated":true}]}}