{"id":581598,"date":"2023-02-25T20:17:59","date_gmt":"2023-02-25T19:17:59","guid":{"rendered":"https:\/\/www.hashtag.al\/?p=581598"},"modified":"2023-02-25T20:19:23","modified_gmt":"2023-02-25T19:19:23","slug":"kercenimi-ndaj-deputetit-shqiptar-ne-parlamentin-serb-balla-autoritetet-serbe-te-hetojne-cdo-perpjekje-per-intimidim","status":"publish","type":"post","link":"https:\/\/www.hashtag.al\/index.php\/2023\/02\/25\/kercenimi-ndaj-deputetit-shqiptar-ne-parlamentin-serb-balla-autoritetet-serbe-te-hetojne-cdo-perpjekje-per-intimidim\/","title":{"rendered":"K\u00ebrc\u00ebnimi ndaj deputetit shqiptar n\u00eb parlamentin serb, Balla: Autoritetet serbe t\u00eb hetojn\u00eb \u00e7do p\u00ebrpjekje p\u00ebr intimidim","gt_translate_keys":[{"key":"rendered","format":"text"}]},"content":{"rendered":"<p><span style=\"color: #000000;\"><img loading=\"lazy\" decoding=\"async\" class=\"aligncenter size-full wp-image-581599\" src=\"https:\/\/www.hashtag.al\/wp-content\/uploads\/2023\/02\/ballakamberi2.jpg\" alt=\"\" width=\"800\" height=\"536\" srcset=\"https:\/\/www.hashtag.al\/wp-content\/uploads\/2023\/02\/ballakamberi2.jpg 800w, https:\/\/www.hashtag.al\/wp-content\/uploads\/2023\/02\/ballakamberi2-300x201.jpg 300w, https:\/\/www.hashtag.al\/wp-content\/uploads\/2023\/02\/ballakamberi2-768x515.jpg 768w\" sizes=\"auto, (max-width: 800px) 100vw, 800px\" \/><\/span><\/p>\n<p><span style=\"color: #000000;\">Kreu i grupit parlamentar t\u00eb PS-s\u00eb, Taulant Balla, ka reaguar pas denoncimit t\u00eb deputetit shqiptar n\u00eb parlamentin serb Shaip Kamberi, se ishte k\u00ebrc\u00ebnuar me jet\u00eb. <\/span><\/p>\n<p><span style=\"color: #000000;\">Balla shkruan se ka pasur nj\u00eb bised\u00eb telefonike me Kamberin dhe u b\u00ebn thirrje autoriteteve serbe q\u00eb t\u00eb hetojn\u00eb \u00e7do k\u00ebrc\u00ebnim e intimidim t\u00eb p\u00ebrfaq\u00ebsuesit legjitim t\u00eb shqiptar\u00ebe t\u00eb Lugin\u00ebs s\u00eb Preshev\u00ebs.<\/span><\/p>\n<p><span style=\"color: #000000;\"><em>\u201cKam komunikuar pak minuta m\u00eb par\u00eb me deputetin Shaip Kamberi p\u00ebrfaq\u00ebsues i Lugin\u00ebs s\u00eb Preshev\u00ebs n\u00eb Parlamentin e Serbis\u00eb. I shpreha solidaritetin ton\u00eb t\u00eb plot\u00eb nd\u00ebrsa m\u00eb informoi mbi k\u00ebrc\u00ebnimet kriminale q\u00eb ai ka marr\u00eb gjat\u00eb ushtrimit t\u00eb detyr\u00ebs s\u00eb tij dhe i b\u00ebj thirrje organeve ligjzbatuese serbe t\u00eb hetojn\u00eb \u00e7do p\u00ebrpjekje dhe vep\u00ebr penale p\u00ebr intimidimin e p\u00ebrfaq\u00ebsuesit legjitim t\u00eb shqiptar\u00ebve t\u00eb Lugin\u00ebs n\u00eb legjislativin e Serbis\u00eb. K\u00ebto k\u00ebrc\u00ebnime vijn\u00eb p\u00ebr shkak t\u00eb detyr\u00ebs s\u00eb tij si deputet.<\/em><\/span><\/p>\n<p><span style=\"color: #000000;\"><em>Me k\u00ebt\u00eb rast rishpreh q\u00ebndrimin ton\u00eb n\u00eb mb\u00ebshtetje t\u00eb k\u00ebrkesave t\u00eb popullis\u00eb shqiptare t\u00eb Lugin\u00ebs s\u00eb Preshev\u00ebs p\u00ebr eleminimin e dallimeve ekonomike, sociale e politike t\u00eb cilat pengojn\u00eb pjesmarrjen efektive t\u00eb shqiptar\u00ebve n\u00eb Preshev\u00eb, Bujanovc dhe Medvegj\u00eb. \u00cbsht\u00eb shum\u00eb i r\u00ebnd\u00ebsish\u00ebm trajtimi i nevojave t\u00eb tyre nga Qeveria e Serbis\u00eb n\u00eb p\u00ebrputhje me parimet nd\u00ebrkomb\u00ebtare t\u00eb respektimit t\u00eb pakicave komb\u00ebtare. Gjat\u00eb bised\u00ebs telefonike vler\u00ebsuam intensifikimin e kontakteve p\u00ebr t\u00eb v\u00ebn\u00eb n\u00eb jet\u00eb angazhimet e nd\u00ebrmarra n\u00eb funksion t\u00eb p\u00ebrmir\u00ebsimit t\u00eb jet\u00ebs s\u00eb popullsis\u00eb shqiptare n\u00eb Lugin\u00ebn e Preshev\u00ebs.\u201d &#8211; <\/em>shkruan Balla.<\/span><\/p>\n","protected":false,"gt_translate_keys":[{"key":"rendered","format":"html"}]},"excerpt":{"rendered":"<p>Kreu i grupit parlamentar t\u00eb PS-s\u00eb, Taulant Balla, ka reaguar pas denoncimit t\u00eb deputetit shqiptar n\u00eb parlamentin serb Shaip Kamberi, se ishte k\u00ebrc\u00ebnuar me jet\u00eb. Balla shkruan se ka pasur nj\u00eb bised\u00eb telefonike me Kamberin dhe u b\u00ebn thirrje autoriteteve serbe q\u00eb t\u00eb hetojn\u00eb \u00e7do k\u00ebrc\u00ebnim e intimidim t\u00eb p\u00ebrfaq\u00ebsuesit legjitim t\u00eb shqiptar\u00ebe t\u00eb Lugin\u00ebs [&hellip;]<\/p>\n","protected":false,"gt_translate_keys":[{"key":"rendered","format":"html"}]},"author":51,"featured_media":581599,"comment_status":"closed","ping_status":"closed","sticky":false,"template":"","format":"standard","meta":{"footnotes":""},"categories":[65,13],"tags":[],"class_list":["post-581598","post","type-post","status-publish","format-standard","has-post-thumbnail","hentry","category-lajme","category-te-fundit"],"gt_translate_keys":[{"key":"link","format":"url"}],"_links":{"self":[{"href":"https:\/\/www.hashtag.al\/index.php\/wp-json\/wp\/v2\/posts\/581598","targetHints":{"allow":["GET"]}}],"collection":[{"href":"https:\/\/www.hashtag.al\/index.php\/wp-json\/wp\/v2\/posts"}],"about":[{"href":"https:\/\/www.hashtag.al\/index.php\/wp-json\/wp\/v2\/types\/post"}],"author":[{"embeddable":true,"href":"https:\/\/www.hashtag.al\/index.php\/wp-json\/wp\/v2\/users\/51"}],"replies":[{"embeddable":true,"href":"https:\/\/www.hashtag.al\/index.php\/wp-json\/wp\/v2\/comments?post=581598"}],"version-history":[{"count":0,"href":"https:\/\/www.hashtag.al\/index.php\/wp-json\/wp\/v2\/posts\/581598\/revisions"}],"wp:featuredmedia":[{"embeddable":true,"href":"https:\/\/www.hashtag.al\/index.php\/wp-json\/wp\/v2\/media\/581599"}],"wp:attachment":[{"href":"https:\/\/www.hashtag.al\/index.php\/wp-json\/wp\/v2\/media?parent=581598"}],"wp:term":[{"taxonomy":"category","embeddable":true,"href":"https:\/\/www.hashtag.al\/index.php\/wp-json\/wp\/v2\/categories?post=581598"},{"taxonomy":"post_tag","embeddable":true,"href":"https:\/\/www.hashtag.al\/index.php\/wp-json\/wp\/v2\/tags?post=581598"}],"curies":[{"name":"wp","href":"https:\/\/api.w.org\/{rel}","templated":true}]}}