{"id":581594,"date":"2023-02-25T20:09:49","date_gmt":"2023-02-25T19:09:49","guid":{"rendered":"https:\/\/www.hashtag.al\/?p=581594"},"modified":"2023-02-25T20:09:49","modified_gmt":"2023-02-25T19:09:49","slug":"kush-jane-politikanet-me-te-klikuar-edi-rama-taulant-balla-dhe-sali-berisha-kryesojne","status":"publish","type":"post","link":"https:\/\/www.hashtag.al\/index.php\/2023\/02\/25\/kush-jane-politikanet-me-te-klikuar-edi-rama-taulant-balla-dhe-sali-berisha-kryesojne\/","title":{"rendered":"Kush jan\u00eb politikan\u00ebt m\u00eb t\u00eb klikuar: Edi Rama, Taulant Balla dhe Sali Berisha kryesojn\u00eb","gt_translate_keys":[{"key":"rendered","format":"text"}]},"content":{"rendered":"<p><img loading=\"lazy\" decoding=\"async\" class=\"aligncenter size-full wp-image-581595\" src=\"https:\/\/www.hashtag.al\/wp-content\/uploads\/2023\/02\/ballaberisha.png\" alt=\"\" width=\"794\" height=\"420\" srcset=\"https:\/\/www.hashtag.al\/wp-content\/uploads\/2023\/02\/ballaberisha.png 794w, https:\/\/www.hashtag.al\/wp-content\/uploads\/2023\/02\/ballaberisha-300x159.png 300w, https:\/\/www.hashtag.al\/wp-content\/uploads\/2023\/02\/ballaberisha-768x406.png 768w\" sizes=\"auto, (max-width: 794px) 100vw, 794px\" \/><\/p>\n<p><span style=\"color: #000000;\">Rrjetet sociale jan\u00eb nj\u00eb \u201darm\u00eb\u201d e fort\u00eb, dhe si e till\u00eb t\u00eb gjith\u00eb politikan\u00ebt n\u00eb vend dhe n\u00eb bot\u00eb ia din\u00eb vlerat.<\/span><\/p>\n<p><span style=\"color: #000000;\">N\u00eb nj\u00eb raport t\u00eb dy muajve t\u00eb fundit t\u00eb \u201cTerraWorld\u201d, rezulton se politikan\u00ebt m\u00eb t\u00eb klikuar n\u00eb vend jan\u00eb kryeministri Edi Rama, kryetari i grupit parlamentar socialist, Taulant Balla dhe kryetari i Partis\u00eb Demokratike, Sali Berisha.<\/span><\/p>\n<p><span style=\"color: #000000;\">Trendi i Ram\u00ebs, Ball\u00ebs dhe Berish\u00ebs \u00ebsht\u00eb n\u00eb rritje, nd\u00ebrsa bie n\u00eb sy r\u00ebnia e trendit t\u00eb kryebashkiakut t\u00eb Tiran\u00ebs, Erion Veliaj.<\/span><\/p>\n<p><span style=\"color: #000000;\">Nj\u00eb tjet\u00ebr detaj interesant \u00ebsht\u00eb q\u00eb n\u00eb 20 vendet e para t\u00eb renditjes, ndodhen vet\u00ebm dy politikan\u00eb t\u00eb opozit\u00ebs, Sali Berisha n\u00eb vendin e tret\u00eb dhe Belind K\u00eblli\u00e7i q\u00eb renditet i 15-ti, pjesa tjet\u00ebr jan\u00eb eksponent\u00eb t\u00eb mazhoranc\u00ebs. <\/span><\/p>\n<p><span style=\"color: #000000;\">Nj\u00eb fakt ky q\u00eb tregon q\u00eb tregon ndoshta q\u00eb p[politikan\u00ebt e opozit\u00ebs nuk e kuptojn\u00eb fuqin\u00eb e rrjeteve sociale. <\/span><\/p>\n<p><span style=\"color: #000000;\">Ky fakt \u00ebsht\u00eb th\u00ebn\u00eb dhe nga Sali Berisha n\u00eb nj\u00eb mbledhje t\u00eb para ca koh\u00ebve q\u00eb iu k\u00ebrkoi demokrat\u00ebve t\u00eb ishin m\u00eb aktiv\u00eb n\u00eb rrjetet sociale.<\/span><\/p>\n<p><span style=\"color: #000000;\"><span style=\"color: #ff0000;\"><strong>VINI RE<\/strong><\/span>: Ky material \u00ebsht\u00eb pron\u00ebsi intelektuale e <span style=\"color: #0000ff;\"><a style=\"color: #0000ff;\" href=\"https:\/\/americaneye.al\/kush-jane-politikanet-me-te-klikuar-edi-rama-taulant-balla-dhe-sali-berisha-kryesojne\/\">Americaneye<\/a><\/span><\/span><\/p>\n<p><img loading=\"lazy\" decoding=\"async\" class=\"aligncenter size-full wp-image-581596\" src=\"https:\/\/www.hashtag.al\/wp-content\/uploads\/2023\/02\/Screenshot_1-6.jpg\" alt=\"\" width=\"943\" height=\"610\" srcset=\"https:\/\/www.hashtag.al\/wp-content\/uploads\/2023\/02\/Screenshot_1-6.jpg 943w, https:\/\/www.hashtag.al\/wp-content\/uploads\/2023\/02\/Screenshot_1-6-300x194.jpg 300w, https:\/\/www.hashtag.al\/wp-content\/uploads\/2023\/02\/Screenshot_1-6-768x497.jpg 768w\" sizes=\"auto, (max-width: 943px) 100vw, 943px\" \/><\/p>\n","protected":false,"gt_translate_keys":[{"key":"rendered","format":"html"}]},"excerpt":{"rendered":"<p>Rrjetet sociale jan\u00eb nj\u00eb \u201darm\u00eb\u201d e fort\u00eb, dhe si e till\u00eb t\u00eb gjith\u00eb politikan\u00ebt n\u00eb vend dhe n\u00eb bot\u00eb ia din\u00eb vlerat. N\u00eb nj\u00eb raport t\u00eb dy muajve t\u00eb fundit t\u00eb \u201cTerraWorld\u201d, rezulton se politikan\u00ebt m\u00eb t\u00eb klikuar n\u00eb vend jan\u00eb kryeministri Edi Rama, kryetari i grupit parlamentar socialist, Taulant Balla dhe kryetari i Partis\u00eb [&hellip;]<\/p>\n","protected":false,"gt_translate_keys":[{"key":"rendered","format":"html"}]},"author":51,"featured_media":581595,"comment_status":"closed","ping_status":"closed","sticky":false,"template":"","format":"standard","meta":{"footnotes":""},"categories":[65,13],"tags":[],"class_list":["post-581594","post","type-post","status-publish","format-standard","has-post-thumbnail","hentry","category-lajme","category-te-fundit"],"gt_translate_keys":[{"key":"link","format":"url"}],"_links":{"self":[{"href":"https:\/\/www.hashtag.al\/index.php\/wp-json\/wp\/v2\/posts\/581594","targetHints":{"allow":["GET"]}}],"collection":[{"href":"https:\/\/www.hashtag.al\/index.php\/wp-json\/wp\/v2\/posts"}],"about":[{"href":"https:\/\/www.hashtag.al\/index.php\/wp-json\/wp\/v2\/types\/post"}],"author":[{"embeddable":true,"href":"https:\/\/www.hashtag.al\/index.php\/wp-json\/wp\/v2\/users\/51"}],"replies":[{"embeddable":true,"href":"https:\/\/www.hashtag.al\/index.php\/wp-json\/wp\/v2\/comments?post=581594"}],"version-history":[{"count":0,"href":"https:\/\/www.hashtag.al\/index.php\/wp-json\/wp\/v2\/posts\/581594\/revisions"}],"wp:featuredmedia":[{"embeddable":true,"href":"https:\/\/www.hashtag.al\/index.php\/wp-json\/wp\/v2\/media\/581595"}],"wp:attachment":[{"href":"https:\/\/www.hashtag.al\/index.php\/wp-json\/wp\/v2\/media?parent=581594"}],"wp:term":[{"taxonomy":"category","embeddable":true,"href":"https:\/\/www.hashtag.al\/index.php\/wp-json\/wp\/v2\/categories?post=581594"},{"taxonomy":"post_tag","embeddable":true,"href":"https:\/\/www.hashtag.al\/index.php\/wp-json\/wp\/v2\/tags?post=581594"}],"curies":[{"name":"wp","href":"https:\/\/api.w.org\/{rel}","templated":true}]}}