{"id":581565,"date":"2023-02-25T18:02:48","date_gmt":"2023-02-25T17:02:48","guid":{"rendered":"https:\/\/www.hashtag.al\/?p=581565"},"modified":"2023-02-25T18:02:48","modified_gmt":"2023-02-25T17:02:48","slug":"13-viktima-nga-aksidenti-tragjik-ne-pakistan","status":"publish","type":"post","link":"https:\/\/www.hashtag.al\/index.php\/2023\/02\/25\/13-viktima-nga-aksidenti-tragjik-ne-pakistan\/","title":{"rendered":"13 viktima nga aksidenti tragjik n\u00eb Pakistan","gt_translate_keys":[{"key":"rendered","format":"text"}]},"content":{"rendered":"<p><span style=\"color: #000000;\"><img loading=\"lazy\" decoding=\"async\" class=\"aligncenter size-full wp-image-581566\" src=\"https:\/\/www.hashtag.al\/wp-content\/uploads\/2023\/02\/ezgif.com-webp-to-jpg-45.jpg\" alt=\"\" width=\"960\" height=\"540\" srcset=\"https:\/\/www.hashtag.al\/wp-content\/uploads\/2023\/02\/ezgif.com-webp-to-jpg-45.jpg 960w, https:\/\/www.hashtag.al\/wp-content\/uploads\/2023\/02\/ezgif.com-webp-to-jpg-45-300x169.jpg 300w, https:\/\/www.hashtag.al\/wp-content\/uploads\/2023\/02\/ezgif.com-webp-to-jpg-45-768x432.jpg 768w\" sizes=\"auto, (max-width: 960px) 100vw, 960px\" \/><\/span><\/p>\n<p><span style=\"color: #000000;\">T\u00eb pakt\u00ebn 13 persona jan\u00eb vrar\u00eb dhe disa t\u00eb tjer\u00eb jan\u00eb plagosur pasi nj\u00eb autobus pasagjer\u00ebsh u p\u00ebrplas me nj\u00eb furgon n\u00eb nj\u00eb autostrad\u00eb n\u00eb Pakistanin lindor, tha nj\u00eb z\u00ebdh\u00ebn\u00ebs i policis\u00eb.<\/span><\/p>\n<p><span style=\"color: #000000;\">Aksidenti ndodhi gjat\u00eb nat\u00ebs n\u00eb Rahim Yar Khan, nj\u00eb rreth n\u00eb provinc\u00ebn Punjab, tha Mohammad Awais, nj\u00eb z\u00ebdh\u00ebn\u00ebs i policis\u00eb s\u00eb qarkut t\u00eb shtun\u00ebn.<\/span><\/p>\n<p><span style=\"color: #000000;\">Ai tha se t\u00eb vdekurit dhe t\u00eb plagosurit jan\u00eb d\u00ebrguar t\u00eb gjith\u00eb n\u00eb spital. Awais nuk dha holl\u00ebsi t\u00eb m\u00ebtejshme, duke th\u00ebn\u00eb se oficer\u00ebt ishin ende duke hetuar shkakun. <\/span><\/p>\n<p><span style=\"color: #000000;\">Aksidentet e trafikut n\u00eb Pakistan n\u00eb p\u00ebrgjith\u00ebsi ndodhin p\u00ebr shkak t\u00eb shkeljeve t\u00eb rregullave t\u00eb trafikut, duke \u00e7uar n\u00eb mij\u00ebra vdekje ose l\u00ebndime \u00e7do vit. <\/span><\/p>\n<p><span style=\"color: #000000;\">Muajin e kaluar, nj\u00eb autobus u p\u00ebrplas me nj\u00eb shtyll\u00eb dhe ra nga nj\u00eb ur\u00eb, duke marr\u00eb flak\u00eb dhe duke vrar\u00eb 40 pasagjer\u00eb n\u00eb provinc\u00ebn jugore t\u00eb Lasbela.<\/span><\/p>\n","protected":false,"gt_translate_keys":[{"key":"rendered","format":"html"}]},"excerpt":{"rendered":"<p>T\u00eb pakt\u00ebn 13 persona jan\u00eb vrar\u00eb dhe disa t\u00eb tjer\u00eb jan\u00eb plagosur pasi nj\u00eb autobus pasagjer\u00ebsh u p\u00ebrplas me nj\u00eb furgon n\u00eb nj\u00eb autostrad\u00eb n\u00eb Pakistanin lindor, tha nj\u00eb z\u00ebdh\u00ebn\u00ebs i policis\u00eb. Aksidenti ndodhi gjat\u00eb nat\u00ebs n\u00eb Rahim Yar Khan, nj\u00eb rreth n\u00eb provinc\u00ebn Punjab, tha Mohammad Awais, nj\u00eb z\u00ebdh\u00ebn\u00ebs i policis\u00eb s\u00eb qarkut t\u00eb [&hellip;]<\/p>\n","protected":false,"gt_translate_keys":[{"key":"rendered","format":"html"}]},"author":51,"featured_media":581566,"comment_status":"closed","ping_status":"closed","sticky":false,"template":"","format":"standard","meta":{"footnotes":""},"categories":[6],"tags":[],"class_list":["post-581565","post","type-post","status-publish","format-standard","has-post-thumbnail","hentry","category-nderkombetare"],"gt_translate_keys":[{"key":"link","format":"url"}],"_links":{"self":[{"href":"https:\/\/www.hashtag.al\/index.php\/wp-json\/wp\/v2\/posts\/581565","targetHints":{"allow":["GET"]}}],"collection":[{"href":"https:\/\/www.hashtag.al\/index.php\/wp-json\/wp\/v2\/posts"}],"about":[{"href":"https:\/\/www.hashtag.al\/index.php\/wp-json\/wp\/v2\/types\/post"}],"author":[{"embeddable":true,"href":"https:\/\/www.hashtag.al\/index.php\/wp-json\/wp\/v2\/users\/51"}],"replies":[{"embeddable":true,"href":"https:\/\/www.hashtag.al\/index.php\/wp-json\/wp\/v2\/comments?post=581565"}],"version-history":[{"count":0,"href":"https:\/\/www.hashtag.al\/index.php\/wp-json\/wp\/v2\/posts\/581565\/revisions"}],"wp:featuredmedia":[{"embeddable":true,"href":"https:\/\/www.hashtag.al\/index.php\/wp-json\/wp\/v2\/media\/581566"}],"wp:attachment":[{"href":"https:\/\/www.hashtag.al\/index.php\/wp-json\/wp\/v2\/media?parent=581565"}],"wp:term":[{"taxonomy":"category","embeddable":true,"href":"https:\/\/www.hashtag.al\/index.php\/wp-json\/wp\/v2\/categories?post=581565"},{"taxonomy":"post_tag","embeddable":true,"href":"https:\/\/www.hashtag.al\/index.php\/wp-json\/wp\/v2\/tags?post=581565"}],"curies":[{"name":"wp","href":"https:\/\/api.w.org\/{rel}","templated":true}]}}